{"id":54490,"date":"2023-02-26T15:01:06","date_gmt":"2023-02-26T18:01:06","guid":{"rendered":"https:\/\/wiy.com.br\/noticias\/em-30-dias-numeros-da-covid-19-no-rio-oscilam-e-preocupam-especialistas\/"},"modified":"2020-07-08T15:07:34","modified_gmt":"2020-07-08T18:07:34","slug":"em-30-dias-numeros-da-covid-19-no-rio-oscilam-e-preocupam-especialistas","status":"publish","type":"post","link":"https:\/\/wiy.com.br\/noticias\/em-30-dias-numeros-da-covid-19-no-rio-oscilam-e-preocupam-especialistas\/","title":{"rendered":"Em 30 dias, n\u00fameros da covid-19 no Rio oscilam e preocupam especialistas"},"content":{"rendered":"<p> <br \/>\n<\/p>\n<p>Em pouco mais de um m\u00eas, o mapa dos principais indicadores do <strong><a href=\"https:\/\/exame.com\/noticias-sobre\/coronavirus\">coronav\u00edrus<\/a><\/strong> na cidade do <strong><a href=\"https:\/\/exame.com\/noticias-sobre\/rio-de-janeiro\/\">Rio<\/a><\/strong> revela que a pandemia est\u00e1 longe do fim. Um levantamento do GLOBO aponta que, logo depois do in\u00edcio do afrouxamento da quarentena, parte de cinco indicadores da doen\u00e7a \u2014 total de casos, \u00f3bitos, taxa de cont\u00e1gio, ocupa\u00e7\u00e3o de leitos e \u00edndice de isolamento social \u2014 desacelerou na primeira semana, voltou a subir na segunda, ficou mais est\u00e1vel na terceira e, lentamente, come\u00e7ou a cair de novo. Para os especialistas, o cen\u00e1rio de sobe e desce de casos e mortes n\u00e3o d\u00e1 garantias de tr\u00e9gua. Eles acreditam que pode acontecer outro crescimento exponencial e que, nesta hip\u00f3tese, as \u00e1reas mais atingidas seriam as favelas.<\/p>\n<p>Com a transmiss\u00e3o ainda longe de ter sido interrompida, a preocupa\u00e7\u00e3o aumenta depois de cenas como as do \u00faltimo fim de semana, de bares lotados no Leblon e na Barra da Tijuca e de festas em comunidades do sub\u00farbio. O impacto das medidas de flexibiliza\u00e7\u00e3o anunciadas pelo prefeito Marcelo Crivella vai depender dos cuidados que ser\u00e3o incorporados pela popula\u00e7\u00e3o. Nesta ter\u00e7a-feira, a taxa de isolamento em Ipanema e Leblon, por exemplo, caiu para 5,4%, embora j\u00e1 tenham girado em torno de 50%.<\/p>\n<aside>\n<div class=\"widget-news widget-box no-margin no-border\"><span class=\"widget-news-title content-box-title\">Veja tamb\u00e9m<\/span><\/p>\n<ul class=\"widget-news-list\">\n<li class=\"widget-news-item without-thumb with-border\">\n<div class=\"widget-news-info\"><a href=\"http:\/\/exame.com\/negocios\">NEG\u00d3CIOS<\/a><span class=\"widget-news-item-title\"><a href=\"https:\/\/exame.com\/negocios\/final-da-taca-rio-sem-rede-globo-levanta-debate-sobre-transmissao\/\">Final da Ta\u00e7a Rio, sem Rede Globo, levanta debate sobre transmiss\u00e3o<\/a><\/span><span class=\"widget-news-item-date\">8 jul 2020 &#8211; 06h07<\/span><\/div>\n<\/li>\n<li class=\"widget-news-item without-thumb with-border\">\n<div class=\"widget-news-info\"><a href=\"http:\/\/exame.com\/brasil\">BRASIL<\/a><span class=\"widget-news-item-title\"><a href=\"https:\/\/exame.com\/brasil\/witzel-prorroga-medidas-restritivas-no-rio-de-janeiro-ate-21-de-julho\/\">Witzel prorroga medidas restritivas no Rio de Janeiro at\u00e9 21 de julho<\/a><\/span><span class=\"widget-news-item-date\">7 jul 2020 &#8211; 11h07<\/span><\/div>\n<\/li>\n<li class=\"widget-news-item without-thumb with-border\">\n<div class=\"widget-news-info\"><a href=\"http:\/\/exame.com\/carreira\">CARREIRA<\/a><span class=\"widget-news-item-title\"><a href=\"https:\/\/exame.com\/carreira\/engenheiro-melhor-que-voce-mulher-que-ofendeu-fiscal-no-rio-e-demitida\/\">&#8220;Engenheiro, melhor que voc\u00ea&#8221;: Mulher que ofendeu fiscal no Rio \u00e9 demitida<\/a><\/span><span class=\"widget-news-item-date\">6 jul 2020 &#8211; 14h07<\/span><\/div>\n<\/li>\n<\/ul>\n<\/div>\n<\/aside>\n<p>&#8220;Nem aqui, nem na Europa ou nos pa\u00edses do Oriente tivemos imunidade de rebanho. H\u00e1 muita gente suscet\u00edvel \u00e0 doen\u00e7a. Principalmente nas regi\u00f5es mais vulner\u00e1veis, como as favelas e pres\u00eddios, que podem ter surtos localizados&#8221;, afirma o sanitarista e ge\u00f3grafo Christovam Barcellos, coordenador do Monitora Covid-19 da Fiocruz, ressaltando que um recrudescimento dos casos de Covid-19 n\u00e3o afetaria apenas essas \u00e1reas. &#8220;A capital pode ser tornar uma difusora do v\u00edrus para outros munic\u00edpios&#8221;.<\/p>\n<h3>Aglomera\u00e7\u00f5es preocupam<\/h3>\n<p>Al\u00e9m da Zona Sul, o isolamento tamb\u00e9m est\u00e1 em queda em outras \u00e1reas da cidade, o que exige ainda maior cuidado com as \u201cregras de ouro\u201d de distanciamento e higieniza\u00e7\u00e3o. De acordo com dados da empresa Cyberlabs, nest ter\u00e7a, na capital, a taxa m\u00e9dia de isolamento foi de 30% \u2014 a mais baixa j\u00e1 registrada \u2014 contra um \u00edndice de 74% h\u00e1 um m\u00eas. O total de testes positivos para o v\u00edrus, que era de 7.522 na semana de 31 de maio a 6 de junho, passou para 5.708 de 7 a 13, mas voltou a crescer para 8.718 de 14 a 20. E, mais uma vez, reduziu para 5.157 de 21 a 27 junho e 4.747 de 28 de junho a 4 deste m\u00eas. Nos mesmos per\u00edodos, as v\u00edtimas fatais foram, respectivamente, 876, 592, 798, 575 e 503.<\/p>\n<p>O infectologista Roberto Medronho, do Departamento de Medicina Preventiva da UFRJ, chama aten\u00e7\u00e3o para o momento crucial em que a popula\u00e7\u00e3o deve contribuir para evitar uma retomada do crescimento da transmiss\u00e3o da Covid-19. Ele sugere mais rigor na fiscaliza\u00e7\u00e3o por parte da Guarda Municipal e da Pol\u00edcia Militar. Essa preocupa\u00e7\u00e3o persiste sobretudo por conta da taxa de cont\u00e1gio (R), que j\u00e1 indica uma mudan\u00e7a de tend\u00eancia. Nos c\u00e1lculos da UFRJ, a taxa de cont\u00e1gio est\u00e1 hoje em 1,42 \u2014 estatisticamente, significa que uma pessoa pode infectar uma pessoa e meia. Antes da retomada de parte das atividades, o \u00edndice era de 1,03.<\/p>\n<p>&#8220;Felizmente, esse crescimento se mant\u00e9m lento, e a abertura n\u00e3o impactou at\u00e9 agora o n\u00famero de casos graves, que precisam de UTI. Mas as cenas dos \u00faltimos dias, de bares cheios, s\u00e3o disparadas as mais tensas. Fico chocado. As pessoas debochando da pandemia \u00e9 de uma falta de empatia assustadora&#8221;, diz.<\/p>\n<p>Segundo o painel da prefeitura, a boa not\u00edcia \u00e9 que, na capital, a taxa de ocupa\u00e7\u00e3o dos leitos de UTI adulta para Covid-19 do SUS vem caindo paulatinamente desde o fim de maio. A primeira semana de junho fechou em 91,6% (m\u00e9dia de sete dias). Na semana passada, encerrada em 4 de julho, caiu para 72,8%. Na rede privada, calcula a Associa\u00e7\u00e3o de Hospitais do Estado do Rio (Aherj), est\u00e1 ainda mais baixa: 53%.<\/p>\n<h3>Crescimento horizontal<\/h3>\n<p>O infectologista Celso Ramos Filho, da UFRJ e membro da Academia Brasileira de Medicina, ressalta que nem isso \u00e9 motivo para relaxar. Ele diz que a populariza\u00e7\u00e3o do uso de e m\u00e1scaras, a facilidade de acesso ao \u00e1lcool em gel e o grande n\u00famero de pessoas que seguem em<br \/>\n<em>home office <\/em><br \/>\npodem ser fatores que ajudam a frear o ritmo da contamina\u00e7\u00e3o pela doen\u00e7a, mas h\u00e1 ressalvas.<\/p>\n<p>&#8220;Podemos estar vivendo uma fase de crescimento horizontalizado da doen\u00e7a, que chamamos de fase <em>lag <\/em>(defasagem, em ingl\u00eas). Depois, pode ocorrer a fase exponencial, com multiplica\u00e7\u00e3o mais r\u00e1pida. Se isso ocorrer, para mim, n\u00e3o seria propriamente uma segunda onda, mas um primeiro ciclo que n\u00e3o foi adequadamente controlado&#8221;, observa o m\u00e9dico.<\/p>\n<p>Subsecret\u00e1rio Geral Executivo da Secretaria municipal de Sa\u00fade (SMS), Jorge Darze afirma que n\u00e3o se pode ignorar que a progress\u00e3o da retomada da economia, com mais gente nas ruas, pode ter efeito sobre a curva do coronav\u00edrus na cidade. Nessa hip\u00f3tese, n\u00e3o descarta que seja necess\u00e1rio dar um passo atr\u00e1s no afrouxamento das restri\u00e7\u00f5es:<\/p>\n<p>&#8220;Seguimos monitorando se h\u00e1 aumento da demanda de pacientes com s\u00edndrome gripal, de sepultamentos e de pessoas \u00e0 espera de UTI&#8221;.<\/p>\n<p>The post <a rel=\"nofollow\" href=\"https:\/\/exame.com\/brasil\/em-30-dias-numeros-da-covid-19-no-rio-oscilam-e-preocupam-especialistas\/\">Em 30 dias, n\u00fameros da covid-19 no Rio oscilam e preocupam especialistas<\/a> appeared first on <a rel=\"nofollow\" href=\"https:\/\/exame.com\">Exame<\/a>.<\/p>\n<p><br \/>\n<br \/><a href=\"https:\/\/exame.com\/brasil\/em-30-dias-numeros-da-covid-19-no-rio-oscilam-e-preocupam-especialistas\/\">Fonte do artigo <\/a><br \/>\nTags:<br \/>\n#politica #political #negocios #business #marketingdigital #empreendedorismo #marketing #emprendedores #empreender #sucesso #empresas #emprendimiento #emprendedor #empreendedor #emprender #dinheiro #dinero #empresario #vendas #liderazgo #motivacion #foco #motivacao #negocio #brasil<\/p>\n","protected":false},"excerpt":{"rendered":"<p>Em pouco mais de um m\u00eas, o mapa dos principais indicadores do coronav\u00edrus na cidade do Rio revela que a pandemia est\u00e1 longe do fim. Um levantamento do GLOBO aponta que, logo depois do in\u00edcio do afrouxamento da quarentena, parte de cinco indicadores da doen\u00e7a \u2014 total de casos, \u00f3bitos, taxa de cont\u00e1gio, ocupa\u00e7\u00e3o de [&hellip;]<\/p>\n","protected":false},"author":1,"featured_media":54315,"comment_status":"open","ping_status":"open","sticky":false,"template":"","format":"standard","meta":{"footnotes":""},"categories":[1],"tags":[],"class_list":["post-54490","post","type-post","status-publish","format-standard","has-post-thumbnail","hentry","category-curso-de-copy"],"_links":{"self":[{"href":"https:\/\/wiy.com.br\/noticias\/wp-json\/wp\/v2\/posts\/54490","targetHints":{"allow":["GET"]}}],"collection":[{"href":"https:\/\/wiy.com.br\/noticias\/wp-json\/wp\/v2\/posts"}],"about":[{"href":"https:\/\/wiy.com.br\/noticias\/wp-json\/wp\/v2\/types\/post"}],"author":[{"embeddable":true,"href":"https:\/\/wiy.com.br\/noticias\/wp-json\/wp\/v2\/users\/1"}],"replies":[{"embeddable":true,"href":"https:\/\/wiy.com.br\/noticias\/wp-json\/wp\/v2\/comments?post=54490"}],"version-history":[{"count":0,"href":"https:\/\/wiy.com.br\/noticias\/wp-json\/wp\/v2\/posts\/54490\/revisions"}],"wp:featuredmedia":[{"embeddable":true,"href":"https:\/\/wiy.com.br\/noticias\/wp-json\/wp\/v2\/media\/54315"}],"wp:attachment":[{"href":"https:\/\/wiy.com.br\/noticias\/wp-json\/wp\/v2\/media?parent=54490"}],"wp:term":[{"taxonomy":"category","embeddable":true,"href":"https:\/\/wiy.com.br\/noticias\/wp-json\/wp\/v2\/categories?post=54490"},{"taxonomy":"post_tag","embeddable":true,"href":"https:\/\/wiy.com.br\/noticias\/wp-json\/wp\/v2\/tags?post=54490"}],"curies":[{"name":"wp","href":"https:\/\/api.w.org\/{rel}","templated":true}]}}