{"id":54436,"date":"2023-02-26T15:06:10","date_gmt":"2023-02-26T18:06:10","guid":{"rendered":"https:\/\/wiy.com.br\/noticias\/fundador-da-ricardo-eletro-e-preso-por-sonegacao-fiscal\/"},"modified":"2020-07-08T08:58:30","modified_gmt":"2020-07-08T11:58:30","slug":"fundador-da-ricardo-eletro-e-preso-por-sonegacao-fiscal","status":"publish","type":"post","link":"https:\/\/wiy.com.br\/noticias\/fundador-da-ricardo-eletro-e-preso-por-sonegacao-fiscal\/","title":{"rendered":"Fundador da Ricardo Eletro \u00e9 preso por sonega\u00e7\u00e3o fiscal"},"content":{"rendered":"<p> <br \/>\n<\/p>\n<p><span>Uma opera\u00e7\u00e3o deflagrada na manh\u00e3 desta quarta-feira (8) pelo <a href=\"https:\/\/exame.com\/noticias-sobre\/ministerio-publico\/\"><strong>Minist\u00e9rio P\u00fablico<\/strong><\/a> de Minas Gerais (MPMG) e pela <a href=\"https:\/\/exame.com\/noticias-sobre\/receita-federal\/\"><strong>Receita<\/strong> <\/a>prendeu o empres\u00e1rio <strong>Ricardo Nunes<\/strong>, fundador e ex-principal acionista da <a href=\"https:\/\/exame.com\/noticias-sobre\/varejo\/\"><strong>rede varejista<\/strong><\/a> <strong>Ricardo Eletro<\/strong>. Segundo a GloboNews, a filha de Ricardo, Laura Nunes, e o irm\u00e3o dele, Rodrigo Nunes, foram presos na regi\u00e3o metropolitana de Belo Horizonte.<\/span><\/p>\n<p>De acordo com a emissora, a opera\u00e7\u00e3o investiga se houve <span>sonega\u00e7\u00e3o fiscal e lavagem de dinheiro.<\/span><\/p>\n<p>Chamada de &#8220;<strong>Direto com o Dono<\/strong>&#8220;, a opera\u00e7\u00e3o cumpre tr\u00eas mandados de pris\u00e3o e 14 de busca e apreens\u00e3o em diversas cidades do pa\u00eds e tamb\u00e9m mira outros empres\u00e1rios do ramo de eletrodom\u00e9sticos. De acordo com os investigadores, mais de R$ 400 milh\u00f5es foram sonegados.<\/p>\n<aside>\n<div class=\"widget-news widget-box no-margin no-border\"><span class=\"widget-news-title content-box-title\">Veja tamb\u00e9m<\/span><\/p>\n<ul class=\"widget-news-list\">\n<li class=\"widget-news-item without-thumb with-border\">\n<div class=\"widget-news-info\"><a href=\"http:\/\/exame.com\/revista-exame\">REVISTA EXAME<\/a><span class=\"widget-news-item-title\"><a href=\"https:\/\/exame.com\/revista-exame\/o-desafio-de-consertar-a-maquina\/\">O desafio de consertar a m\u00e1quina<\/a><\/span><span class=\"widget-news-item-date\">30 ago 2018 &#8211; 05h08<\/span><\/div>\n<\/li>\n<li class=\"widget-news-item without-thumb with-border\">\n<div class=\"widget-news-info\"><a href=\"http:\/\/exame.com\/negocios\">NEG\u00d3CIOS<\/a><span class=\"widget-news-item-title\"><a href=\"https:\/\/exame.com\/negocios\/ricardo-eletro-impulsiona-vendas-online-em-meio-a-pandemia-do-coronavirus\/\">Ricardo Eletro impulsiona vendas online em meio \u00e0 pandemia do coronav\u00edrus<\/a><\/span><span class=\"widget-news-item-date\">2 abr 2020 &#8211; 17h04<\/span><\/div>\n<\/li>\n<\/ul>\n<\/div>\n<\/aside>\n<p>A Ricardo Eletro \u00e9 uma das principais varejistas de m\u00f3veis e eletrodom\u00e9sticos do Brasil e \u00e9 a principal bandeira do grupo M\u00e1quina de Vendas, fundado em 2010 com fus\u00e3o da Ricardo Eletro (Sudeste), Insinuante (Nordeste), City Lar (Norte), Eletro Shopping (Nordeste) e Salfer (Sul).<\/p>\n<p>A companhia faturou 2 bilh\u00f5es de reais em 2019 e previa faturar 2,6 bilh\u00f5es em 2020, antes da pandemia. Nas \u00faltimas semanas, vinha refor\u00e7ando sua opera\u00e7\u00e3o online em meio \u00e0 pandemia do coronav\u00edrus. A companhia tem 2.400 vendedores e 300 lojas.<\/p>\n<p>A M\u00e1quina de Vendas nasceu para unir varejistas regionais e fazer frente a companhias que hoje s\u00e3o sucesso na bolsa, como Via Varejo e Magazine Luiza. Mas as sinergias esperadas n\u00e3o deram resultado e a empresa acumulou preju\u00edzos desde 2014 e, em 2018, entrou em recupera\u00e7\u00e3o extrajudicial. Em 2017, a M\u00e1quina de Vendas havia faturado 5,5 bilh\u00f5es, depois de fechar 600 pontos de venda no ano anterior.<\/p>\n<p>As d\u00edvidas somavam 2,5 bilh\u00f5es de reais. No processo, a gestora brasileira Starboard<span>\u00a0negociou um acordo para comprar 72,5% da M\u00e1quina de Vendas por 250 milh\u00f5es de reais<\/span>. Nunes era, ent\u00e3o, o maior acionista da companhia, com 55% das a\u00e7\u00f5es.<\/p>\n<p>The post <a rel=\"nofollow\" href=\"https:\/\/exame.com\/brasil\/fundador-da-ricardo-eletro-preso-sonegacao-fiscal\/\">Fundador da Ricardo Eletro \u00e9 preso por sonega\u00e7\u00e3o fiscal<\/a> appeared first on <a rel=\"nofollow\" href=\"https:\/\/exame.com\">Exame<\/a>.<\/p>\n<p><br \/>\n<br \/><a href=\"https:\/\/exame.com\/brasil\/fundador-da-ricardo-eletro-preso-sonegacao-fiscal\/\">Fonte do artigo <\/a><br \/>\nTags:<br \/>\n#politica #political #negocios #business #marketingdigital #empreendedorismo #marketing #emprendedores #empreender #sucesso #empresas #emprendimiento #emprendedor #empreendedor #emprender #dinheiro #dinero #empresario #vendas #liderazgo #motivacion #foco #motivacao #negocio #brasil<\/p>\n","protected":false},"excerpt":{"rendered":"<p>Uma opera\u00e7\u00e3o deflagrada na manh\u00e3 desta quarta-feira (8) pelo Minist\u00e9rio P\u00fablico de Minas Gerais (MPMG) e pela Receita prendeu o empres\u00e1rio Ricardo Nunes, fundador e ex-principal acionista da rede varejista Ricardo Eletro. Segundo a GloboNews, a filha de Ricardo, Laura Nunes, e o irm\u00e3o dele, Rodrigo Nunes, foram presos na regi\u00e3o metropolitana de Belo Horizonte. [&hellip;]<\/p>\n","protected":false},"author":1,"featured_media":54437,"comment_status":"open","ping_status":"open","sticky":false,"template":"","format":"standard","meta":{"footnotes":""},"categories":[1],"tags":[],"class_list":["post-54436","post","type-post","status-publish","format-standard","has-post-thumbnail","hentry","category-curso-de-copy"],"_links":{"self":[{"href":"https:\/\/wiy.com.br\/noticias\/wp-json\/wp\/v2\/posts\/54436","targetHints":{"allow":["GET"]}}],"collection":[{"href":"https:\/\/wiy.com.br\/noticias\/wp-json\/wp\/v2\/posts"}],"about":[{"href":"https:\/\/wiy.com.br\/noticias\/wp-json\/wp\/v2\/types\/post"}],"author":[{"embeddable":true,"href":"https:\/\/wiy.com.br\/noticias\/wp-json\/wp\/v2\/users\/1"}],"replies":[{"embeddable":true,"href":"https:\/\/wiy.com.br\/noticias\/wp-json\/wp\/v2\/comments?post=54436"}],"version-history":[{"count":0,"href":"https:\/\/wiy.com.br\/noticias\/wp-json\/wp\/v2\/posts\/54436\/revisions"}],"wp:featuredmedia":[{"embeddable":true,"href":"https:\/\/wiy.com.br\/noticias\/wp-json\/wp\/v2\/media\/54437"}],"wp:attachment":[{"href":"https:\/\/wiy.com.br\/noticias\/wp-json\/wp\/v2\/media?parent=54436"}],"wp:term":[{"taxonomy":"category","embeddable":true,"href":"https:\/\/wiy.com.br\/noticias\/wp-json\/wp\/v2\/categories?post=54436"},{"taxonomy":"post_tag","embeddable":true,"href":"https:\/\/wiy.com.br\/noticias\/wp-json\/wp\/v2\/tags?post=54436"}],"curies":[{"name":"wp","href":"https:\/\/api.w.org\/{rel}","templated":true}]}}