{"id":54385,"date":"2023-02-26T15:47:10","date_gmt":"2023-02-26T18:47:10","guid":{"rendered":"https:\/\/wiy.com.br\/noticias\/luciano-huck-vendeu-participacao-no-madero-por-r-100-mil\/"},"modified":"2020-07-07T02:11:10","modified_gmt":"2020-07-07T05:11:10","slug":"luciano-huck-vendeu-participacao-no-madero-por-r-100-mil","status":"publish","type":"post","link":"https:\/\/wiy.com.br\/noticias\/luciano-huck-vendeu-participacao-no-madero-por-r-100-mil\/","title":{"rendered":"Luciano Huck vendeu participa\u00e7\u00e3o no Madero por R$ 100 mil"},"content":{"rendered":"<p> <br \/>\n<\/p>\n<p><span>O apresentador<strong><a href=\"https:\/\/exame.com\/noticias-sobre\/luciano-huck\/\"> Luciano Huck<\/a><\/strong> vendeu sua participa\u00e7\u00e3o acion\u00e1ria na rede de restaurantes <strong><a href=\"https:\/\/exame.com\/noticias-sobre\/madero\/\">Madero<\/a><\/strong>, segundo confirmaram assessorias dos dois lados. A Exame apurou o valor do acordo, n\u00e3o confirmado pela companhia: 100.000 reais.<\/span><\/p>\n<p><span>Procurado pela Exame, o empres\u00e1rio J\u00fanior Durski, fundador do Madero, disse que n\u00e3o poderia comentar o neg\u00f3cio por limita\u00e7\u00e3o de contrato. E enviou uma nota. &#8220;Junior Durski e Jo\u00e1 Investimentos, sociedade controlada por Luciano Huck, comunicam ao mercado em geral que formalizaram a venda da totalidade da participa\u00e7\u00e3o societ\u00e1ria da Jo\u00e1 no Grupo Madero para Junior Durski&#8221;.<\/span><\/p>\n<aside>\n<div class=\"widget-news widget-box no-margin no-border\"><span class=\"widget-news-title content-box-title\">Veja tamb\u00e9m<\/span><\/p>\n<ul class=\"widget-news-list\">\n<li class=\"widget-news-item without-thumb with-border\">\n<div class=\"widget-news-info\"><a href=\"http:\/\/exame.com\/negocios\">NEG\u00d3CIOS<\/a><span class=\"widget-news-item-title\"><a href=\"https:\/\/exame.com\/negocios\/nunca-desmereci-o-valor-de-uma-vida-diz-dono-dos-restaurantes-madero\/\">&#8220;Nunca desmereci o valor de uma vida&#8221;, diz dono dos restaurantes Madero<\/a><\/span><span class=\"widget-news-item-date\">17 Maio 2020 &#8211; 12h05<\/span><\/div>\n<\/li>\n<\/ul>\n<\/div>\n<\/aside>\n<p><span>Segundo a EXAME apurou, Huck n\u00e3o havia feito investimento financeiro no Madero. Entrou de s\u00f3cio em troca de marketing para a companhia especializada em hamb\u00fargueres. Ele tinha uma fatia de cerca de 6% da empresa, que hoje est\u00e1 com o &#8216;valuation&#8217; nublado pelos efeitos da pandemia e por uma d\u00edvida que soma cerca de 600 milh\u00f5es de reais &#8212; os n\u00fameros n\u00e3o s\u00e3o confirmados pela companhia. <\/span><\/p>\n<p><span>Os s\u00f3cios vinham se desentendendo sobre o futuro do Madero h\u00e1 tempos, mas a rela\u00e7\u00e3o teria azedado nas \u00faltimas semanas com a postura pol\u00edtica conflitante.<\/span><\/p>\n<p><span>Huck \u00e9 um dos poss\u00edveis candidatos \u00e0 presid\u00eancia em 2022, e tem sido um cr\u00edtico frequente da postura do presidente Jair Bolsonaro. Durski \u00e9 apoiador de Bolsonaro e um cr\u00edtico ferrenho do fechamento da economia com a pandemia do novo coronav\u00edrus.<\/span><\/p>\n<p><span>Em abril, ainda no in\u00edcio da quarentena, Durski demitiu 600 funcion\u00e1rios num ato que gerou pol\u00eamica nas redes sociais. Depois, afirmou em v\u00eddeo que \u201cn\u00e3o podemos parar por conta de 5 ou 7 mil que v\u00e3o morrer\u201d.<\/span><\/p>\n<p><span>Huck comentou o epis\u00f3dio numa live com a Exame em abril, e disse que o ideal \u00e9 a preserva\u00e7\u00e3o dos empregos, mas que era o empres\u00e1rio quem tomava decis\u00f5es sobre a companhia. Ao jornal Folha de S. Paulo, Durski falou: &#8220;somos s\u00f3cios e pensamos diferente do ponto de vista pol\u00edtico&#8221;.<\/span><\/p>\n<p><span>Em maio, Durski falou a Exame num momento em que 33 de seus restaurantes j\u00e1 estavam reabertos. \u201cNunca desmereci o valor de uma vida e n\u00e3o \u00e9 o que eu acredito. O que eu quis dizer \u00e9 minha preocupa\u00e7\u00e3o como empres\u00e1rio \u00e9 tamb\u00e9m com a economia e com os milh\u00f5es de desempregos\u201d, disse.<\/span><\/p>\n<p><span>A sa\u00edda de Huck coloca ainda mais press\u00e3o num neg\u00f3cio que vinha em franca expans\u00e3o at\u00e9 2019. Em 2018, o fundo de investimentos Carlyle avaliou a companhia em 3 bilh\u00f5es de reais num aporte de 700 milh\u00f5es de reais. Ano passado, o Madero lan\u00e7ou novas marcas para acelerar sua entrada em novos nichos de mercado, como hamb\u00fargueres mais populares e steaks. E chegou at\u00e9 avaliar a compra do parque de divers\u00f5es Beto Carrero World.<\/span><\/p>\n<p><span>Agora, no p\u00f3s-pandemia, a companhia v\u00ea sua leva de desafios crescer. As novas marcas, como a Jer\u00f4nimo, ainda n\u00e3o decolaram. E as lojas do Madero, consideradas caras por executivos do setor, precisar\u00e3o se readequar a uma nova realidade.<\/span><\/p>\n<p>The post <a rel=\"nofollow\" href=\"https:\/\/exame.com\/negocios\/luciano-huck-vendeu-participacao-no-madero-por-r-100-mil\/\">Luciano Huck vendeu participa\u00e7\u00e3o no Madero por R$ 100 mil<\/a> appeared first on <a rel=\"nofollow\" href=\"https:\/\/exame.com\">Exame<\/a>.<\/p>\n<p>#noticias #economia #sustentabilidade #dinheiro #economia<br \/>\n<br \/><br \/>\n<br \/><a href=\"https:\/\/exame.com\/negocios\/luciano-huck-vendeu-participacao-no-madero-por-r-100-mil\/\">Fonte do Artigo <\/a><br \/>\nTags:<\/p>\n<p><a href=\"https:\/\/wiy.com.br\/noticias\/categoria\/curso-de-copy\/\">#noticias<\/a> <a href=\"https:\/\/wiy.com.br\/noticias\/categoria\/curso-de-copy\/\">#economia<\/a> <a href=\"https:\/\/wiy.com.br\/noticias\/categoria\/curso-de-copy\/\">#sustentabilidade<\/a> <a href=\"https:\/\/wiy.com.br\/noticias\/categoria\/curso-de-copy\/\">#dinheiro<\/a> <a href=\"https:\/\/wiy.com.br\/noticias\/categoria\/curso-de-copy\/\">#economia<\/a> <a href=\"https:\/\/wiy.com.br\/noticias\/categoria\/curso-de-copy\/\">#energialimpa<\/a> <a href=\"https:\/\/wiy.com.br\/noticias\/categoria\/curso-de-copy\/\">#brasil<\/a> <a href=\"https:\/\/wiy.com.br\/noticias\/categoria\/curso-de-copy\/\">#cursodecopy<\/a> <a href=\"https:\/\/wiy.com.br\/noticias\/categoria\/curso-de-copy\/\">#meioambiente<\/a> <a href=\"https:\/\/wiy.com.br\/noticias\/categoria\/curso-de-copy\/\">#hotmart<\/a> <a href=\"https:\/\/wiy.com.br\/noticias\/categoria\/curso-de-copy\/\">#empreendedorismo<\/a> <a href=\"https:\/\/wiy.com.br\/noticias\/categoria\/curso-de-copy\/\">#marketingdigital<\/a> <a href=\"https:\/\/wiy.com.br\/noticias\/categoria\/curso-de-copy\/\">#marketing digital<\/a> <a href=\"https:\/\/wiy.com.br\/noticias\/categoria\/curso-de-copy\/\">#politica<\/a> <a href=\"https:\/\/wiy.com.br\/noticias\/categoria\/curso-de-copy\/\">#energiasolarfotovoltaica<\/a> <a href=\"https:\/\/wiy.com.br\/noticias\/categoria\/curso-de-copy\/\">#textos que vendem<\/a> <a href=\"https:\/\/wiy.com.br\/noticias\/categoria\/curso-de-copy\/\">#copy de vendas<\/a> <a href=\"https:\/\/wiy.com.br\/noticias\/categoria\/curso-de-copy\/\">#sucesso<\/a> <a href=\"https:\/\/wiy.com.br\/noticias\/categoria\/curso-de-copy\/\">#financas<\/a> <a href=\"https:\/\/wiy.com.br\/noticias\/categoria\/curso-de-copy\/\">#investimentos<\/a> <a href=\"https:\/\/wiy.com.br\/noticias\/categoria\/curso-de-copy\/\">#criptomoeda<\/a> <a href=\"https:\/\/wiy.com.br\/noticias\/categoria\/curso-de-copy\/\">#ead<\/a> <a href=\"https:\/\/wiy.com.br\/noticias\/categoria\/curso-de-copy\/\">#copy download<\/a> <a href=\"https:\/\/wiy.com.br\/noticias\/categoria\/curso-de-copy\/\">#cursodecopypdf<\/a> <a href=\"https:\/\/wiy.com.br\/noticias\/categoria\/curso-de-copy\/\">#primeiravenda<\/a> <a href=\"https:\/\/wiy.com.br\/noticias\/categoria\/curso-de-copy\/\">#noticias24<\/a> <a href=\"https:\/\/curso-de-copy.wordseo.com.br\/\">#curso de copy<\/a> <a href=\"https:\/\/curso-de-copy.wordseo.com.br\/\">#curso para afiliados<\/a> <a href=\"https:\/\/curso-de-copy.wordseo.com.br\/\">#curso de copy online<\/a><\/p>\n","protected":false},"excerpt":{"rendered":"<p>O apresentador Luciano Huck vendeu sua participa\u00e7\u00e3o acion\u00e1ria na rede de restaurantes Madero, segundo confirmaram assessorias dos dois lados. A Exame apurou o valor do acordo, n\u00e3o confirmado pela companhia: 100.000 reais. Procurado pela Exame, o empres\u00e1rio J\u00fanior Durski, fundador do Madero, disse que n\u00e3o poderia comentar o neg\u00f3cio por limita\u00e7\u00e3o de contrato. E enviou [&hellip;]<\/p>\n","protected":false},"author":1,"featured_media":54386,"comment_status":"open","ping_status":"open","sticky":false,"template":"","format":"standard","meta":{"footnotes":""},"categories":[1,339],"tags":[],"class_list":["post-54385","post","type-post","status-publish","format-standard","has-post-thumbnail","hentry","category-curso-de-copy","category-negocios"],"_links":{"self":[{"href":"https:\/\/wiy.com.br\/noticias\/wp-json\/wp\/v2\/posts\/54385","targetHints":{"allow":["GET"]}}],"collection":[{"href":"https:\/\/wiy.com.br\/noticias\/wp-json\/wp\/v2\/posts"}],"about":[{"href":"https:\/\/wiy.com.br\/noticias\/wp-json\/wp\/v2\/types\/post"}],"author":[{"embeddable":true,"href":"https:\/\/wiy.com.br\/noticias\/wp-json\/wp\/v2\/users\/1"}],"replies":[{"embeddable":true,"href":"https:\/\/wiy.com.br\/noticias\/wp-json\/wp\/v2\/comments?post=54385"}],"version-history":[{"count":0,"href":"https:\/\/wiy.com.br\/noticias\/wp-json\/wp\/v2\/posts\/54385\/revisions"}],"wp:featuredmedia":[{"embeddable":true,"href":"https:\/\/wiy.com.br\/noticias\/wp-json\/wp\/v2\/media\/54386"}],"wp:attachment":[{"href":"https:\/\/wiy.com.br\/noticias\/wp-json\/wp\/v2\/media?parent=54385"}],"wp:term":[{"taxonomy":"category","embeddable":true,"href":"https:\/\/wiy.com.br\/noticias\/wp-json\/wp\/v2\/categories?post=54385"},{"taxonomy":"post_tag","embeddable":true,"href":"https:\/\/wiy.com.br\/noticias\/wp-json\/wp\/v2\/tags?post=54385"}],"curies":[{"name":"wp","href":"https:\/\/api.w.org\/{rel}","templated":true}]}}