{"id":54326,"date":"2023-02-26T15:27:33","date_gmt":"2023-02-26T18:27:33","guid":{"rendered":"https:\/\/wiy.com.br\/noticias\/a-paz-volta-a-reinar-entre-guedes-e-marinho\/"},"modified":"2020-07-04T23:11:13","modified_gmt":"2020-07-05T02:11:13","slug":"a-paz-volta-a-reinar-entre-guedes-e-marinho","status":"publish","type":"post","link":"https:\/\/wiy.com.br\/noticias\/a-paz-volta-a-reinar-entre-guedes-e-marinho\/","title":{"rendered":"A paz volta a reinar entre Guedes e Marinho"},"content":{"rendered":"<p> <br \/>\n<\/p>\n<div id=\"post-3520312\">\n<figure class=\"featured-media media-open\"><img title = \"[Tags]\"data-src=\"https:\/\/veja.abril.com.br\/wp-content\/uploads\/2020\/02\/rogerio-marinho-e-paulo-guedes.jpg\" class=\"abril-image optimized lazyload\" abril-data-id=\"3520312\"  data- data-pin-nopin=\"false\"alt = \"rogerio-marinho-e-paulo-guedes A paz volta a reinar entre Guedes e Marinho\"\/><figcaption class=\"caption\">\u00a0Marcelo Camargo\/<\/figcaption><\/figure>\n<section class=\"content\">\n<p>Depois de muitos atritos e declara\u00e7\u00f5es pesadas, Paulo Guedes e Rog\u00e9rio Marinho reataram o relacionamento nos bastidores do governo. At\u00e9 trocam telefonemas no meio do expediente para debater quest\u00f5es de trabalho.<\/p>\n<p>A crise entre os dois aflorou na esteira do desastrado lan\u00e7amento do Plano Pr\u00f3-Brasil \u2014 discutido na hist\u00f3rica reuni\u00e3o de 22 de abril \u2013, que iria ativar obras e colocar o Estado para gastar e ser o motor da retomada econ\u00f4mica. Guedes ficou revoltado com a jogada e culpou Marinho pelo movimento. Como nada na vida \u00e9 para sempre, a paz voltou a reinar.<\/p>\n<\/section><\/div>\n<p><br \/>\n<br \/><a href=\"https:\/\/veja.abril.com.br\/blog\/radar\/a-paz-volta-a-reinar-entre-guedes-e-marinho\/\">Fonte do Artigo<\/a><br \/>\nTags: <\/p>\n<p><a title=\"IBJE\" href=\"https:\/\/ibge.gov.br\/\">#IBJE<\/a> <a title=\"FGV\" href=\"https:\/\/portal.fgv.br\/\">#FGV<\/a> <a title=\"LOTOFACIL\" href=\"http:\/\/loterias.caixa.gov.br\/wps\/portal\/loterias\/landing\/lotofacil\/\">#LOTOFACIL<\/a> <a title=\"TINDER\" href=\"https:\/\/tinder.com\/?lang=pt-BR\">#TINDER<\/a> <a title=\"GMAILGOOGLE\" href=\"https:\/\/mail.google.com\">#GMAILGOOGLE<\/a> <a title=\"TIKTOK\" href=\"https:\/\/www.tiktok.com\/pt_BR\/\">#TIKTOK<\/a><\/p>\n","protected":false},"excerpt":{"rendered":"<p>\u00a0Marcelo Camargo\/ Depois de muitos atritos e declara\u00e7\u00f5es pesadas, Paulo Guedes e Rog\u00e9rio Marinho reataram o relacionamento nos bastidores do governo. At\u00e9 trocam telefonemas no meio do expediente para debater quest\u00f5es de trabalho. A crise entre os dois aflorou na esteira do desastrado lan\u00e7amento do Plano Pr\u00f3-Brasil \u2014 discutido na hist\u00f3rica reuni\u00e3o de 22 de [&hellip;]<\/p>\n","protected":false},"author":1,"featured_media":54327,"comment_status":"open","ping_status":"open","sticky":false,"template":"","format":"standard","meta":{"footnotes":""},"categories":[7],"tags":[],"class_list":["post-54326","post","type-post","status-publish","format-standard","has-post-thumbnail","hentry","category-economia"],"_links":{"self":[{"href":"https:\/\/wiy.com.br\/noticias\/wp-json\/wp\/v2\/posts\/54326","targetHints":{"allow":["GET"]}}],"collection":[{"href":"https:\/\/wiy.com.br\/noticias\/wp-json\/wp\/v2\/posts"}],"about":[{"href":"https:\/\/wiy.com.br\/noticias\/wp-json\/wp\/v2\/types\/post"}],"author":[{"embeddable":true,"href":"https:\/\/wiy.com.br\/noticias\/wp-json\/wp\/v2\/users\/1"}],"replies":[{"embeddable":true,"href":"https:\/\/wiy.com.br\/noticias\/wp-json\/wp\/v2\/comments?post=54326"}],"version-history":[{"count":0,"href":"https:\/\/wiy.com.br\/noticias\/wp-json\/wp\/v2\/posts\/54326\/revisions"}],"wp:featuredmedia":[{"embeddable":true,"href":"https:\/\/wiy.com.br\/noticias\/wp-json\/wp\/v2\/media\/54327"}],"wp:attachment":[{"href":"https:\/\/wiy.com.br\/noticias\/wp-json\/wp\/v2\/media?parent=54326"}],"wp:term":[{"taxonomy":"category","embeddable":true,"href":"https:\/\/wiy.com.br\/noticias\/wp-json\/wp\/v2\/categories?post=54326"},{"taxonomy":"post_tag","embeddable":true,"href":"https:\/\/wiy.com.br\/noticias\/wp-json\/wp\/v2\/tags?post=54326"}],"curies":[{"name":"wp","href":"https:\/\/api.w.org\/{rel}","templated":true}]}}