{"id":54290,"date":"2023-02-26T15:19:27","date_gmt":"2023-02-26T18:19:27","guid":{"rendered":"https:\/\/wiy.com.br\/noticias\/governo-quer-recriar-tv-brasil-internacional-para-melhorar-imagem-la-fora\/"},"modified":"2020-07-03T15:11:07","modified_gmt":"2020-07-03T18:11:07","slug":"governo-quer-recriar-tv-brasil-internacional-para-melhorar-imagem-la-fora","status":"publish","type":"post","link":"https:\/\/wiy.com.br\/noticias\/governo-quer-recriar-tv-brasil-internacional-para-melhorar-imagem-la-fora\/","title":{"rendered":"Governo quer recriar TV Brasil Internacional para melhorar imagem l\u00e1 fora"},"content":{"rendered":"<p> <br \/>\n<\/p>\n<p><span>Com a imagem do Brasil desgastada no exterior pela pol\u00edtica ambiental e por passos em falso no enfrentamento \u00e0 pandemia do coronav\u00edrus, o governo <a href=\"https:\/\/exame.com\/noticias-sobre\/jair-bolsonaro\/\"><strong>Jair Bolsonaro<\/strong><\/a> planeja recriar a <strong>TV Brasil Internacional<\/strong>. A programa\u00e7\u00e3o do <a href=\"https:\/\/exame.com\/noticias-sobre\/emissoras-de-tv\/\"><strong>canal<\/strong> <\/a>ser\u00e1 voltada para o p\u00fablico estrangeiro no momento em que o pa\u00eds enfrenta uma crise de credibilidade que ultrapassa a fronteira dom\u00e9stica.<\/span><\/p>\n<p><span>Uma das ideias do <a href=\"https:\/\/exame.com\/noticias-sobre\/ministerio-de-comunicacoes\/\"><strong>ministro das Comunica\u00e7\u00f5es<\/strong><\/a>, F\u00e1bio Faria, \u00e9 tornar dispon\u00edvel o conte\u00fado da TV Brasil Internacional pelo servi\u00e7o de streaming, para ser acessado por smartphones, tablets e televis\u00f5es ligados \u00e0 internet, al\u00e9m de usar programas j\u00e1 realizados pela Empresa Brasileira de Comunica\u00e7\u00e3o (EBC).<\/span><\/p>\n<p><span>As cr\u00edticas da imprensa e organismos estrangeiros incomodam o governo, para quem as not\u00edcias n\u00e3o correspondem \u00e0 realidade. No encontro da C\u00fapula do Mercosul, realizado ontem por videoconfer\u00eancia, Bolsonaro afirmou que buscar\u00e1 um esfor\u00e7o para &#8220;desfazer opini\u00f5es distorcidas&#8221; sobre a pol\u00edtica ambiental do Brasil no exterior.<\/span><\/p>\n<aside>\n<div class=\"widget-news widget-box no-margin no-border\"><span class=\"widget-news-title content-box-title\">Veja tamb\u00e9m<\/span><\/p>\n<ul class=\"widget-news-list\">\n<li class=\"widget-news-item without-thumb with-border\">\n<div class=\"widget-news-info\"><a href=\"http:\/\/exame.com\/economia\">ECONOMIA<\/a><span class=\"widget-news-item-title\"><a href=\"https:\/\/exame.com\/economia\/investidores-europeus-ameacam-desinvestir-no-brasil-devido-a-desmatamento\/\">Investidores europeus amea\u00e7am desinvestir no Brasil devido a desmatamento<\/a><\/span><span class=\"widget-news-item-date\">19 jun 2020 &#8211; 10h06<\/span><\/div>\n<\/li>\n<\/ul>\n<\/div>\n<\/aside>\n<p><span>A proposta de usar o streaming \u00e9 uma das alternativas para executar o projeto sem aumentar os custos para a emissora p\u00fablica. F\u00e1bio Faria se comprometeu com o presidente Bolsonaro \u2014 que diversas vezes j\u00e1 defendeu a privatiza\u00e7\u00e3o da EBC \u2014 a tornar o conglomerado de emissoras de TV, r\u00e1dio e ag\u00eancia de not\u00edcias mais eficiente. Embora a EBC esteja na lista das empresas que devem ser privatizadas, a venda n\u00e3o ocorrer\u00e1 agora porque antes ser\u00e1 necess\u00e1rio &#8220;enxugar&#8221; a companhia.<\/span><\/p>\n<p><span>A preocupa\u00e7\u00e3o do Pal\u00e1cio do Planalto com o impacto das turbul\u00eancias no exterior tem aumentado por motivos bem pragm\u00e1ticos. Recentemente, por exemplo, um grupo de 29 institui\u00e7\u00f5es financeiras internacionais fez um alerta ao governo brasileiro sobre os riscos de sa\u00edda dos investimentos do pa\u00eds, ap\u00f3s a constata\u00e7\u00e3o de falhas no combate ao desmatamento. Com fundos de aproximadamente 3,7 trilh\u00f5es de d\u00f3lares, o grupo exigiu que o Brasil barrasse o desmatamento, que assume propor\u00e7\u00f5es cada vez maiores.<\/span><\/p>\n<h3><span>Resposta<\/span><\/h3>\n<p><span>O governo prepara agora uma <a href=\"https:\/\/exame.com\/economia\/pressionado-governo-tenta-explicar-desmatamento-a-investidor-estrangeiro\/\">resposta direta aos bancos<\/a>, como mostrou o <em>Estad\u00e3o<\/em>, detalhando dados das \u00e1reas do Meio Ambiente, Agricultura, Defesa, Justi\u00e7a e Itamaraty. Sob press\u00e3o, o Pal\u00e1cio do Planalto tamb\u00e9m pediu ao chanceler Ernesto Ara\u00fajo uma presta\u00e7\u00e3o de contas da pol\u00edtica externa brasileira, com relat\u00f3rio de gest\u00e3o de todas as representa\u00e7\u00f5es diplom\u00e1ticas.<\/span><\/p>\n<p><span>Ara\u00fajo e o titular do Meio Ambiente, Ricardo Salles, est\u00e3o no centro de um tiroteio que envolve a imagem do Brasil no exterior. Os dois ministros s\u00e3o considerados problem\u00e1ticos por integrantes do pr\u00f3prio governo e Bolsonaro tem sido aconselhado a substitu\u00ed-los, como revelou o <em>Estad\u00e3o<\/em>.<\/span><\/p>\n<p><span>Na outra ponta, o enfrentamento da pandemia do coronav\u00edrus tamb\u00e9m p\u00f4s o Brasil no rumo das cr\u00edticas estrangeiras. Com mais de 61.000 mortes e quase 1,5 milh\u00e3o de casos confirmados, o pa\u00eds teve dois titulares da Sa\u00fade demitidos durante a crise e a pasta continua sob comando de um ministro interino, o general Eduardo Pazuello.<\/span><\/p>\n<p><span>A alta comiss\u00e1ria das Na\u00e7\u00f5es Unidas (ONU) para Direitos Humanos, Michelle Bachelet, criticou o Brasil e outros pa\u00edses que negam o cont\u00e1gio viral, na \u00faltima ter\u00e7a-feira, sob o argumento de que isso pode ampliar a crise sanit\u00e1ria.<\/span><\/p>\n<p><span>O jornal americano <em>The New York Times<\/em>, por sua vez, dedicou seu podcast de ontem \u00e0 discuss\u00e3o sobre o que deu errado na condu\u00e7\u00e3o da pandemia no Brasil, o segundo pa\u00eds em n\u00famero de mortes e casos, ficando atr\u00e1s apenas dos Estados Unidos. As informa\u00e7\u00f5es s\u00e3o do jornal <em>O Estado de S. Paulo<\/em>.<\/span><\/p>\n<p>The post <a rel=\"nofollow\" href=\"https:\/\/exame.com\/brasil\/governo-quer-recriar-tv-brasil-internacional-para-melhorar-imagem-la-fora\/\">Governo quer recriar TV Brasil Internacional para melhorar imagem l\u00e1 fora<\/a> appeared first on <a rel=\"nofollow\" href=\"https:\/\/exame.com\">Exame<\/a>.<\/p>\n<p><br \/>\n<br \/><a href=\"https:\/\/exame.com\/brasil\/governo-quer-recriar-tv-brasil-internacional-para-melhorar-imagem-la-fora\/\">Fonte do artigo <\/a><br \/>\nTags:<br \/>\n#politica #political #negocios #business #marketingdigital #empreendedorismo #marketing #emprendedores #empreender #sucesso #empresas #emprendimiento #emprendedor #empreendedor #emprender #dinheiro #dinero #empresario #vendas #liderazgo #motivacion #foco #motivacao #negocio #brasil<\/p>\n","protected":false},"excerpt":{"rendered":"<p>Com a imagem do Brasil desgastada no exterior pela pol\u00edtica ambiental e por passos em falso no enfrentamento \u00e0 pandemia do coronav\u00edrus, o governo Jair Bolsonaro planeja recriar a TV Brasil Internacional. A programa\u00e7\u00e3o do canal ser\u00e1 voltada para o p\u00fablico estrangeiro no momento em que o pa\u00eds enfrenta uma crise de credibilidade que ultrapassa [&hellip;]<\/p>\n","protected":false},"author":1,"featured_media":54291,"comment_status":"open","ping_status":"open","sticky":false,"template":"","format":"standard","meta":{"footnotes":""},"categories":[1],"tags":[],"class_list":["post-54290","post","type-post","status-publish","format-standard","has-post-thumbnail","hentry","category-curso-de-copy"],"_links":{"self":[{"href":"https:\/\/wiy.com.br\/noticias\/wp-json\/wp\/v2\/posts\/54290","targetHints":{"allow":["GET"]}}],"collection":[{"href":"https:\/\/wiy.com.br\/noticias\/wp-json\/wp\/v2\/posts"}],"about":[{"href":"https:\/\/wiy.com.br\/noticias\/wp-json\/wp\/v2\/types\/post"}],"author":[{"embeddable":true,"href":"https:\/\/wiy.com.br\/noticias\/wp-json\/wp\/v2\/users\/1"}],"replies":[{"embeddable":true,"href":"https:\/\/wiy.com.br\/noticias\/wp-json\/wp\/v2\/comments?post=54290"}],"version-history":[{"count":0,"href":"https:\/\/wiy.com.br\/noticias\/wp-json\/wp\/v2\/posts\/54290\/revisions"}],"wp:featuredmedia":[{"embeddable":true,"href":"https:\/\/wiy.com.br\/noticias\/wp-json\/wp\/v2\/media\/54291"}],"wp:attachment":[{"href":"https:\/\/wiy.com.br\/noticias\/wp-json\/wp\/v2\/media?parent=54290"}],"wp:term":[{"taxonomy":"category","embeddable":true,"href":"https:\/\/wiy.com.br\/noticias\/wp-json\/wp\/v2\/categories?post=54290"},{"taxonomy":"post_tag","embeddable":true,"href":"https:\/\/wiy.com.br\/noticias\/wp-json\/wp\/v2\/tags?post=54290"}],"curies":[{"name":"wp","href":"https:\/\/api.w.org\/{rel}","templated":true}]}}