{"id":54274,"date":"2023-02-26T15:51:35","date_gmt":"2023-02-26T18:51:35","guid":{"rendered":"https:\/\/wiy.com.br\/noticias\/enem-deveria-ser-transferido-para-o-meio-do-ano-que-vem-diz-schneider\/"},"modified":"2020-07-03T07:32:31","modified_gmt":"2020-07-03T10:32:31","slug":"enem-deveria-ser-transferido-para-o-meio-do-ano-que-vem-diz-schneider","status":"publish","type":"post","link":"https:\/\/wiy.com.br\/noticias\/enem-deveria-ser-transferido-para-o-meio-do-ano-que-vem-diz-schneider\/","title":{"rendered":"\u201cEnem deveria ser transferido para o meio do ano que vem\u201d, diz Schneider"},"content":{"rendered":"<p> <br \/>\n<\/p>\n<p><strong>Como as escolas de Nova York t\u00eam lidado com o coronav\u00edrus?<\/strong><\/p>\n<p>A pandemia chegou aqui com dois ter\u00e7os do ano letivo cumpridos (<em>o calend\u00e1rio vai de setembro a junho<\/em>). O \u00faltimo ter\u00e7o foi de maneira remota, tanto nas escolas particulares quanto nas p\u00fablicas. Agora est\u00e3o todos de f\u00e9rias, mas a retomada das escolas, a princ\u00edpio marcada para o m\u00eas de setembro, ainda \u00e9 incerta. H\u00e1 universidades dizendo que s\u00f3 voltar\u00e3o a ter aulas presenciais em janeiro do ano que vem.<\/p>\n<p><strong>Assim como S\u00e3o Paulo, Nova York \u00e9 uma cidade desigual. Qual o impacto disso na educa\u00e7\u00e3o p\u00fablica durante a quarentena?<\/strong><\/p>\n<p>A prefeitura de Nova York entregou 300 000 tablets com internet para os alunos que n\u00e3o dispunham de equipamentos em casa. Fizeram censo muito r\u00e1pido e mapearam os que n\u00e3o tinham acesso. A rede municipal aqui tem 1,1 milh\u00e3o de alunos, praticamente o mesmo n\u00famero da paulistana.<\/p>\n<p><strong>A diferen\u00e7a de aprendizado entre estudantes pobres e ricos no Brasil pode ganhar novos degraus por causa da pandemia?<\/strong><\/p>\n<div class=\"ads post-ads\"><span class=\"title\">Continua ap\u00f3s a publicidade<\/span><\/p>\n<div id=\"abrAD_rectangle2\" class=\"abrAD\" data-ad-><\/div>\n<\/div>\n<p>Sem d\u00favida alguma. No Brasil, h\u00e1 muita gente que n\u00e3o tem sequer equipamento suficiente nem lugar adequado para estudar. H\u00e1 fam\u00edlias de cinco pessoas morando em um, dois c\u00f4modos. Das cinco, duas ou tr\u00eas s\u00e3o crian\u00e7as. Como acompanhar o aprendizado dessas pessoas nessas condi\u00e7\u00f5es?<\/p>\n<p><strong>Repetir todo mundo ou aprovar todos seriam duas possibilidades? <\/strong><\/p>\n<p>As duas alternativas s\u00e3o ruins e penalizam os mais pobres duas vezes. O ideal seria flexibilizar o curr\u00edculo e entender este e o pr\u00f3ximo ciclos como um s\u00f3. O que n\u00e3o for poss\u00edvel ensinar nesses meses, por causa da aus\u00eancia de aulas, poderia ser distribu\u00eddo ao longo do ano que vem. Outros pa\u00edses est\u00e3o fazendo isso. Qualquer alternativa diferente vai provocar uma barb\u00e1rie educacional.<\/p>\n<p><strong>+<a href=\"https:\/\/abr.ai\/assine-vejasp\" target=\"_blank\" data-saferedirecturl=\"https:\/\/www.google.com\/url?q=https:\/\/abr.ai\/assine-vejasp&amp;source=gmail&amp;ust=1593152572023000&amp;usg=AFQjCNGW7k1LdRfZbSPTigRVEkA_lYWwbg\" rel=\"noopener noreferrer\">Assine a Vejinha a partir de 6,90<\/a><\/strong><\/p>\n<p><strong>E o ensino em tempo integral na retomada das aulas poderia ser uma sa\u00edda para suprir o tempo perdido?<\/strong><\/p>\n<div class=\"ads post-ads\"><span class=\"title\">Continua ap\u00f3s a publicidade<\/span><\/p>\n<div id=\"abrAD_rectangle3\" class=\"abrAD\" data-ad-><\/div>\n<\/div>\n<p>O ensino integral depende de espa\u00e7o. Mais escolas teriam de ser constru\u00eddas. E tamb\u00e9m h\u00e1 uma quest\u00e3o de investimento, n\u00e3o sei se estados e munic\u00edpios disp\u00f5em de condi\u00e7\u00f5es no momento. Mas \u00e9 poss\u00edvel reduzir as desigualdades procurando apoiar quem mais precisa, a partir da pr\u00f3pria avalia\u00e7\u00e3o do professor, estruturando refor\u00e7os, acompanhando a aprendizagem e, eventualmente, at\u00e9 com um programa que promova a conectividade das pessoas, n\u00e3o s\u00f3 das escolas.<\/p>\n<p><strong>Na pr\u00e1tica seria levar internet junto com a luz?<\/strong><\/p>\n<p>Isso. N\u00e3o \u00e9 uma quest\u00e3o simples nem barata. Mas o Brasil precisa come\u00e7ar a pensar em garantir que as pessoas tenham conex\u00e3o com a internet. Ali\u00e1s, isso deveria ser um direito e poderia ser um programa p\u00fablico. \u00c9 caro, mas est\u00e1 na hora de come\u00e7ar.<\/p>\n<p><strong>Como dever\u00e1 ser o retorno de alunos e professores aqui?<\/strong><\/p>\n<p>A principal pol\u00edtica deve ser de acolhimento de todos. A pandemia, com isolamento, cria uma s\u00e9rie de problemas mentais. Antes de come\u00e7arem com a recupera\u00e7\u00e3o da aprendizagem, as escolas precisam construir um plano para que todos possam se conectar novamente e reconstruir la\u00e7os de afeto. Ningu\u00e9m aprende ou ensina com a cabe\u00e7a ruim.<\/p>\n<div class=\"ads post-ads\"><span class=\"title\">Continua ap\u00f3s a publicidade<\/span><\/p>\n<div id=\"abrAD_rectangle4\" class=\"abrAD\" data-ad-><\/div>\n<\/div>\n<p><strong>Os professores sair\u00e3o mais valorizados desta pandemia?<\/strong><\/p>\n<p>Vai ser importante a retomada do respeito pela profiss\u00e3o, da autoridade do professor na sala. Obviamente, quando os pais participam, a escola fica melhor. Mas a participa\u00e7\u00e3o deles tem de ser na melhora no coletivo. Mas muitos atravessam a fronteira e entendem que eles t\u00eam de dizer como o professor deve exercer seu of\u00edcio. Ou, o mais grave, entendem que o professor n\u00e3o tem direito de chamar a aten\u00e7\u00e3o de um estudante. Talvez este seja um bom momento de reflex\u00e3o. Estamos vendo com nossos filhos como \u00e9 dif\u00edcil coloc\u00e1-los na frente de um computador ou tablet.<\/p>\n<p><strong>+<a href=\"https:\/\/abr.ai\/assine-vejasp\" target=\"_blank\" data-saferedirecturl=\"https:\/\/www.google.com\/url?q=https:\/\/abr.ai\/assine-vejasp&amp;source=gmail&amp;ust=1593152572023000&amp;usg=AFQjCNGW7k1LdRfZbSPTigRVEkA_lYWwbg\" rel=\"noopener noreferrer\">Assine a Vejinha a partir de 6,90<\/a><\/strong><\/p>\n<blockquote class=\"quote-box  with-author\">\n<p>\u201cA quarentena \u00e9 um per\u00edodo curto diante da vida escolar de crian\u00e7as e adolescentes. Se o trabalho for benfeito, a pandemia passa e eles n\u00e3o ter\u00e3o perdas ao longo da vida\u201d<\/p>\n<div class=\"item-share-list\">\n        <a href=\"\/\/vejasp.abril.com.br\/cidades\/enem-deveria-ser-transferido-para-o-meio-do-ano-que-vem-diz-schneider\/ via VEJA S\u00c3O PAULO\" data-action=\"share\/whatsapp\/share\" class=\"item-share-list-link item-whatsapp hidden-md hidden-lg\"><i class=\"icon-whatsapp\"><\/i><\/a><br \/>\n        <a href=\"https:\/\/facebook.com\/sharer\/sharer.php?u=https:\/\/vejasp.abril.com.br\/cidades\/enem-deveria-ser-transferido-para-o-meio-do-ano-que-vem-diz-schneider\/\" target=\"_blank\" class=\"item-share-list-link item-facebook\" rel=\"noopener noreferrer\"><i class=\"icon-facebook\"><\/i><\/a><br \/>\n        <a href=\"https:\/\/twitter.com\/intent\/tweet?url=https:\/\/vejasp.abril.com.br\/cidades\/enem-deveria-ser-transferido-para-o-meio-do-ano-que-vem-diz-schneider\/&amp;text=%E2%80%9CA%20quarentena%20%C3%A9%20um%20per%C3%ADodo%20curto%20diante%20da%20vida%20escolar%20de%20crian%C3%A7as%20e%20adolescentes.%20Se%20o%20trabalho%20for%20benfeito%2C%20a%20pandemia%20passa%20e%20eles%20n%C3%A3o%20ter%C3%A3o%20perdas%20ao%20longo%20da%20vida%E2%80%9D&amp;via=http:\/\/VejaSP\" target=\"_blank\" class=\"item-share-list-link item-twitter\" rel=\"noopener noreferrer\"><i class=\"icon-twitter\"><\/i><\/a><br \/>\n        <a href=\"mailto:?subject=%E2%80%9CA%20quarentena%20%C3%A9%20um%20per%C3%ADodo%20curto%20diante%20da%20vida%20escolar%20de%20crian%C3%A7as%20e%20adolescentes.%20Se%20o%20trabalho%20for%20benfeito%2C%20a%20pandemia%20passa%20e%20eles%20n%C3%A3o%20ter%C3%A3o%20perdas%20ao%20longo%20da%20vida%E2%80%9D&amp;body=%25E2%2580%259CA%2520quarentena%2520%25C3%25A9%2520um%2520per%25C3%25ADodo%2520curto%2520diante%2520da%2520vida%2520escolar%2520de%2520crian%25C3%25A7as%2520e%2520adolescentes.%2520Se%2520o%2520trabalho%2520for%2520benfeito%252C%2520a%2520pandemia%2520passa%2520e%2520eles%2520n%25C3%25A3o%2520ter%25C3%25A3o%2520perdas%2520ao%2520longo%2520da%2520vida%25E2%2580%259D%20https%3A%2F%2Fvejasp.abril.com.br%2Fcidades%2Fenem-deveria-ser-transferido-para-o-meio-do-ano-que-vem-diz-schneider%2F%20via%20VEJA%20S%C3%83O%20PAULO\" class=\"item-share-list-link item-email hidden-xs hidden-sm\"><i class=\"icon-envelope-o\"><\/i><\/a>\n      <\/div>\n<\/blockquote>\n<p><strong>Este per\u00edodo de quarentena vai fazer falta no total dos anos escolares dos nossos alunos?<\/strong><\/p>\n<p>Estamos falando de um per\u00edodo curto diante da vida escolar de crian\u00e7as e de adolescentes. Mas, como eu disse, o desafio n\u00e3o ser\u00e1 pequeno, principalmente com os mais vulner\u00e1veis. Se o trabalho for benfeito, a pandemia passa e as crian\u00e7as n\u00e3o ter\u00e3o perdas ao longo da vida.<\/p>\n<div class=\"ads post-ads\"><span class=\"title\">Continua ap\u00f3s a publicidade<\/span><\/p>\n<div id=\"abrAD_rectangle5\" class=\"abrAD\" data-ad-><\/div>\n<\/div>\n<p><strong> Mas para quem vai prestar o vestibular ou o Enem as perdas j\u00e1 est\u00e3o aparecendo. <\/strong><\/p>\n<p>O Minist\u00e9rio da Educa\u00e7\u00e3o deveria transferir a prova do Enem para meados do ano que vem. Deveria tamb\u00e9m fazer acordo com universidades para os alunos que entrarem no 1\u00ba ano come\u00e7arem logo depois da prova. Ou seja, atrasar a entrada do 1\u00ba semestre. E nesse per\u00edodo os secret\u00e1rios estaduais e municipais, a quem est\u00e1 vinculado o ensino m\u00e9dio, e mesmo as escolas particulares, podem fazer um refor\u00e7o. Vamos ver como o pr\u00f3ximo ministro vai se sair (<em>Carlos Alberto Decotelli pediu demiss\u00e3o na ter\u00e7a 30<\/em>).<\/p>\n<p><strong>Como o senhor avalia a pol\u00edtica educacional do governo federal?<\/strong><\/p>\n<p>Infelizmente eles patinaram nesse per\u00edodo todo de governo, olhando mais para quest\u00f5es ideol\u00f3gicas do que para a educa\u00e7\u00e3o em si. \u00c9 importante que o ministro da Educa\u00e7\u00e3o, seja ele quem for, tenha uma conduta diametralmente oposta \u00e0 dos anteriores. A educa\u00e7\u00e3o no Brasil andou para tr\u00e1s.<\/p>\n<p><strong>O que o senhor foi estudar nos Estados Unidos?<\/strong><\/p>\n<div class=\"ads post-ads\"><span class=\"title\">Continua ap\u00f3s a publicidade<\/span><\/p>\n<div id=\"abrAD_rectangle6\" class=\"abrAD\" data-ad-><\/div>\n<\/div>\n<p>Vim fazer duas pesquisas na \u00e1rea de primeira inf\u00e2ncia na Universidade Columbia, onde atuo como professor-adjunto. Uma delas \u00e9 sobre o impacto do n\u00e3o acesso \u00e0 creche no emprego das mulheres. A outra \u00e9 sobre desempenho escolar. Mas vou embora no meio de julho. Em agosto eu assumo o Instituto Singularidades, que atua na forma\u00e7\u00e3o de professores.<\/p>\n<p><strong>Vida p\u00fablica nunca mais?<\/strong><\/p>\n<p>Escolhi seguir carreira fora da \u00e1rea p\u00fablica. Por isso considero minha desfilia\u00e7\u00e3o ao PSD (<em>quando saiu da prefeitura, em janeiro de 2019<\/em>) uma quest\u00e3o importante.<\/p>\n<p><strong>+<a href=\"https:\/\/abr.ai\/assine-vejasp\" target=\"_blank\" data-saferedirecturl=\"https:\/\/www.google.com\/url?q=https:\/\/abr.ai\/assine-vejasp&amp;source=gmail&amp;ust=1593152572023000&amp;usg=AFQjCNGW7k1LdRfZbSPTigRVEkA_lYWwbg\" rel=\"noopener noreferrer\">Assine a Vejinha a partir de 6,90<\/a><\/strong><\/p>\n<p><b><span>Publicado<\/span>\u00a0em\u00a0<span>VEJA<\/span><span>\u00a0<\/span>S\u00c3O PAULO de 8 de julho de 2020, edi\u00e7\u00e3o n\u00ba 2694.<\/b><span>\u00a0\u00a0<\/span><\/p>\n<p><script async src=\"http:\/\/platform.twitter.com\/widgets.js\" charset=\"utf-8\"><\/script><br \/>\n<br \/><br \/>\n<br \/><a href=\"https:\/\/vejasp.abril.com.br\/cidades\/enem-deveria-ser-transferido-para-o-meio-do-ano-que-vem-diz-schneider\/\">Fonte do Artigo <\/a><br \/>\nTags:<br \/>\n#loterias #loteriascaixa #megasena #resultadoapostas#noticias #noticiario  #noticia #brasil #noticiascolombia #mundo #esporte #colombia #noticiadeld #ltimasnoticias  #noticiario #noticiasregionales #noticiasdepartamentales #noticiashoy #esportes #noticiaahora #elinformantenoticias #noticiasdeboyac  #esporteinterativo #esportivo #diariodosesportes  #noticiero  #jogodefutebol #jogos #loto #apostas<\/p>\n","protected":false},"excerpt":{"rendered":"<p>Como as escolas de Nova York t\u00eam lidado com o coronav\u00edrus? A pandemia chegou aqui com dois ter\u00e7os do ano letivo cumpridos (o calend\u00e1rio vai de setembro a junho). O \u00faltimo ter\u00e7o foi de maneira remota, tanto nas escolas particulares quanto nas p\u00fablicas. Agora est\u00e3o todos de f\u00e9rias, mas a retomada das escolas, a princ\u00edpio [&hellip;]<\/p>\n","protected":false},"author":1,"featured_media":54275,"comment_status":"open","ping_status":"open","sticky":false,"template":"","format":"standard","meta":{"footnotes":""},"categories":[1],"tags":[],"class_list":["post-54274","post","type-post","status-publish","format-standard","has-post-thumbnail","hentry","category-curso-de-copy"],"_links":{"self":[{"href":"https:\/\/wiy.com.br\/noticias\/wp-json\/wp\/v2\/posts\/54274","targetHints":{"allow":["GET"]}}],"collection":[{"href":"https:\/\/wiy.com.br\/noticias\/wp-json\/wp\/v2\/posts"}],"about":[{"href":"https:\/\/wiy.com.br\/noticias\/wp-json\/wp\/v2\/types\/post"}],"author":[{"embeddable":true,"href":"https:\/\/wiy.com.br\/noticias\/wp-json\/wp\/v2\/users\/1"}],"replies":[{"embeddable":true,"href":"https:\/\/wiy.com.br\/noticias\/wp-json\/wp\/v2\/comments?post=54274"}],"version-history":[{"count":0,"href":"https:\/\/wiy.com.br\/noticias\/wp-json\/wp\/v2\/posts\/54274\/revisions"}],"wp:featuredmedia":[{"embeddable":true,"href":"https:\/\/wiy.com.br\/noticias\/wp-json\/wp\/v2\/media\/54275"}],"wp:attachment":[{"href":"https:\/\/wiy.com.br\/noticias\/wp-json\/wp\/v2\/media?parent=54274"}],"wp:term":[{"taxonomy":"category","embeddable":true,"href":"https:\/\/wiy.com.br\/noticias\/wp-json\/wp\/v2\/categories?post=54274"},{"taxonomy":"post_tag","embeddable":true,"href":"https:\/\/wiy.com.br\/noticias\/wp-json\/wp\/v2\/tags?post=54274"}],"curies":[{"name":"wp","href":"https:\/\/api.w.org\/{rel}","templated":true}]}}