{"id":54245,"date":"2023-02-26T15:10:41","date_gmt":"2023-02-26T18:10:41","guid":{"rendered":"https:\/\/wiy.com.br\/noticias\/bolsonaro-deve-escolher-como-ira-depor-sobre-interferencia-na-pf-diz-pgr\/"},"modified":"2020-07-03T00:22:55","modified_gmt":"2020-07-03T03:22:55","slug":"bolsonaro-deve-escolher-como-ira-depor-sobre-interferencia-na-pf-diz-pgr","status":"publish","type":"post","link":"https:\/\/wiy.com.br\/noticias\/bolsonaro-deve-escolher-como-ira-depor-sobre-interferencia-na-pf-diz-pgr\/","title":{"rendered":"Bolsonaro deve escolher como ir\u00e1 depor sobre interfer\u00eancia na PF, diz PGR"},"content":{"rendered":"<p> <br \/>\n<\/p>\n<p>O procurador-geral da Rep\u00fablica, <strong><a href=\"https:\/\/exame.com\/noticias-sobre\/augusto-aras\">Augusto Aras<\/a><\/strong>, enviou nesta quinta-feira ao <strong><a href=\"https:\/\/exame.com\/noticias-sobre\/stf\">Supremo Tribunal Federal<\/a> <\/strong>(STF) um parecer recomendando que o presidente <strong><a href=\"https:\/\/exame.com\/noticias-sobre\/jair-bolsonaro\">Jair Bolsonaro<\/a><\/strong> preste depoimento \u00e0 Pol\u00edcia Federal, desde que possa escolher se responder\u00e1 \u00e0s perguntas por escrito ou pessoalmente. Se a op\u00e7\u00e3o for a segunda, caberia ao presidente escolher hor\u00e1rio e local. Bolsonaro tamb\u00e9m teria o direito de permanecer em sil\u00eancio diante das pesquisas dos investigadores.<\/p>\n<p>O parecer foi pedido pelo ministro Celso de Mello, relator do inqu\u00e9rito que apura se Bolsonaro interferiu indevidamente nas atividades da PF. Caber\u00e1 ao ministro decidir se e como Bolsonaro prestar\u00e1 o depoimento. Como o tribunal entrou em recesso nesta quinta-feira, o ministro s\u00f3 dever\u00e1 tomar essa decis\u00e3o a partir de agosto, quando as atividades forem retomadas.<\/p>\n<p>O pedido para ouvir Bolsonaro nas investiga\u00e7\u00f5es foi feito pela PF. O inqu\u00e9rito foi aberto a partir de acusa\u00e7\u00f5es do ex-ministro da Justi\u00e7a, Sergio Moro. Quando anunciou sua demiss\u00e3o do cargo, Moro disse que Bolsonaro tentou interferir na PF ao demitir o diretor-geral da corpora\u00e7\u00e3o ao cobrar a troca no comando da Superintend\u00eancia no Rio de Janeiro.<\/p>\n<p>Embora n\u00e3o exista regra jur\u00eddica para oitava quando o presidente da Rep\u00fablica \u00e9 investigado, Aras seguiu jurisprud\u00eancia recente do STF. Em outubro de 2017, o ministro Lu\u00eds Roberto Barroso, do STF, autorizou a PF a tomar o depoimento do ent\u00e3o presidente Michel Temer. Pela decis\u00e3o, Temer deveria responder \u00e0s quest\u00f5es dos investigadores no prazo de 24 horas. Temer foi investigado no STF a partir da dela\u00e7\u00e3o dos executivos da JBS.<\/p>\n<p>Segundo o C\u00f3digo de Processo Penal, algumas autoridades, se forem testemunhas, podem prestar depoimento por escrito, al\u00e9m de terem a prerrogativa de marcar data, hora e local quando o depoimento for f\u00edsico. Entre essas autoridades est\u00e1 o presidente da Rep\u00fablica. No entanto, n\u00e3o h\u00e1 regra espec\u00edfica sobre o depoimento dessas autoridades quando elas s\u00e3o investigadas.<\/p>\n<p>\u201cInexiste expressa previs\u00e3o legal para as hip\u00f3teses em que tais autoridades devam ser ouvidas na qualidade de investigados no curso do inqu\u00e9rito. N\u00e3o obstante, dada a estatura constitucional da Presid\u00eancia da Rep\u00fablica e a envergadura das relevantes atribui\u00e7\u00f5es atinentes ao cargo, h\u00e1 de ser aplicada a mesma regra em qualquer fase da investiga\u00e7\u00e3o ou do processo penal\u201d, escreveu Aras.<\/p>\n<p>Em decis\u00e3o recente, Celso de Mello afirmou que os direitos de prestar depoimento por escrito e de escolher data e local \u201cn\u00e3o se estendem nem ao investigado.\u201d Segundo o ministro, pessoas nessa situa\u00e7\u00e3o devem comparecer perante a autoridade competente em dia hora e local designados pelos investigadores, mesmo se forem autoridades.<\/p>\n<p>The post <a rel=\"nofollow\" href=\"https:\/\/exame.com\/brasil\/bolsonaro-deve-escolher-como-ira-depor-sobre-interferencia-na-pf-diz-pgr\/\">Bolsonaro deve escolher como ir\u00e1 depor sobre interfer\u00eancia na PF, diz PGR<\/a> appeared first on <a rel=\"nofollow\" href=\"https:\/\/exame.com\">Exame<\/a>.<\/p>\n<p><br \/>\n<br \/><a href=\"https:\/\/exame.com\/brasil\/bolsonaro-deve-escolher-como-ira-depor-sobre-interferencia-na-pf-diz-pgr\/\">Fonte do artigo <\/a><br \/>\nTags:<br \/>\n#politica #political #negocios #business #marketingdigital #empreendedorismo #marketing #emprendedores #empreender #sucesso #empresas #emprendimiento #emprendedor #empreendedor #emprender #dinheiro #dinero #empresario #vendas #liderazgo #motivacion #foco #motivacao #negocio #brasil<\/p>\n","protected":false},"excerpt":{"rendered":"<p>O procurador-geral da Rep\u00fablica, Augusto Aras, enviou nesta quinta-feira ao Supremo Tribunal Federal (STF) um parecer recomendando que o presidente Jair Bolsonaro preste depoimento \u00e0 Pol\u00edcia Federal, desde que possa escolher se responder\u00e1 \u00e0s perguntas por escrito ou pessoalmente. Se a op\u00e7\u00e3o for a segunda, caberia ao presidente escolher hor\u00e1rio e local. Bolsonaro tamb\u00e9m teria [&hellip;]<\/p>\n","protected":false},"author":1,"featured_media":52404,"comment_status":"open","ping_status":"open","sticky":false,"template":"","format":"standard","meta":{"footnotes":""},"categories":[1],"tags":[],"class_list":["post-54245","post","type-post","status-publish","format-standard","has-post-thumbnail","hentry","category-curso-de-copy"],"_links":{"self":[{"href":"https:\/\/wiy.com.br\/noticias\/wp-json\/wp\/v2\/posts\/54245","targetHints":{"allow":["GET"]}}],"collection":[{"href":"https:\/\/wiy.com.br\/noticias\/wp-json\/wp\/v2\/posts"}],"about":[{"href":"https:\/\/wiy.com.br\/noticias\/wp-json\/wp\/v2\/types\/post"}],"author":[{"embeddable":true,"href":"https:\/\/wiy.com.br\/noticias\/wp-json\/wp\/v2\/users\/1"}],"replies":[{"embeddable":true,"href":"https:\/\/wiy.com.br\/noticias\/wp-json\/wp\/v2\/comments?post=54245"}],"version-history":[{"count":0,"href":"https:\/\/wiy.com.br\/noticias\/wp-json\/wp\/v2\/posts\/54245\/revisions"}],"wp:featuredmedia":[{"embeddable":true,"href":"https:\/\/wiy.com.br\/noticias\/wp-json\/wp\/v2\/media\/52404"}],"wp:attachment":[{"href":"https:\/\/wiy.com.br\/noticias\/wp-json\/wp\/v2\/media?parent=54245"}],"wp:term":[{"taxonomy":"category","embeddable":true,"href":"https:\/\/wiy.com.br\/noticias\/wp-json\/wp\/v2\/categories?post=54245"},{"taxonomy":"post_tag","embeddable":true,"href":"https:\/\/wiy.com.br\/noticias\/wp-json\/wp\/v2\/tags?post=54245"}],"curies":[{"name":"wp","href":"https:\/\/api.w.org\/{rel}","templated":true}]}}