{"id":54089,"date":"2023-02-26T15:19:57","date_gmt":"2023-02-26T18:19:57","guid":{"rendered":"https:\/\/wiy.com.br\/noticias\/inscritos-votaram-para-realizar-enem-em-maio-de-2021\/"},"modified":"2020-07-01T14:50:08","modified_gmt":"2020-07-01T17:50:08","slug":"inscritos-votaram-para-realizar-enem-em-maio-de-2021","status":"publish","type":"post","link":"https:\/\/wiy.com.br\/noticias\/inscritos-votaram-para-realizar-enem-em-maio-de-2021\/","title":{"rendered":"Inscritos votaram para realizar Enem em maio de 2021"},"content":{"rendered":"<p> <br \/>\n<\/p>\n<p>O Minist\u00e9rio da Educa\u00e7\u00e3o (MEC) e o Instituto Nacional de Estudos e Pesquisas Educacionais An\u00edsio Teixeira (Inep) divulgaram, hoje (1\u00ba), <strong>o resultado da enquete para a escolha do novo per\u00edodo de aplica\u00e7\u00e3o das provas do Exame Nacional do Ensino M\u00e9dio (Enem) 2020<\/strong>. Para 49,7% dos estudantes, <strong>o Enem impresso deve ser aplicado em 2 e 9 de maio de 2021 e o Enem digital em 16 e 23 de maio.<\/strong><img title = \"[Tags]\"alt = \"ebc Inscritos votaram para realizar Enem em maio de 2021\"decoding=\"async\" src=\"https:\/\/agenciabrasil.ebc.com.br\/ebc.png?id=1310648&amp;o=node\" border=\"0\" \/><\/p>\n<p>A pesquisa com os estudantes foi aberta no dia 20 de junho na P\u00e1gina do Participante e mais de um milh\u00e3o de estudantes responderam de forma volunt\u00e1ria. O Enem 2020 tem pouco mais de 5,7 milh\u00f5es de inscritos.<\/p>\n<p>De acordo com o presidente do Inep, Alexandre Lopes, <strong>a data escolhida pelos estudantes ainda n\u00e3o \u00e9 a oficial<\/strong>, mas ser\u00e1 levada em conta para a defini\u00e7\u00e3o. \u201cMais de 80% pediram para fazer a prova no ano que vem. \u00c9 uma opini\u00e3o importante, mas n\u00e3o \u00e9 a \u00fanica fonte de decis\u00e3o\u201d, disse, ressaltando que poder\u00e1 ser, inclusive, uma data diferente daquelas que foram colocadas na enquete.<\/p>\n<p>Lopes explicou que o MEC e o Inep ir\u00e3o consultar o Conselho Nacional de Secret\u00e1rios de Educa\u00e7\u00e3o (Consed), que est\u00e3o tratando do cronograma das aulas no ensino m\u00e9dio, e as associa\u00e7\u00f5es que representam as institui\u00e7\u00f5es de ensino superior, para saber quando pretendem come\u00e7ar o primeiro semestre ano que vem. \u201cA data sair\u00e1 desse processo de constru\u00e7\u00e3o coletiva\u201d, disse.<\/p>\n<div class=\"ads post-ads\"><span class=\"title\">Continua ap\u00f3s a publicidade<\/span><\/p>\n<div id=\"abrAD_rectangle2\" class=\"abrAD\" data-ad-><\/div>\n<\/div>\n<p>A expectativa \u00e9 que a defini\u00e7\u00e3o do per\u00edodo de aplica\u00e7\u00e3o da prova <strong>seja anunciado daqui duas ou tr\u00eas semanas<\/strong>.<\/p>\n<p>Para o secret\u00e1rio-executivo do MEC, Antonio Paulo Vogel, caso o Enem 2020 seja realizado em maio do ano que vem, isso prejudicaria o primeiro semestre letivo das universidades. \u201c\u00c9 uma vari\u00e1vel que ser\u00e1 levada em considera\u00e7\u00e3o no debate com as institui\u00e7\u00f5es\u201d, explicou.<\/p>\n<p>Paulo Vogel disse que o portal do Sistema de Sele\u00e7\u00e3o Unificada (Sisu) j\u00e1 est\u00e1 aberto para a consulta de vagas para ingresso no segundo semestre deste ano, nas universidades e institutos federais de ensino. <strong>As inscri\u00e7\u00f5es v\u00e3o de 7 a 10 de julho<\/strong>.<\/p>\n<p>O presidente do Inep tamb\u00e9m anunciou que <strong>a prova do Exame Nacional de Desempenho dos Estudantes (Enade) de 2020, que aconteceria em novembro, ser\u00e1 adiada para 2021<\/strong> em raz\u00e3o da pandemia da covid-19 e dos problemas para a conclus\u00e3o do cronograma do segundo semestre letivo. A nova data ainda ser\u00e1 definida. O Enade avalia o desempenho dos estudantes e dos cursos de ensino superior.<\/p>\n<div class=\"block related-posts\">\n<ul class=\"block-menu\">\n<li data-tab=\"tab-1\" class=\"active\">Relacionadas<\/li>\n<li data-tab=\"tab-2\">Mais Lidas<\/li>\n<\/ul>\n<div id=\"tab-1\" class=\"block-content active\">\n<div class=\"row\">\n<li class=\"widget-news-item without-thumb with-border\">\n<div class=\"widget-news-info\"><a href=\"http:\/\/vejasp.abril.com.br\/cidades\">Cidades<\/a><span class=\"widget-news-item-title\"><a href=\"https:\/\/vejasp.abril.com.br\/cidades\/preco-da-energia-eletrica-aumenta-a-partir-do-sabado-4-em-sp\/\">Pre\u00e7o da energia el\u00e9trica aumenta a partir do s\u00e1bado (4) em SP<\/a><\/span><span class=\"widget-news-item-date\">1 Jul 2020 &#8211; 13h07<\/span><\/div>\n<\/li>\n<li class=\"widget-news-item without-thumb with-border\">\n<div class=\"widget-news-info\"><a href=\"http:\/\/vejasp.abril.com.br\/cidades\">Cidades<\/a><span class=\"widget-news-item-title\"><a href=\"https:\/\/vejasp.abril.com.br\/cidades\/paralisacao-do-metro-e-adiada-para-a-proxima-quarta-feira-8\/\">Paralisa\u00e7\u00e3o do metr\u00f4 \u00e9 adiada para a pr\u00f3xima quarta-feira (8)<\/a><\/span><span class=\"widget-news-item-date\">1 Jul 2020 &#8211; 12h07<\/span><\/div>\n<\/li>\n<li class=\"widget-news-item without-thumb with-border\">\n<div class=\"widget-news-info\"><a href=\"http:\/\/vejasp.abril.com.br\/cidades\">Cidades<\/a><span class=\"widget-news-item-title\"><a href=\"https:\/\/vejasp.abril.com.br\/cidades\/vestibular-etec-fatec-coronavirus-historico-escolar\/\">Etecs e Fatecs eliminam vestibular e passam a aceitar hist\u00f3rico dos candidatos<\/a><\/span><span class=\"widget-news-item-date\">30 Jun 2020 &#8211; 19h06<\/span><\/div>\n<\/li>\n<\/div>\n<\/div>\n<div id=\"tab-2\" class=\"block-content\">\n<div class=\"row\">\n<div class=\"col-s-12 col-l-3\"><a href=\"https:\/\/vejasp.abril.com.br\/saude\/joao-doria-decreta-nova-quarentena-no-estado-de-sao-paulo\/\" class=\"card\"><span class=\"category hide-s\">Sa\u00fade<\/span><img title = \"[Tags]\"data-src=\"https:\/\/vejasp.abril.com.br\/wp-content\/uploads\/2020\/06\/joao-doria.jpg?quality=70&amp;strip=info&amp;w=294&amp;h=200&amp;crop=1\"alt = \"ebc Inscritos votaram para realizar Enem em maio de 2021\" class=\"lazyload media\" style=\"max-width:100%\"><span class=\"category hide-l\">Sa\u00fade<\/span><span class=\"title\"><strong>1<\/strong>Jo\u00e3o Doria decreta nova quarentena no estado de S\u00e3o Paulo<\/span><\/a><\/div>\n<div class=\"col-s-12 col-l-3\"><a href=\"https:\/\/vejasp.abril.com.br\/blog\/pop\/fabiana-karla-porta-dos-fundos\/\" class=\"card\"><span class=\"category hide-s\">Cultura &amp; Lazer<\/span><img title = \"[Tags]\"data-src=\"https:\/\/vejasp.abril.com.br\/wp-content\/uploads\/2020\/06\/fabiana-karla-porta-dos-fundos-01.jpg?quality=70&amp;strip=info&amp;w=294&amp;h=200&amp;crop=1\"alt = \"ebc Inscritos votaram para realizar Enem em maio de 2021\" class=\"lazyload media\" style=\"max-width:100%\"><span class=\"category hide-l\">Cultura &amp; Lazer<\/span><span class=\"title\"><strong>2<\/strong>Fabiana Karla desabafa sobre v\u00eddeo do Porta dos Fundos: &quot;\u00c9 irrespons\u00e1vel&quot;<\/span><\/a><\/div>\n<div class=\"col-s-12 col-l-3\"><a href=\"https:\/\/vejasp.abril.com.br\/cidades\/homem-invade-a-globo-e-faz-reporter-de-refem-nesta-quarta-feira-10\/\" class=\"card\"><span class=\"category hide-s\">Cidades<\/span><img title = \"[Tags]\"data-src=\"https:\/\/vejasp.abril.com.br\/wp-content\/uploads\/2020\/06\/reporter-rede-globo-refem-01.jpg?quality=70&amp;strip=info&amp;w=294&amp;h=200&amp;crop=1\"alt = \"ebc Inscritos votaram para realizar Enem em maio de 2021\" class=\"lazyload media\" style=\"max-width:100%\"><span class=\"category hide-l\">Cidades<\/span><span class=\"title\"><strong>3<\/strong>Homem invade est\u00fadios da Globo e faz rep\u00f3rter de ref\u00e9m nesta quarta (10)<\/span><\/a><\/div>\n<div class=\"col-s-12 col-l-3\"><a href=\"https:\/\/vejasp.abril.com.br\/blog\/astrologia\/previsoes-para-todos-os-signos-de-22-a-28-de-junho\/\" class=\"card\"><span class=\"category hide-s\">Cultura &amp; Lazer<\/span><img title = \"[Tags]\"data-src=\"https:\/\/vejasp.abril.com.br\/wp-content\/uploads\/2020\/06\/MERYLSTREEP2020.png?w=294&amp;h=200&amp;crop=1\"alt = \"ebc Inscritos votaram para realizar Enem em maio de 2021\" class=\"lazyload media\" style=\"max-width:100%\"><span class=\"category hide-l\">Cultura &amp; Lazer<\/span><span class=\"title\"><strong>4<\/strong>Previs\u00f5es para todos os signos: de 22 a 28 de junho<\/span><\/a><\/div>\n<\/div>\n<\/div>\n<\/div>\n<p><br \/>\n<br \/><a href=\"https:\/\/vejasp.abril.com.br\/cidades\/inscritos-votaram-para-realizar-enem-em-maio-de-2021\/\">Fonte do Artigo <\/a><br \/>\nTags:<br \/>\n#loterias #loteriascaixa #megasena #resultadoapostas#noticias #noticiario  #noticia #brasil #noticiascolombia #mundo #esporte #colombia #noticiadeld #ltimasnoticias  #noticiario #noticiasregionales #noticiasdepartamentales #noticiashoy #esportes #noticiaahora #elinformantenoticias #noticiasdeboyac  #esporteinterativo #esportivo #diariodosesportes  #noticiero  #jogodefutebol #jogos #loto #apostas<\/p>\n","protected":false},"excerpt":{"rendered":"<p>O Minist\u00e9rio da Educa\u00e7\u00e3o (MEC) e o Instituto Nacional de Estudos e Pesquisas Educacionais An\u00edsio Teixeira (Inep) divulgaram, hoje (1\u00ba), o resultado da enquete para a escolha do novo per\u00edodo de aplica\u00e7\u00e3o das provas do Exame Nacional do Ensino M\u00e9dio (Enem) 2020. Para 49,7% dos estudantes, o Enem impresso deve ser aplicado em 2 e [&hellip;]<\/p>\n","protected":false},"author":1,"featured_media":53208,"comment_status":"open","ping_status":"open","sticky":false,"template":"","format":"standard","meta":{"footnotes":""},"categories":[1],"tags":[],"class_list":["post-54089","post","type-post","status-publish","format-standard","has-post-thumbnail","hentry","category-curso-de-copy"],"_links":{"self":[{"href":"https:\/\/wiy.com.br\/noticias\/wp-json\/wp\/v2\/posts\/54089","targetHints":{"allow":["GET"]}}],"collection":[{"href":"https:\/\/wiy.com.br\/noticias\/wp-json\/wp\/v2\/posts"}],"about":[{"href":"https:\/\/wiy.com.br\/noticias\/wp-json\/wp\/v2\/types\/post"}],"author":[{"embeddable":true,"href":"https:\/\/wiy.com.br\/noticias\/wp-json\/wp\/v2\/users\/1"}],"replies":[{"embeddable":true,"href":"https:\/\/wiy.com.br\/noticias\/wp-json\/wp\/v2\/comments?post=54089"}],"version-history":[{"count":0,"href":"https:\/\/wiy.com.br\/noticias\/wp-json\/wp\/v2\/posts\/54089\/revisions"}],"wp:featuredmedia":[{"embeddable":true,"href":"https:\/\/wiy.com.br\/noticias\/wp-json\/wp\/v2\/media\/53208"}],"wp:attachment":[{"href":"https:\/\/wiy.com.br\/noticias\/wp-json\/wp\/v2\/media?parent=54089"}],"wp:term":[{"taxonomy":"category","embeddable":true,"href":"https:\/\/wiy.com.br\/noticias\/wp-json\/wp\/v2\/categories?post=54089"},{"taxonomy":"post_tag","embeddable":true,"href":"https:\/\/wiy.com.br\/noticias\/wp-json\/wp\/v2\/tags?post=54089"}],"curies":[{"name":"wp","href":"https:\/\/api.w.org\/{rel}","templated":true}]}}