{"id":53842,"date":"2023-02-26T15:28:49","date_gmt":"2023-02-26T18:28:49","guid":{"rendered":"https:\/\/wiy.com.br\/noticias\/parques-devem-reabrir-no-dia-6-de-julho-em-sao-paulo\/"},"modified":"2020-06-29T12:55:09","modified_gmt":"2020-06-29T15:55:09","slug":"parques-devem-reabrir-no-dia-6-de-julho-em-sao-paulo","status":"publish","type":"post","link":"https:\/\/wiy.com.br\/noticias\/parques-devem-reabrir-no-dia-6-de-julho-em-sao-paulo\/","title":{"rendered":"Parques devem reabrir no dia 6 de julho em S\u00e3o Paulo"},"content":{"rendered":"<p> <br \/>\n<\/p>\n<p>O secret\u00e1rio municipal de sa\u00fade, Edson Aparecido, confirmou hoje (29) que os parques p\u00fablicos municipais da capital paulista, como o Ibirapuera, devem reabrir no dia 6 de julho. <strong>A<\/strong><span><strong>inda n\u00e3o foi confirmada a reabertura de parques estaduais<\/strong>. <\/span> A informa\u00e7\u00e3o foi divulgada no Twitter da jornalista da CBN Fab\u00edola Cidral.<\/p>\n<p>O governo de S\u00e3o Paulo havia se reunido com o Centro de Conting\u00eancia ao Coronav\u00edrus no \u00faltimo s\u00e1bado (27) para debater a pauta. Inicialmente, a volta dos parques aparecia somente na quinta e \u00faltima fase do Plano S\u00e3o Paulo, o programa de retomada gradual de atividades. <span>O munic\u00edpio enviou nota informando que as discuss\u00f5es incluem o governo do estado por conta dos parques estaduais. Ao todo, a <\/span><span>cidade tem 107 espa\u00e7os p\u00fablicos.\u00a0<\/span><\/p>\n<p>Mesmo com a retomada pelo governo do estado, com restri\u00e7\u00e3o, de <span>restaurantes, bares e sal\u00f5es de beleza, o prefeito Bruno Covas (PSDB) preferiu atender uma recomenda\u00e7\u00e3o do Centro de Conting\u00eancia e aguardar uma semana para esperar se os \u00edndices da pandemia continuam est\u00e1veis para abertura de outros espa\u00e7os. <\/span><span>O entendimento \u00e9 que parques p\u00fablicos representam alto risco de aumento na curva de cont\u00e1gio do Covid-19 por n\u00e3o ser poss\u00edvel controlar o distanciamento entre as pessoas em \u00e1reas muito grandes.<\/span><\/p>\n<div class=\"block related-posts\">\n<ul class=\"block-menu\">\n<li data-tab=\"tab-1\" class=\"active\">Relacionadas<\/li>\n<li data-tab=\"tab-2\">Mais Lidas<\/li>\n<\/ul>\n<div id=\"tab-1\" class=\"block-content active\">\n<div class=\"row\">\n<li class=\"widget-news-item without-thumb with-border\">\n<div class=\"widget-news-info\"><a href=\"http:\/\/vejasp.abril.com.br\/saude\">Sa\u00fade<\/a><span class=\"widget-news-item-title\"><a href=\"https:\/\/vejasp.abril.com.br\/saude\/planos-de-saude-paga-teste-covid\/\">ANS torna obrigat\u00f3ria cobertura de teste de Covid-19 por planos de sa\u00fade<\/a><\/span><span class=\"widget-news-item-date\">29 Jun 2020 &#8211; 10h06<\/span><\/div>\n<\/li>\n<li class=\"widget-news-item without-thumb with-border\">\n<div class=\"widget-news-info\"><a href=\"http:\/\/vejasp.abril.com.br\/cidades\">Cidades<\/a><span class=\"widget-news-item-title\"><a href=\"https:\/\/vejasp.abril.com.br\/cidades\/metro-de-sao-paulo-pode-entrar-em-greve-na-quarta-1\/\">Metr\u00f4 de S\u00e3o Paulo pode entrar em greve na quarta (1)<\/a><\/span><span class=\"widget-news-item-date\">29 Jun 2020 &#8211; 10h06<\/span><\/div>\n<\/li>\n<li class=\"widget-news-item without-thumb with-border\">\n<div class=\"widget-news-info\"><a href=\"http:\/\/vejasp.abril.com.br\/cidades\">Cidades<\/a><span class=\"widget-news-item-title\"><a href=\"https:\/\/vejasp.abril.com.br\/cidades\/policia-prende-homem-que-assaltou-reporter-da-cnn-ao-vivo\/\">Pol\u00edcia prende homem que assaltou rep\u00f3rter da CNN ao vivo<\/a><\/span><span class=\"widget-news-item-date\">27 Jun 2020 &#8211; 19h06<\/span><\/div>\n<\/li>\n<\/div>\n<\/div>\n<div id=\"tab-2\" class=\"block-content\">\n<div class=\"row\">\n<div class=\"col-s-12 col-l-3\"><a href=\"https:\/\/vejasp.abril.com.br\/saude\/joao-doria-decreta-nova-quarentena-no-estado-de-sao-paulo\/\" class=\"card\"><span class=\"category hide-s\">Sa\u00fade<\/span><img title = \"[Tags]\"data-src=\"https:\/\/vejasp.abril.com.br\/wp-content\/uploads\/2020\/06\/joao-doria.jpg?quality=70&amp;strip=info&amp;w=294&amp;h=200&amp;crop=1\"alt = \"joao-doria Parques devem reabrir no dia 6 de julho em S\u00e3o Paulo\" class=\"lazyload media\" style=\"max-width:100%\"><span class=\"category hide-l\">Sa\u00fade<\/span><span class=\"title\"><strong>1<\/strong>Jo\u00e3o Doria decreta nova quarentena no estado de S\u00e3o Paulo<\/span><\/a><\/div>\n<div class=\"col-s-12 col-l-3\"><a href=\"https:\/\/vejasp.abril.com.br\/blog\/pop\/fabiana-karla-porta-dos-fundos\/\" class=\"card\"><span class=\"category hide-s\">Cultura &amp; Lazer<\/span><img title = \"[Tags]\"data-src=\"https:\/\/vejasp.abril.com.br\/wp-content\/uploads\/2020\/06\/fabiana-karla-porta-dos-fundos-01.jpg?quality=70&amp;strip=info&amp;w=294&amp;h=200&amp;crop=1\"alt = \"joao-doria Parques devem reabrir no dia 6 de julho em S\u00e3o Paulo\" class=\"lazyload media\" style=\"max-width:100%\"><span class=\"category hide-l\">Cultura &amp; Lazer<\/span><span class=\"title\"><strong>2<\/strong>Fabiana Karla desabafa sobre v\u00eddeo do Porta dos Fundos: &quot;\u00c9 irrespons\u00e1vel&quot;<\/span><\/a><\/div>\n<div class=\"col-s-12 col-l-3\"><a href=\"https:\/\/vejasp.abril.com.br\/cidades\/homem-invade-a-globo-e-faz-reporter-de-refem-nesta-quarta-feira-10\/\" class=\"card\"><span class=\"category hide-s\">Cidades<\/span><img title = \"[Tags]\"data-src=\"https:\/\/vejasp.abril.com.br\/wp-content\/uploads\/2020\/06\/reporter-rede-globo-refem-01.jpg?quality=70&amp;strip=info&amp;w=294&amp;h=200&amp;crop=1\"alt = \"joao-doria Parques devem reabrir no dia 6 de julho em S\u00e3o Paulo\" class=\"lazyload media\" style=\"max-width:100%\"><span class=\"category hide-l\">Cidades<\/span><span class=\"title\"><strong>3<\/strong>Homem invade est\u00fadios da Globo e faz rep\u00f3rter de ref\u00e9m nesta quarta (10)<\/span><\/a><\/div>\n<div class=\"col-s-12 col-l-3\"><a href=\"https:\/\/vejasp.abril.com.br\/blog\/astrologia\/previsoes-para-todos-os-signos-de-22-a-28-de-junho\/\" class=\"card\"><span class=\"category hide-s\">Cultura &amp; Lazer<\/span><img title = \"[Tags]\"data-src=\"https:\/\/vejasp.abril.com.br\/wp-content\/uploads\/2020\/06\/MERYLSTREEP2020.png?w=294&amp;h=200&amp;crop=1\"alt = \"joao-doria Parques devem reabrir no dia 6 de julho em S\u00e3o Paulo\" class=\"lazyload media\" style=\"max-width:100%\"><span class=\"category hide-l\">Cultura &amp; Lazer<\/span><span class=\"title\"><strong>4<\/strong>Previs\u00f5es para todos os signos: de 22 a 28 de junho<\/span><\/a><\/div>\n<\/div>\n<\/div>\n<\/div>\n<p>+ OU\u00c7A O PODCAST Jornalda<\/p>\n<p><br \/>\n<br \/><a href=\"https:\/\/vejasp.abril.com.br\/cidades\/parque-devem-reabrir-no-dia-6-de-julho-em-sao-paulo\/\">Fonte do Artigo <\/a><br \/>\nTags:<br \/>\n#loterias #loteriascaixa #megasena #resultadoapostas#noticias #noticiario  #noticia #brasil #noticiascolombia #mundo #esporte #colombia #noticiadeld #ltimasnoticias  #noticiario #noticiasregionales #noticiasdepartamentales #noticiashoy #esportes #noticiaahora #elinformantenoticias #noticiasdeboyac  #esporteinterativo #esportivo #diariodosesportes  #noticiero  #jogodefutebol #jogos #loto #apostas<\/p>\n","protected":false},"excerpt":{"rendered":"<p>O secret\u00e1rio municipal de sa\u00fade, Edson Aparecido, confirmou hoje (29) que os parques p\u00fablicos municipais da capital paulista, como o Ibirapuera, devem reabrir no dia 6 de julho. Ainda n\u00e3o foi confirmada a reabertura de parques estaduais. A informa\u00e7\u00e3o foi divulgada no Twitter da jornalista da CBN Fab\u00edola Cidral. O governo de S\u00e3o Paulo havia [&hellip;]<\/p>\n","protected":false},"author":1,"featured_media":53843,"comment_status":"open","ping_status":"open","sticky":false,"template":"","format":"standard","meta":{"footnotes":""},"categories":[1],"tags":[],"class_list":["post-53842","post","type-post","status-publish","format-standard","has-post-thumbnail","hentry","category-curso-de-copy"],"_links":{"self":[{"href":"https:\/\/wiy.com.br\/noticias\/wp-json\/wp\/v2\/posts\/53842","targetHints":{"allow":["GET"]}}],"collection":[{"href":"https:\/\/wiy.com.br\/noticias\/wp-json\/wp\/v2\/posts"}],"about":[{"href":"https:\/\/wiy.com.br\/noticias\/wp-json\/wp\/v2\/types\/post"}],"author":[{"embeddable":true,"href":"https:\/\/wiy.com.br\/noticias\/wp-json\/wp\/v2\/users\/1"}],"replies":[{"embeddable":true,"href":"https:\/\/wiy.com.br\/noticias\/wp-json\/wp\/v2\/comments?post=53842"}],"version-history":[{"count":0,"href":"https:\/\/wiy.com.br\/noticias\/wp-json\/wp\/v2\/posts\/53842\/revisions"}],"wp:featuredmedia":[{"embeddable":true,"href":"https:\/\/wiy.com.br\/noticias\/wp-json\/wp\/v2\/media\/53843"}],"wp:attachment":[{"href":"https:\/\/wiy.com.br\/noticias\/wp-json\/wp\/v2\/media?parent=53842"}],"wp:term":[{"taxonomy":"category","embeddable":true,"href":"https:\/\/wiy.com.br\/noticias\/wp-json\/wp\/v2\/categories?post=53842"},{"taxonomy":"post_tag","embeddable":true,"href":"https:\/\/wiy.com.br\/noticias\/wp-json\/wp\/v2\/tags?post=53842"}],"curies":[{"name":"wp","href":"https:\/\/api.w.org\/{rel}","templated":true}]}}