{"id":53822,"date":"2023-02-26T15:25:57","date_gmt":"2023-02-26T18:25:57","guid":{"rendered":"https:\/\/wiy.com.br\/noticias\/no-dia-do-orgulho-lgbt-congresso-e-iluminado-com-as-cores-do-arco-iris\/"},"modified":"2020-06-29T09:46:09","modified_gmt":"2020-06-29T12:46:09","slug":"no-dia-do-orgulho-lgbt-congresso-e-iluminado-com-as-cores-do-arco-iris","status":"publish","type":"post","link":"https:\/\/wiy.com.br\/noticias\/no-dia-do-orgulho-lgbt-congresso-e-iluminado-com-as-cores-do-arco-iris\/","title":{"rendered":"No Dia do Orgulho LGBT, Congresso \u00e9 iluminado com as cores do arco-\u00edris"},"content":{"rendered":"<p> <br \/>\n<\/p>\n<p><span>Em homenagem ao Dia do Orgulho <strong><a href=\"https:\/\/exame.com\/noticias-sobre\/lgbt\/\">LGBT<\/a><\/strong>, o Congresso Nacional foi iluminado com as cores do arco-\u00edris na noite deste domingo, 28. A proje\u00e7\u00e3o ocorreu por cerca de meia hora. No Twitter, o presidente do Senado, Davi Alcolumbre (DEM-AP), compartilhou a iniciativa e afirmou que, &#8220;em uma sociedade plural, n\u00e3o pode haver espa\u00e7o para preconceito&#8217;. &#8220;O <strong><a href=\"https:\/\/exame.com\/noticias-sobre\/congresso\">Congresso Nacional<\/a><\/strong> respeita a diversidade&#8221;, escreveu.<\/span><\/p>\n<p><span>Ainda de acordo com Alcolumbre, a ideia partiu do senador Fabiano Contarato (Rede-ES), que comemorou o epis\u00f3dio em suas redes sociais. &#8220;Ver o arco-\u00edris projetado no Congresso Nacional \u00e9, simbolicamente, avan\u00e7ar em um espa\u00e7o que tem negado direitos de cidadania plena a n\u00f3s, LGBTQ+&#8221;, afirmou Contarato. O parlamentar destacou que &#8220;nenhuma lei federal foi aprovada&#8221; pelo Congresso direcionada para a comunidade LGBT. &#8220;Tudo o que obtivemos veio de lutas e conquistas no Judici\u00e1rio. Mas precisamos das leis federais e nisso a visibilidade \u00e9 um importante caminho. As pessoas t\u00eam que entender que orienta\u00e7\u00e3o sexual n\u00e3o define car\u00e1ter.&#8221;<\/span><\/p>\n<aside>\n<div class=\"widget-news widget-box no-margin no-border\"><span class=\"widget-news-title content-box-title\">Veja tamb\u00e9m<\/span><\/p>\n<ul class=\"widget-news-list\">\n<li class=\"widget-news-item without-thumb with-border\">\n<div class=\"widget-news-info\"><a href=\"http:\/\/exame.com\/carreira\">CARREIRA<\/a><span class=\"widget-news-item-title\"><a href=\"https:\/\/exame.com\/carreira\/orgulho-lgbt-dicas-carreira-profissionais-trans\/\">Orgulho LGBT: dicas de carreira para profissionais trans<\/a><\/span><span class=\"widget-news-item-date\">28 jun 2020 &#8211; 09h06<\/span><\/div>\n<\/li>\n<li class=\"widget-news-item without-thumb with-border\">\n<div class=\"widget-news-info\"><a href=\"http:\/\/exame.com\/negocios\">NEG\u00d3CIOS<\/a><span class=\"widget-news-item-title\"><a href=\"https:\/\/exame.com\/negocios\/por-que-as-empresas-estao-falando-da-orientacao-sexual-dos-funcionarios\/\">Por que as empresas est\u00e3o falando da orienta\u00e7\u00e3o sexual dos funcion\u00e1rios?<\/a><\/span><span class=\"widget-news-item-date\">28 jun 2020 &#8211; 08h06<\/span><\/div>\n<\/li>\n<\/ul>\n<\/div>\n<\/aside>\n<p><span>No ano passado, o Supremo Tribunal Federal (STF) decidiu a favor da criminaliza\u00e7\u00e3o da homofobia e da transfobia. Na \u00e9poca, a Associa\u00e7\u00e3o Brasileira de Gays, L\u00e9sbicas e Transg\u00eaneros (ABGLT), uma das respons\u00e1veis pela a\u00e7\u00e3o, alegou que o Congresso foi omisso ao n\u00e3o legislar sobre a mat\u00e9ria. Em 2018, o Supremo permitiu alterar nome e g\u00eanero no registro civil sem a realiza\u00e7\u00e3o de cirurgia para mudan\u00e7a de sexo. De acordo com a decis\u00e3o, por maioria dos ministros do STF, n\u00e3o \u00e9 necess\u00e1ria decis\u00e3o judicial nem laudos m\u00e9dicos e psicol\u00f3gicos para que a mudan\u00e7a seja efetivada.<\/span><\/p>\n<p><span>Em 5 de maio de 2011, o STF tamb\u00e9m foi respons\u00e1vel por reconhecer a uni\u00e3o est\u00e1vel entre casais do mesmo sexo. Dois anos depois, o Conselho Nacional de Justi\u00e7a p\u00f4s em vigor resolu\u00e7\u00e3o que obriga cart\u00f3rios em todo o Pa\u00eds a realizar casamentos de casais do mesmo sexo.<\/span><\/p>\n<p><span>Mais cedo, no Twitter, o presidente da C\u00e2mara, Rodrigo Maia (DEM-RJ), disse, ao defender a democracia, que hoje (domingo) \u00e9 &#8220;dia feliz para os que prezam os direitos humanos, as minorias, o respeito e a diversidade&#8221; e &#8220;dia triste para os saudosistas do autoritarismo&#8221;. Ao classificar como um &#8220;dia feliz&#8221;, ele lembrou que neste domingo \u00e9 comemorado o Dia Internacional do Orgulho LGBT.<\/span><\/p>\n<p>The post <a rel=\"nofollow\" href=\"https:\/\/exame.com\/brasil\/no-dia-do-orgulho-lgbt-congresso-e-iluminado-com-as-cores-do-arco-iris\/\">No Dia do Orgulho LGBT, Congresso \u00e9 iluminado com as cores do arco-\u00edris<\/a> appeared first on <a rel=\"nofollow\" href=\"https:\/\/exame.com\">Exame<\/a>.<\/p>\n<p><br \/>\n<br \/><a href=\"https:\/\/exame.com\/brasil\/no-dia-do-orgulho-lgbt-congresso-e-iluminado-com-as-cores-do-arco-iris\/\">Fonte do artigo <\/a><br \/>\nTags:<br \/>\n#politica #political #negocios #business #marketingdigital #empreendedorismo #marketing #emprendedores #empreender #sucesso #empresas #emprendimiento #emprendedor #empreendedor #emprender #dinheiro #dinero #empresario #vendas #liderazgo #motivacion #foco #motivacao #negocio #brasil<\/p>\n","protected":false},"excerpt":{"rendered":"<p>Em homenagem ao Dia do Orgulho LGBT, o Congresso Nacional foi iluminado com as cores do arco-\u00edris na noite deste domingo, 28. A proje\u00e7\u00e3o ocorreu por cerca de meia hora. No Twitter, o presidente do Senado, Davi Alcolumbre (DEM-AP), compartilhou a iniciativa e afirmou que, &#8220;em uma sociedade plural, n\u00e3o pode haver espa\u00e7o para preconceito&#8217;. [&hellip;]<\/p>\n","protected":false},"author":1,"featured_media":53823,"comment_status":"open","ping_status":"open","sticky":false,"template":"","format":"standard","meta":{"footnotes":""},"categories":[1],"tags":[],"class_list":["post-53822","post","type-post","status-publish","format-standard","has-post-thumbnail","hentry","category-curso-de-copy"],"_links":{"self":[{"href":"https:\/\/wiy.com.br\/noticias\/wp-json\/wp\/v2\/posts\/53822","targetHints":{"allow":["GET"]}}],"collection":[{"href":"https:\/\/wiy.com.br\/noticias\/wp-json\/wp\/v2\/posts"}],"about":[{"href":"https:\/\/wiy.com.br\/noticias\/wp-json\/wp\/v2\/types\/post"}],"author":[{"embeddable":true,"href":"https:\/\/wiy.com.br\/noticias\/wp-json\/wp\/v2\/users\/1"}],"replies":[{"embeddable":true,"href":"https:\/\/wiy.com.br\/noticias\/wp-json\/wp\/v2\/comments?post=53822"}],"version-history":[{"count":0,"href":"https:\/\/wiy.com.br\/noticias\/wp-json\/wp\/v2\/posts\/53822\/revisions"}],"wp:featuredmedia":[{"embeddable":true,"href":"https:\/\/wiy.com.br\/noticias\/wp-json\/wp\/v2\/media\/53823"}],"wp:attachment":[{"href":"https:\/\/wiy.com.br\/noticias\/wp-json\/wp\/v2\/media?parent=53822"}],"wp:term":[{"taxonomy":"category","embeddable":true,"href":"https:\/\/wiy.com.br\/noticias\/wp-json\/wp\/v2\/categories?post=53822"},{"taxonomy":"post_tag","embeddable":true,"href":"https:\/\/wiy.com.br\/noticias\/wp-json\/wp\/v2\/tags?post=53822"}],"curies":[{"name":"wp","href":"https:\/\/api.w.org\/{rel}","templated":true}]}}