{"id":53772,"date":"2023-02-26T15:24:12","date_gmt":"2023-02-26T18:24:12","guid":{"rendered":"https:\/\/wiy.com.br\/noticias\/novo-ministro-novo-governo\/"},"modified":"2020-06-27T11:57:13","modified_gmt":"2020-06-27T14:57:13","slug":"novo-ministro-novo-governo","status":"publish","type":"post","link":"https:\/\/wiy.com.br\/noticias\/novo-ministro-novo-governo\/","title":{"rendered":"Novo ministro, novo Governo?"},"content":{"rendered":"<p> <br \/>\n<\/p>\n<p>Mesmo quando tenta superar crises o governo acaba trope\u00e7ando. Mal tomou posse, o novo Ministro da Educa\u00e7\u00e3o,<strong><a href=\"https:\/\/exame.com\/noticias-sobre\/carlos-decotelli\/\"> Carlos Alberto Decotelli<\/a><\/strong>, j\u00e1 se v\u00ea \u00e0s voltas com um primeiro poss\u00edvel esc\u00e2ndalo: o suposto doutorado pela Universidade Nacional de Ros\u00e1rio, na Argentina, n\u00e3o existe. Fica em d\u00favida tamb\u00e9m, portanto, o p\u00f3s-doutorado na Alemanha. N\u00e3o ser\u00e1 a primeira vez neste governo em que um curr\u00edculo falso \u00e9 descoberto. Ali\u00e1s, colocar t\u00edtulos inexistentes (n\u00e3o raro abandonados no meio do percurso) \u00e9 uma pr\u00e1tica infelizmente comum no Brasil.<\/p>\n<p>Seja como for, passado esse primeiro embara\u00e7o, o que podemos esperar de Decotelli? A gest\u00e3o <strong><a href=\"https:\/\/exame.com\/noticias-sobre\/abraham-weintraub\/\">Weintraub<\/a><\/strong> foi completamente ideol\u00f3gica e voltada n\u00e3o a algum resultado concreto, mas \u00e0 briga pol\u00edtica nas redes sociais. Decotelli se anuncia em oposi\u00e7\u00e3o a ele; em entrevista a O Globo, disse que far\u00e1 um minist\u00e9rio t\u00e9cnico. E deu aquilo que ser\u00e1 o norte de sua pasta: n\u00e3o tanto a implementa\u00e7\u00e3o de um projeto que ele j\u00e1 traga pronto, e sim o di\u00e1logo, a constru\u00e7\u00e3o junto ao Congresso, \u00e0s secretarias estaduais e a organiza\u00e7\u00f5es da sociedade civil. Nomes do DEM, do MDB e da REDE foram citados como interlocutores, al\u00e9m de Rodrigo Maia.<\/p>\n<p>\u00c9 justamente o que Weintraub se recusava a fazer. Na j\u00e1 c\u00e9lebre reuni\u00e3o de 22 de abril, cujo v\u00eddeo rodou o Brasil, Weintraub dava voz \u00e0 sua insatisfa\u00e7\u00e3o dentro do governo: o presidente negociava com pessoas que, segundo o ent\u00e3o ministro, ele deveria tratar como inimigas. A nomea\u00e7\u00e3o de Decotelli, ent\u00e3o, \u00e9 uma verdadeira revers\u00e3o de curso. Agora que o FNDE &#8211; que Decotelli presidiu &#8211; est\u00e1 nas m\u00e3os de partidos do Centr\u00e3o, o MEC como um todo tamb\u00e9m estreitar\u00e1 la\u00e7os com a pol\u00edtica institucional. Ou seja, com o \u201cestablishment\u201d t\u00e3o demonizado por Weintraub e pela ala olavista da qual ele faz parte. Vencem os militares e a pol\u00edtica.<\/p>\n<p>No in\u00edcio do mandato, podendo escolher entre priorizar um governo mais t\u00e9cnico e est\u00e1vel ou mais ideol\u00f3gico e combativo, Bolsonaro optou pela segunda, acreditando que isso ajudaria seu projeto pouco democr\u00e1tico de poder. O estrago e o tempo perdido foram arrasadores. Agora, grandes nomes t\u00e9cnicos n\u00e3o querem se aproximar de sua gest\u00e3o, cientes do dano reputacional e da pouca chance de sucesso de suas agendas. O dilema se transformou: dobrar a aposta na ideologia e no combate ou aceitar compor com a pol\u00edtica ordin\u00e1ria e fisiol\u00f3gica. O que est\u00e1 em jogo nessa decis\u00e3o tamb\u00e9m mudou: n\u00e3o \u00e9 mais a escolha entre melhores resultados para o Brasil ou maior poder nas m\u00e3os do presidente. \u00c9 entre terminar o mandato ou ser derrubado.<\/p>\n<p>Bolsonaro parece ter tomado sua decis\u00e3o. Fabio Faria nas Comunica\u00e7\u00f5es, Decotelli na Educa\u00e7\u00e3o, falas conciliat\u00f3rias para com o STF e o Congresso. At\u00e9 os mortos pela Covid-19 ele homenageou. Ser\u00e1 que a p\u00e1gina finalmente foi virada e os \u00edmpetos revolucion\u00e1rios deixados de lado?<\/p>\n<p>Eu duvido muito. Se abandonar a ret\u00f3rica do conflito e da radicaliza\u00e7\u00e3o, Bolsonaro perder\u00e1 seu maior ativo pol\u00edtico: uma milit\u00e2ncia expressiva e muito ativa. Com ela, pode ir a popularidade, pensando que num futuro pr\u00f3ximo o aux\u00edlio emergencial, que ser\u00e1 esticado por mais tr\u00eas meses, deve acabar.<\/p>\n<p>Acostumamo-nos, neste um ano e meio de governo, ao esticar e afrouxar da corda. Agora, Bolsonaro afrouxa &#8211; e afrouxa mais do que jamais fez. Mas \u00e9 certo que ir\u00e1 estic\u00e1-la de novo. Mesmo porque, nos outros poderes, a interlocu\u00e7\u00e3o vai se tornar menos complacente.<\/p>\n<p>Por mais que a milit\u00e2ncia bolsonarista fa\u00e7a a caveira de Rodrigo Maia, o fato \u00e9 que ele tem sido um Presidente da C\u00e2mara muito sol\u00edcito e cooperativo: inclusive abra\u00e7ou, sem contrapartida nenhuma, a agenda econ\u00f4mica do governo. Em alguns momentos, chegou mesmo a ser uma esp\u00e9cie de Primeiro-Ministro brasileiro. O que vir\u00e1 em 2021? N\u00e3o se sabe ainda, mas a chance de um Presidente da C\u00e2mara mais puramente transacional \u00e9 real: Arthur Lira, que agora abra\u00e7o Bolsonaro, \u00e9 um amigo muito mais exigente do que um Rodrigo Maia algo hostil.<\/p>\n<p>Por fim, temos a mudan\u00e7a do Presidente do Supremo. Toffoli \u00e9 o mais pol\u00edtico dos Ministros. Luiz Fux (de \u201cIn Fux we trust\u201d), que assume em setembro, um dos mais lava-jatistas. Recentemente rebateu a fala de Bolsonaro em que o Presidente buscava se eximir de culpa pela neglig\u00eancia do governo federal na pandemia.<\/p>\n<p>Por enquanto, reina a paz e o centr\u00e3o. Os espectros do impeachment e da cassa\u00e7\u00e3o se afastam. Mas as investiga\u00e7\u00f5es sobre o Gabinete do \u00d3dio e do ex-gabinete de Fl\u00e1vio seguem. E Bolsonaro segue desconfort\u00e1vel na roupa de um Presidente normal. Os f\u00f3sforos foram apagados, mas os barris de p\u00f3lvora continuam no Pal\u00e1cio.<\/p>\n<p>The post <a rel=\"nofollow\" href=\"https:\/\/exame.com\/blog\/joel-pinheiro-da-fonseca\/novo-ministro-novo-governo\/\">Novo ministro, novo Governo?<\/a> appeared first on <a rel=\"nofollow\" href=\"https:\/\/exame.com\">Exame<\/a>.<\/p>\n<p><br \/>\n<br \/><a href=\"https:\/\/exame.com\/blog\/joel-pinheiro-da-fonseca\/novo-ministro-novo-governo\/\">Fonte do artigo <\/a><br \/>\nTags:<br \/>\n#politica #political #negocios #business #marketingdigital #empreendedorismo #marketing #emprendedores #empreender #sucesso #empresas #emprendimiento #emprendedor #empreendedor #emprender #dinheiro #dinero #empresario #vendas #liderazgo #motivacion #foco #motivacao #negocio #brasil<\/p>\n","protected":false},"excerpt":{"rendered":"<p>Mesmo quando tenta superar crises o governo acaba trope\u00e7ando. Mal tomou posse, o novo Ministro da Educa\u00e7\u00e3o, Carlos Alberto Decotelli, j\u00e1 se v\u00ea \u00e0s voltas com um primeiro poss\u00edvel esc\u00e2ndalo: o suposto doutorado pela Universidade Nacional de Ros\u00e1rio, na Argentina, n\u00e3o existe. Fica em d\u00favida tamb\u00e9m, portanto, o p\u00f3s-doutorado na Alemanha. N\u00e3o ser\u00e1 a primeira [&hellip;]<\/p>\n","protected":false},"author":1,"featured_media":53773,"comment_status":"open","ping_status":"open","sticky":false,"template":"","format":"standard","meta":{"footnotes":""},"categories":[1],"tags":[],"class_list":["post-53772","post","type-post","status-publish","format-standard","has-post-thumbnail","hentry","category-curso-de-copy"],"_links":{"self":[{"href":"https:\/\/wiy.com.br\/noticias\/wp-json\/wp\/v2\/posts\/53772","targetHints":{"allow":["GET"]}}],"collection":[{"href":"https:\/\/wiy.com.br\/noticias\/wp-json\/wp\/v2\/posts"}],"about":[{"href":"https:\/\/wiy.com.br\/noticias\/wp-json\/wp\/v2\/types\/post"}],"author":[{"embeddable":true,"href":"https:\/\/wiy.com.br\/noticias\/wp-json\/wp\/v2\/users\/1"}],"replies":[{"embeddable":true,"href":"https:\/\/wiy.com.br\/noticias\/wp-json\/wp\/v2\/comments?post=53772"}],"version-history":[{"count":0,"href":"https:\/\/wiy.com.br\/noticias\/wp-json\/wp\/v2\/posts\/53772\/revisions"}],"wp:featuredmedia":[{"embeddable":true,"href":"https:\/\/wiy.com.br\/noticias\/wp-json\/wp\/v2\/media\/53773"}],"wp:attachment":[{"href":"https:\/\/wiy.com.br\/noticias\/wp-json\/wp\/v2\/media?parent=53772"}],"wp:term":[{"taxonomy":"category","embeddable":true,"href":"https:\/\/wiy.com.br\/noticias\/wp-json\/wp\/v2\/categories?post=53772"},{"taxonomy":"post_tag","embeddable":true,"href":"https:\/\/wiy.com.br\/noticias\/wp-json\/wp\/v2\/tags?post=53772"}],"curies":[{"name":"wp","href":"https:\/\/api.w.org\/{rel}","templated":true}]}}