{"id":53702,"date":"2023-02-26T14:55:59","date_gmt":"2023-02-26T17:55:59","guid":{"rendered":"https:\/\/wiy.com.br\/noticias\/setor-moveleiro-ve-oportunidade-para-expansao-na-quarentena\/"},"modified":"2020-06-26T16:54:48","modified_gmt":"2020-06-26T19:54:48","slug":"setor-moveleiro-ve-oportunidade-para-expansao-na-quarentena","status":"publish","type":"post","link":"https:\/\/wiy.com.br\/noticias\/setor-moveleiro-ve-oportunidade-para-expansao-na-quarentena\/","title":{"rendered":"Setor moveleiro v\u00ea oportunidade para expans\u00e3o na quarentena"},"content":{"rendered":"<p> <br \/>\n<\/p>\n<div id=\"post-3515429\">\n<figure class=\"featured-media media-open\"><img title = \"[Tags]\"data-src=\"https:\/\/veja.abril.com.br\/wp-content\/uploads\/2020\/06\/fabrica-01.jpg\" class=\"abril-image optimized lazyload\" abril-data-id=\"3515429\"  data- data-pin-nopin=\"false\"alt = \"fabrica-01 Setor moveleiro v\u00ea oportunidade para expans\u00e3o na quarentena\"\/><figcaption class=\"caption\">F\u00e1brica de m\u00f3veis do Grupo Todeschini, em Bento Gon\u00e7alves (RS).\u00a0Divulga\u00e7\u00e3o\/Divulga\u00e7\u00e3o<\/figcaption><\/figure>\n<section class=\"content\">\n<p>O isolamento social imposto pela pandemia do novo coronav\u00edrus mudou diversos comportamentos, como o <a href=\"https:\/\/veja.abril.com.br\/blog\/radar\/estudo-revela-como-os-celulares-corporativos-sao-usados-na-quarentena\/\">uso do celular corporativo<\/a> ou o <a href=\"https:\/\/veja.abril.com.br\/blog\/radar\/pesquisa-revela-como-brasileiro-gasta-o-vale-refeicao-no-home-office\/\">gasto com o vale refei\u00e7\u00e3o<\/a>, como o Radar j\u00e1 mostrou. Em um cen\u00e1rio t\u00e3o adverso, onde o home office \u00e9 algo que n\u00e3o deve acabar t\u00e3o cedo, h\u00e1 empres\u00e1rios que se adaptam e encontram oportunidades.<\/p>\n<p>Com boa parte da clientela dentro de casa, a Criare, marca ga\u00facha especializada em ambientes planejados, refez as contas e decidiu manteve sua estrat\u00e9gia de crescimento para 2020. \u201cO morar nunca fez tanto sentido agora, as pessoas est\u00e3o procurando nosso produto, querem melhorar suas casas e isso \u00e9 muito positivo para o nosso segmento\u201d, explica o diretor comercial, Diego Machado, citando um dos tr\u00eas pilares do plano da empresa \u2013 expandir para novas regi\u00f5es e entregar um servi\u00e7o in\u00e9dito s\u00e3o os outros dois.<\/p>\n<p>A empresa aposta no crescimento de 35% de sua rede, com a abertura de 20 novas lojas ainda este ano, passando de 55 para 75 endere\u00e7os em todas as regi\u00f5es do Brasil.<\/p>\n<\/section><\/div>\n<p><br \/>\n<br \/><a href=\"https:\/\/veja.abril.com.br\/blog\/radar\/setor-moveleiro-ve-oportunidade-para-expansao-na-quarentena\/\">Fonte do Artigo<\/a><br \/>\nTags: <\/p>\n<p><a title=\"IBJE\" href=\"https:\/\/ibge.gov.br\/\">#IBJE<\/a> <a title=\"FGV\" href=\"https:\/\/portal.fgv.br\/\">#FGV<\/a> <a title=\"LOTOFACIL\" href=\"http:\/\/loterias.caixa.gov.br\/wps\/portal\/loterias\/landing\/lotofacil\/\">#LOTOFACIL<\/a> <a title=\"TINDER\" href=\"https:\/\/tinder.com\/?lang=pt-BR\">#TINDER<\/a> <a title=\"GMAILGOOGLE\" href=\"https:\/\/mail.google.com\">#GMAILGOOGLE<\/a> <a title=\"TIKTOK\" href=\"https:\/\/www.tiktok.com\/pt_BR\/\">#TIKTOK<\/a><\/p>\n","protected":false},"excerpt":{"rendered":"<p>F\u00e1brica de m\u00f3veis do Grupo Todeschini, em Bento Gon\u00e7alves (RS).\u00a0Divulga\u00e7\u00e3o\/Divulga\u00e7\u00e3o O isolamento social imposto pela pandemia do novo coronav\u00edrus mudou diversos comportamentos, como o uso do celular corporativo ou o gasto com o vale refei\u00e7\u00e3o, como o Radar j\u00e1 mostrou. Em um cen\u00e1rio t\u00e3o adverso, onde o home office \u00e9 algo que n\u00e3o deve acabar [&hellip;]<\/p>\n","protected":false},"author":1,"featured_media":53703,"comment_status":"open","ping_status":"open","sticky":false,"template":"","format":"standard","meta":{"footnotes":""},"categories":[7],"tags":[],"class_list":["post-53702","post","type-post","status-publish","format-standard","has-post-thumbnail","hentry","category-economia"],"_links":{"self":[{"href":"https:\/\/wiy.com.br\/noticias\/wp-json\/wp\/v2\/posts\/53702","targetHints":{"allow":["GET"]}}],"collection":[{"href":"https:\/\/wiy.com.br\/noticias\/wp-json\/wp\/v2\/posts"}],"about":[{"href":"https:\/\/wiy.com.br\/noticias\/wp-json\/wp\/v2\/types\/post"}],"author":[{"embeddable":true,"href":"https:\/\/wiy.com.br\/noticias\/wp-json\/wp\/v2\/users\/1"}],"replies":[{"embeddable":true,"href":"https:\/\/wiy.com.br\/noticias\/wp-json\/wp\/v2\/comments?post=53702"}],"version-history":[{"count":0,"href":"https:\/\/wiy.com.br\/noticias\/wp-json\/wp\/v2\/posts\/53702\/revisions"}],"wp:featuredmedia":[{"embeddable":true,"href":"https:\/\/wiy.com.br\/noticias\/wp-json\/wp\/v2\/media\/53703"}],"wp:attachment":[{"href":"https:\/\/wiy.com.br\/noticias\/wp-json\/wp\/v2\/media?parent=53702"}],"wp:term":[{"taxonomy":"category","embeddable":true,"href":"https:\/\/wiy.com.br\/noticias\/wp-json\/wp\/v2\/categories?post=53702"},{"taxonomy":"post_tag","embeddable":true,"href":"https:\/\/wiy.com.br\/noticias\/wp-json\/wp\/v2\/tags?post=53702"}],"curies":[{"name":"wp","href":"https:\/\/api.w.org\/{rel}","templated":true}]}}