{"id":53669,"date":"2023-02-26T14:55:03","date_gmt":"2023-02-26T17:55:03","guid":{"rendered":"https:\/\/wiy.com.br\/noticias\/esperei-dois-meses-para-pegar-minha-filha-no-colo-conta-farmaceutico\/"},"modified":"2020-06-26T12:40:16","modified_gmt":"2020-06-26T15:40:16","slug":"esperei-dois-meses-para-pegar-minha-filha-no-colo-conta-farmaceutico","status":"publish","type":"post","link":"https:\/\/wiy.com.br\/noticias\/esperei-dois-meses-para-pegar-minha-filha-no-colo-conta-farmaceutico\/","title":{"rendered":"\u201cEsperei dois meses para pegar minha filha no colo\u201d, conta farmac\u00eautico"},"content":{"rendered":"<p> <br \/>\n<\/p>\n<p>Nos primeiros dias da quarentena, teve muito movimento na farm\u00e1cia, uma loucura. Muita gente atr\u00e1s de m\u00e1scara, de luva e, principalmente, de \u00e1lcool em gel. Isso durou do fim de mar\u00e7o at\u00e9 a metade de abril, agora voltou o movimento normal aqui no Jabaquara. As pessoas est\u00e3o mais relaxadas, n\u00e3o acreditam no v\u00edrus. Tem um monte de gente na rua, bar aberto, uma bagun\u00e7a. S\u00e3o v\u00e1rios os clientes que aparecem sem m\u00e1scara e ainda perguntam: \u2018Est\u00e1 usando m\u00e1scara pra qu\u00ea?\u2019.<\/p>\n<p>O in\u00edcio da pandemia foi bem preocupante. Eu n\u00e3o sabia exatamente o que estava acontecendo, mas at\u00e9 agora a gente tamb\u00e9m n\u00e3o sabe direito, n\u00e9? Teve cliente nosso que fez o teste e deu positivo, ficou intubado e ainda est\u00e1 com sequelas. A fam\u00edlia inteira de um dos nossos colegas pegou tamb\u00e9m, ent\u00e3o com certeza n\u00f3s j\u00e1 tivemos contato direto com o v\u00edrus. \u00c9 frustrante n\u00e3o ter onde realizar a testagem gratuitamente, s\u00f3 se pagar. Precisava ter uma maneira de n\u00f3s, farmac\u00eauticos, irmos ao postinho para fazer o exame, tamb\u00e9m estamos na linha de frente.<\/p>\n<p>Lembro que no primeiro dia em que foi citada a cloroquina como poss\u00edvel medicamento contra o coronav\u00edrus, apesar de nenhuma comprova\u00e7\u00e3o, um motoboy desses de aplicativo passou aqui e levou tr\u00eas, quatro caixas. Depois disso um monte de gente veio atr\u00e1s, um monte mesmo, o que acabou deixando quem realmente precisa sem o rem\u00e9dio, usado para doen\u00e7as muito dolorosas, como o l\u00fapus. Agora, para comprar, precisa de receita controlada, mas a cloroquina nem est\u00e1 aparecendo mais pra gente, vai tudo direto para o hospital. Da mesma forma que chega consumidor aqui falando \u2018eu sei que voc\u00ea tem a\u00ed (cloroquina), vende pra mim\u2019, tem cliente que faz o uso do medicamento e n\u00e3o encontra. A pessoa est\u00e1 rodando S\u00e3o Paulo e n\u00e3o acha o rem\u00e9dio, \u00e9 muito frustrante.<\/p>\n<figure><img title = \"[Tags]\"alt = \"ROP_3475 \u201cEsperei dois meses para pegar minha filha no colo\u201d, conta farmac\u00eautico\"decoding=\"async\" src=\"https:\/\/vejasp.abril.com.br\/wp-content\/uploads\/2020\/06\/ROP_3475.jpg\" \/><figcaption>Marcelo Alves Ortega: \u201cO pessoal acredita em tudo o que l\u00ea no WhatsApp\u201d<span class=\"copyright\">Rog\u00e9rio Pallatta\/Veja SP<\/span><\/figcaption><\/figure>\n<p><em>(Nesse momento um cliente interrompe a entrevista e afirma ter pego a Covid-19. \u201cAchei que fosse morrer, do\u00eda tudo, n\u00e3o conseguia respirar direito. Mas vou lhe contar, me curei com mel e ervas caseiras, dessas anti-inflamat\u00f3rias. \u00c9 s\u00f3 disso que precisa.\u201d)<\/em><\/p>\n<div class=\"ads post-ads\"><span class=\"title\">Continua ap\u00f3s a publicidade<\/span><\/p>\n<div id=\"abrAD_rectangle2\" class=\"abrAD\" data-ad-><\/div>\n<\/div>\n<p>Como farmac\u00eautico, digo que isso n\u00e3o vai fazer nem bem nem mal a ele, n\u00e3o tem fundamento nenhum. \u00c9 por falta de op\u00e7\u00e3o, de informa\u00e7\u00e3o, que ele faz isso. Estamos no escuro. <strong>As pessoas t\u00eam se automedicado com frequ\u00eancia. Por exemplo, \u00e9 grande a procura por vitaminas, mas tudo por conta pr\u00f3pria. Chegam aqui e pedem vitamina D. O.k., qual vitamina D? Qual dosagem? Foi o m\u00e9dico que pediu? Se n\u00e3o foi, a gente orienta a n\u00e3o tomar. O pessoal acredita em tudo o que l\u00ea no WhatsApp<\/strong> e aparece atr\u00e1s de qualquer rem\u00e9dio que seja citado, mesmo que n\u00e3o tenha nenhuma comprova\u00e7\u00e3o da efic\u00e1cia. Esses dias mesmo vieram atr\u00e1s de dexametasona, corticoide que acaba por reduzir a imunidade, s\u00f3 porque est\u00e1 sendo testado pela OMS (<em>Organiza\u00e7\u00e3o Mundial da Sa\u00fade<\/em>). Ningu\u00e9m espera uma comprova\u00e7\u00e3o.<\/p>\n<p>Ali\u00e1s, esse afastamento do governo federal da OMS \u00e9 uma palha\u00e7ada. Toda essa situa\u00e7\u00e3o com o Minist\u00e9rio da Sa\u00fade vai prejudicar muito o Brasil. Isso virou uma guerra pol\u00edtica em meio a uma pandemia. Na minha opini\u00e3o, o<em> lockdown<\/em> deveria, sim, ter sido feito logo nas primeiras semanas. A situa\u00e7\u00e3o seria outra, a gente n\u00e3o fez quarentena de verdade at\u00e9 agora, nunca houve realmente isolamento.<\/p>\n<p><strong>+<a href=\"https:\/\/abr.ai\/assine-vejasp\" target=\"_blank\" data-saferedirecturl=\"https:\/\/www.google.com\/url?q=https:\/\/abr.ai\/assine-vejasp&amp;source=gmail&amp;ust=1593152572023000&amp;usg=AFQjCNGW7k1LdRfZbSPTigRVEkA_lYWwbg\" rel=\"noopener noreferrer\">Assine a Vejinha a partir de 6,90<\/a><\/strong><\/p>\n<p>Estou com muito medo de contrair Covid-19, a minha fam\u00edlia tamb\u00e9m. Tenho crian\u00e7a pequena em casa, uma nen\u00e9m de 3 meses. Esperei dois meses para pegar a minha filha no colo, s\u00f3 segurei depois que ela tomou as primeiras vacinas, que aumentam a imunidade. Antes, eu n\u00e3o ficava nem sequer no mesmo ambiente.<\/p>\n<div class=\"ads post-ads\"><span class=\"title\">Continua ap\u00f3s a publicidade<\/span><\/p>\n<div id=\"abrAD_rectangle3\" class=\"abrAD\" data-ad-><\/div>\n<\/div>\n<p>Tem sido estressante para a minha esposa e para as crian\u00e7as. Al\u00e9m da beb\u00ea, tenho mais quatro filhos: um de 2 anos, um de 5, um de 10 e um de 14. Minha esposa passa o dia todo com eles, a casa \u00e9 grande e tem op\u00e7\u00e3o de lazer, mas, mesmo assim, sem as aulas e sem poder sair, fica muito cansativo. S\u00f3 os mais velhos t\u00eam aula on-line, os outros n\u00e3o. \u00c9 dif\u00edcil chegar em casa, as crian\u00e7as v\u00eam abra\u00e7ar e eu n\u00e3o posso chegar perto, preciso tirar toda a roupa e ir tomar banho antes disso.\u201d<\/p>\n<p><b><span>Publicado<\/span>\u00a0em\u00a0<span>VEJA<\/span> S\u00c3O PAULO de 1 de julho de 2020, edi\u00e7\u00e3o n\u00ba 2693.<\/b><span>\u00a0\u00a0<\/span><\/p>\n<p><br \/>\n<br \/><a href=\"https:\/\/vejasp.abril.com.br\/cidades\/esperei-dois-meses-para-pegar-minha-filha-no-colo-conta-farmaceutico\/\">Fonte do Artigo <\/a><br \/>\nTags:<br \/>\n#loterias #loteriascaixa #megasena #resultadoapostas#noticias #noticiario  #noticia #brasil #noticiascolombia #mundo #esporte #colombia #noticiadeld #ltimasnoticias  #noticiario #noticiasregionales #noticiasdepartamentales #noticiashoy #esportes #noticiaahora #elinformantenoticias #noticiasdeboyac  #esporteinterativo #esportivo #diariodosesportes  #noticiero  #jogodefutebol #jogos #loto #apostas<\/p>\n","protected":false},"excerpt":{"rendered":"<p>Nos primeiros dias da quarentena, teve muito movimento na farm\u00e1cia, uma loucura. Muita gente atr\u00e1s de m\u00e1scara, de luva e, principalmente, de \u00e1lcool em gel. Isso durou do fim de mar\u00e7o at\u00e9 a metade de abril, agora voltou o movimento normal aqui no Jabaquara. As pessoas est\u00e3o mais relaxadas, n\u00e3o acreditam no v\u00edrus. Tem um [&hellip;]<\/p>\n","protected":false},"author":1,"featured_media":53670,"comment_status":"open","ping_status":"open","sticky":false,"template":"","format":"standard","meta":{"footnotes":""},"categories":[1],"tags":[],"class_list":["post-53669","post","type-post","status-publish","format-standard","has-post-thumbnail","hentry","category-curso-de-copy"],"_links":{"self":[{"href":"https:\/\/wiy.com.br\/noticias\/wp-json\/wp\/v2\/posts\/53669","targetHints":{"allow":["GET"]}}],"collection":[{"href":"https:\/\/wiy.com.br\/noticias\/wp-json\/wp\/v2\/posts"}],"about":[{"href":"https:\/\/wiy.com.br\/noticias\/wp-json\/wp\/v2\/types\/post"}],"author":[{"embeddable":true,"href":"https:\/\/wiy.com.br\/noticias\/wp-json\/wp\/v2\/users\/1"}],"replies":[{"embeddable":true,"href":"https:\/\/wiy.com.br\/noticias\/wp-json\/wp\/v2\/comments?post=53669"}],"version-history":[{"count":0,"href":"https:\/\/wiy.com.br\/noticias\/wp-json\/wp\/v2\/posts\/53669\/revisions"}],"wp:featuredmedia":[{"embeddable":true,"href":"https:\/\/wiy.com.br\/noticias\/wp-json\/wp\/v2\/media\/53670"}],"wp:attachment":[{"href":"https:\/\/wiy.com.br\/noticias\/wp-json\/wp\/v2\/media?parent=53669"}],"wp:term":[{"taxonomy":"category","embeddable":true,"href":"https:\/\/wiy.com.br\/noticias\/wp-json\/wp\/v2\/categories?post=53669"},{"taxonomy":"post_tag","embeddable":true,"href":"https:\/\/wiy.com.br\/noticias\/wp-json\/wp\/v2\/tags?post=53669"}],"curies":[{"name":"wp","href":"https:\/\/api.w.org\/{rel}","templated":true}]}}