{"id":53635,"date":"2023-02-26T15:25:59","date_gmt":"2023-02-26T18:25:59","guid":{"rendered":"https:\/\/wiy.com.br\/noticias\/designer-vence-premio-internacional-com-projeto-de-memorial-pos-covid\/"},"modified":"2020-06-26T07:35:10","modified_gmt":"2020-06-26T10:35:10","slug":"designer-vence-premio-internacional-com-projeto-de-memorial-pos-covid","status":"publish","type":"post","link":"https:\/\/wiy.com.br\/noticias\/designer-vence-premio-internacional-com-projeto-de-memorial-pos-covid\/","title":{"rendered":"Designer vence pr\u00eamio internacional com projeto de memorial p\u00f3s-Covid"},"content":{"rendered":"<p> <br \/>\n<\/p>\n<p>Eleito pelo j\u00fari popular, o designer paulistano <strong>Leonardo Dias<\/strong> conquistou um dos pr\u00eamios da <em>Coronavirus Design Competition<\/em>, disputa internacional com projetos de design e arquitetura inspirados pela pandemia. Dias criou a proposta de totens urbanos com pain\u00e9is de LED, que exibem fotos de v\u00edtimas de Covid-19, e estrutura para lavar as m\u00e3os. \u201cMe inspirei na <em>Crown Fountain<\/em>, de Chicago, que exp\u00f5e os rostos de moradores da cidade\u201d, conta. \u201cA ideia \u00e9 conscientizar a popula\u00e7\u00e3o e criar esse memorial para homenagear e humanizar as v\u00edtimas.\u201d<\/p>\n<p><span>Os m\u00f3dulos tamb\u00e9m poder\u00e3o ser usados para divulgar informa\u00e7\u00f5es \u00fateis, como medidas de distanciamento social e preven\u00e7\u00e3o para outras doen\u00e7as. \u201cRegi\u00f5es do centro seriam \u00f3timas para receber esse projeto, mas tamb\u00e9m as periferias, entre as que t\u00eam pouco acesso a \u00e1gua pot\u00e1vel tanto em S\u00e3o Paulo como no resto do Brasil\u201d, destaca.<\/span><\/p>\n<h3><strong>+\u00a0<a href=\"https:\/\/www.assine.abril.com.br\/portal\/assinar\/revista-veja-sao-paulo?origem=sr_vesp_cta_redacao&amp;utm_source=sites&amp;utm_medium=sr&amp;utm_campaign=sr_vesp_cta_redacao\" target=\"_blank\" rel=\"noopener noreferrer\">Assine a Vejinha\u00a0a partir de 6,90.<\/a><\/strong><\/h3>\n<p><strong>Publicado em VEJA S\u00c3O PAULO de 1\u00ba de julho de 2020, edi\u00e7\u00e3o n\u00ba 2693.<\/strong><\/p>\n<figure><img title = \"[Tags]\"alt = \"FOTO-2-Leonardo-Dias-1 Designer vence pr\u00eamio internacional com projeto de memorial p\u00f3s-Covid\"decoding=\"async\" src=\"https:\/\/vejasp.abril.com.br\/wp-content\/uploads\/2020\/06\/FOTO-2-Leonardo-Dias-1.png\" \/><figcaption>Leonardo Dias, vencedor pelo j\u00fari popular de competi\u00e7\u00e3o que reuniu iniciativas p\u00f3s-pandemia<span class=\"copyright\">Leonardo Dias\/Divulga\u00e7\u00e3o<\/span><\/figcaption><\/figure>\n<div class=\"block related-posts\">\n<ul class=\"block-menu\">\n<li data-tab=\"tab-1\" class=\"active\">Relacionadas<\/li>\n<li data-tab=\"tab-2\">Mais Lidas<\/li>\n<\/ul>\n<div id=\"tab-1\" class=\"block-content active\">\n<div class=\"row\">\n<li class=\"widget-news-item without-thumb with-border\">\n<div class=\"widget-news-info\"><a href=\"http:\/\/vejasp.abril.com.br\/cidades\">Cidades<\/a><span class=\"widget-news-item-title\"><a href=\"https:\/\/vejasp.abril.com.br\/blog\/terraco-paulistano\/apos-pedido-de-ajuda-viralizar-nas-redes-idoso-salva-comercio-da-falencia\/\">Ap\u00f3s pedido de ajuda viralizar nas redes, idoso salva com\u00e9rcio da fal\u00eancia<\/a><\/span><span class=\"widget-news-item-date\">22 Jun 2020 &#8211; 17h06<\/span><\/div>\n<\/li>\n<li class=\"widget-news-item without-thumb with-border\">\n<div class=\"widget-news-info\"><a href=\"http:\/\/vejasp.abril.com.br\/cultura-lazer\">Cultura &amp; Lazer<\/a><span class=\"widget-news-item-title\"><a href=\"https:\/\/vejasp.abril.com.br\/blog\/terraco-paulistano\/ascendente-em-memes-o-sucesso-da-astrologa-madama-brona-na-internet\/\">Ascendente em memes: o sucesso da astr\u00f3loga Madama Brona na internet<\/a><\/span><span class=\"widget-news-item-date\">19 Jun 2020 &#8211; 06h06<\/span><\/div>\n<\/li>\n<li class=\"widget-news-item without-thumb with-border\">\n<div class=\"widget-news-info\"><a href=\"http:\/\/vejasp.abril.com.br\/cidades\">Cidades<\/a><span class=\"widget-news-item-title\"><a href=\"https:\/\/vejasp.abril.com.br\/blog\/terraco-paulistano\/professora-de-escola-publica-vende-pecas-de-ceramica-pintadas-a-mao\/\">Professora de escola p\u00fablica vende pe\u00e7as de cer\u00e2mica pintadas \u00e0 m\u00e3o<\/a><\/span><span class=\"widget-news-item-date\">19 Jun 2020 &#8211; 06h06<\/span><\/div>\n<\/li>\n<li class=\"widget-news-item without-thumb with-border\">\n<div class=\"widget-news-info\"><a href=\"http:\/\/vejasp.abril.com.br\/comida-bebida\">Comida &amp; Bebida<\/a><span class=\"widget-news-item-title\"><a href=\"https:\/\/vejasp.abril.com.br\/blog\/terraco-paulistano\/projeto-reune-sommeliere-e-produtores-em-degustacoes-de-vinho-on-line\/\">Projeto re\u00fane sommeli\u00e8re e produtores em degusta\u00e7\u00f5es de vinhos on-line<\/a><\/span><span class=\"widget-news-item-date\">19 Jun 2020 &#8211; 06h06<\/span><\/div>\n<\/li>\n<li class=\"widget-news-item without-thumb with-border\">\n<div class=\"widget-news-info\"><a href=\"http:\/\/vejasp.abril.com.br\/cultura-lazer\">Cultura &amp; Lazer<\/a><span class=\"widget-news-item-title\"><a href=\"https:\/\/vejasp.abril.com.br\/blog\/terraco-paulistano\/performances-no-banheiro-projeto-reune-fotos-inusitadas-com-poses-de-ioga\/\">Performances no banheiro: projeto re\u00fane fotos inusitadas com poses de ioga<\/a><\/span><span class=\"widget-news-item-date\">19 Jun 2020 &#8211; 06h06<\/span><\/div>\n<\/li>\n<\/div>\n<\/div>\n<div id=\"tab-2\" class=\"block-content\">\n<div class=\"row\">\n<div class=\"col-s-12 col-l-3\"><a href=\"https:\/\/vejasp.abril.com.br\/saude\/joao-doria-decreta-nova-quarentena-no-estado-de-sao-paulo\/\" class=\"card\"><span class=\"category hide-s\">Sa\u00fade<\/span><img title = \"[Tags]\"data-src=\"https:\/\/vejasp.abril.com.br\/wp-content\/uploads\/2020\/06\/joao-doria.jpg?quality=70&amp;strip=info&amp;w=294&amp;h=200&amp;crop=1\"alt = \"FOTO-2-Leonardo-Dias-1 Designer vence pr\u00eamio internacional com projeto de memorial p\u00f3s-Covid\" class=\"lazyload media\" style=\"max-width:100%\"><span class=\"category hide-l\">Sa\u00fade<\/span><span class=\"title\"><strong>1<\/strong>Jo\u00e3o Doria decreta nova quarentena no estado de S\u00e3o Paulo<\/span><\/a><\/div>\n<div class=\"col-s-12 col-l-3\"><a href=\"https:\/\/vejasp.abril.com.br\/blog\/pop\/fabiana-karla-porta-dos-fundos\/\" class=\"card\"><span class=\"category hide-s\">Cultura &amp; Lazer<\/span><img title = \"[Tags]\"data-src=\"https:\/\/vejasp.abril.com.br\/wp-content\/uploads\/2020\/06\/fabiana-karla-porta-dos-fundos-01.jpg?quality=70&amp;strip=info&amp;w=294&amp;h=200&amp;crop=1\"alt = \"FOTO-2-Leonardo-Dias-1 Designer vence pr\u00eamio internacional com projeto de memorial p\u00f3s-Covid\" class=\"lazyload media\" style=\"max-width:100%\"><span class=\"category hide-l\">Cultura &amp; Lazer<\/span><span class=\"title\"><strong>2<\/strong>Fabiana Karla desabafa sobre v\u00eddeo do Porta dos Fundos: &quot;\u00c9 irrespons\u00e1vel&quot;<\/span><\/a><\/div>\n<div class=\"col-s-12 col-l-3\"><a href=\"https:\/\/vejasp.abril.com.br\/cidades\/homem-invade-a-globo-e-faz-reporter-de-refem-nesta-quarta-feira-10\/\" class=\"card\"><span class=\"category hide-s\">Cidades<\/span><img title = \"[Tags]\"data-src=\"https:\/\/vejasp.abril.com.br\/wp-content\/uploads\/2020\/06\/reporter-rede-globo-refem-01.jpg?quality=70&amp;strip=info&amp;w=294&amp;h=200&amp;crop=1\"alt = \"FOTO-2-Leonardo-Dias-1 Designer vence pr\u00eamio internacional com projeto de memorial p\u00f3s-Covid\" class=\"lazyload media\" style=\"max-width:100%\"><span class=\"category hide-l\">Cidades<\/span><span class=\"title\"><strong>3<\/strong>Homem invade est\u00fadios da Globo e faz rep\u00f3rter de ref\u00e9m nesta quarta (10)<\/span><\/a><\/div>\n<div class=\"col-s-12 col-l-3\"><a href=\"https:\/\/vejasp.abril.com.br\/blog\/astrologia\/previsoes-para-todos-os-signos-de-22-a-28-de-junho\/\" class=\"card\"><span class=\"category hide-s\">Cultura &amp; Lazer<\/span><img title = \"[Tags]\"data-src=\"https:\/\/vejasp.abril.com.br\/wp-content\/uploads\/2020\/06\/MERYLSTREEP2020.png?w=294&amp;h=200&amp;crop=1\"alt = \"FOTO-2-Leonardo-Dias-1 Designer vence pr\u00eamio internacional com projeto de memorial p\u00f3s-Covid\" class=\"lazyload media\" style=\"max-width:100%\"><span class=\"category hide-l\">Cultura &amp; Lazer<\/span><span class=\"title\"><strong>4<\/strong>Previs\u00f5es para todos os signos: de 22 a 28 de junho<\/span><\/a><\/div>\n<\/div>\n<\/div>\n<\/div>\n<p><br \/>\n<br \/><a href=\"https:\/\/vejasp.abril.com.br\/blog\/terraco-paulistano\/designer-vence-premio-internacional-com-projeto-de-memorial-pos-covid\/\">Fonte do Artigo <\/a><br \/>\nTags:<br \/>\n#loterias #loteriascaixa #megasena #resultadoapostas#noticias #noticiario  #noticia #brasil #noticiascolombia #mundo #esporte #colombia #noticiadeld #ltimasnoticias  #noticiario #noticiasregionales #noticiasdepartamentales #noticiashoy #esportes #noticiaahora #elinformantenoticias #noticiasdeboyac  #esporteinterativo #esportivo #diariodosesportes  #noticiero  #jogodefutebol #jogos #loto #apostas<\/p>\n","protected":false},"excerpt":{"rendered":"<p>Eleito pelo j\u00fari popular, o designer paulistano Leonardo Dias conquistou um dos pr\u00eamios da Coronavirus Design Competition, disputa internacional com projetos de design e arquitetura inspirados pela pandemia. Dias criou a proposta de totens urbanos com pain\u00e9is de LED, que exibem fotos de v\u00edtimas de Covid-19, e estrutura para lavar as m\u00e3os. \u201cMe inspirei na [&hellip;]<\/p>\n","protected":false},"author":1,"featured_media":53636,"comment_status":"open","ping_status":"open","sticky":false,"template":"","format":"standard","meta":{"footnotes":""},"categories":[1],"tags":[],"class_list":["post-53635","post","type-post","status-publish","format-standard","has-post-thumbnail","hentry","category-curso-de-copy"],"_links":{"self":[{"href":"https:\/\/wiy.com.br\/noticias\/wp-json\/wp\/v2\/posts\/53635","targetHints":{"allow":["GET"]}}],"collection":[{"href":"https:\/\/wiy.com.br\/noticias\/wp-json\/wp\/v2\/posts"}],"about":[{"href":"https:\/\/wiy.com.br\/noticias\/wp-json\/wp\/v2\/types\/post"}],"author":[{"embeddable":true,"href":"https:\/\/wiy.com.br\/noticias\/wp-json\/wp\/v2\/users\/1"}],"replies":[{"embeddable":true,"href":"https:\/\/wiy.com.br\/noticias\/wp-json\/wp\/v2\/comments?post=53635"}],"version-history":[{"count":0,"href":"https:\/\/wiy.com.br\/noticias\/wp-json\/wp\/v2\/posts\/53635\/revisions"}],"wp:featuredmedia":[{"embeddable":true,"href":"https:\/\/wiy.com.br\/noticias\/wp-json\/wp\/v2\/media\/53636"}],"wp:attachment":[{"href":"https:\/\/wiy.com.br\/noticias\/wp-json\/wp\/v2\/media?parent=53635"}],"wp:term":[{"taxonomy":"category","embeddable":true,"href":"https:\/\/wiy.com.br\/noticias\/wp-json\/wp\/v2\/categories?post=53635"},{"taxonomy":"post_tag","embeddable":true,"href":"https:\/\/wiy.com.br\/noticias\/wp-json\/wp\/v2\/tags?post=53635"}],"curies":[{"name":"wp","href":"https:\/\/api.w.org\/{rel}","templated":true}]}}