{"id":53599,"date":"2023-02-26T15:52:29","date_gmt":"2023-02-26T18:52:29","guid":{"rendered":"https:\/\/wiy.com.br\/noticias\/quem-e-carlos-alberto-decotelli-o-novo-ministro-da-educacao\/"},"modified":"2020-06-25T20:19:16","modified_gmt":"2020-06-25T23:19:16","slug":"quem-e-carlos-alberto-decotelli-o-novo-ministro-da-educacao","status":"publish","type":"post","link":"https:\/\/wiy.com.br\/noticias\/quem-e-carlos-alberto-decotelli-o-novo-ministro-da-educacao\/","title":{"rendered":"Quem \u00e9 Carlos Alberto Decotelli, o novo ministro da Educa\u00e7\u00e3o"},"content":{"rendered":"<p> <br \/>\n<\/p>\n<p>Carlos Alberto Decotelli ser\u00e1 o novo <strong><a href=\"https:\/\/exame.com\/noticias-sobre\/mec\/\">ministro da Educa\u00e7\u00e3o<\/a><\/strong> do Brasil. O an\u00fancio foi feito nas redes sociais pelo presidente Jair Bolsonaro nesta quinta-feira, 25, e oficializado em seguida em edi\u00e7\u00e3o extra do Di\u00e1rio Oficial da Uni\u00e3o.<\/p>\n<p>Decotelli foi presidente entre fevereiro e outubro de 2019 do Fundo Nacional de Desenvolvimento da Educa\u00e7\u00e3o (FNDE), principal autarquia do MEC respons\u00e1vel pela educa\u00e7\u00e3o b\u00e1sica. Depois, assumiu a Secretaria de Modalidades Especializadas de Educa\u00e7\u00e3o (Semesp), tamb\u00e9m no MEC.<\/p>\n<p>Ele j\u00e1 havia atuado na \u00e1rea de educa\u00e7\u00e3o durante a transi\u00e7\u00e3o de governo de Bolsonaro em 2018 e ser\u00e1 o \u00fanico negro entre 23 ministros.<\/p>\n<p>A nomea\u00e7\u00e3o de Decatelli para o MEC foi vista como um gesto aos militares, j\u00e1 que ele \u00e9 reservista da Marinha e atuou como professor e coordenador na Escola de Guerra Naval (EGN).<\/p>\n<p>Ele \u00e9 o terceiro ministro da Educa\u00e7\u00e3o do governo Bolsonaro e entra no lugar de Abraham Weintraub, que foi exonerado na semana passada e deixou o pa\u00eds em meio a um controverso processo de nomea\u00e7\u00e3o para o Banco Mundial e processos em andamento no Supremo Tribunal Federal (STF).<\/p>\n<p>Antes disso, Ricardo Vel\u00e9z tamb\u00e9m teve uma passagem turbulenta \u00e0 frente do MEC, uma das pastas onde h\u00e1 mais disputa de influ\u00eancia pelos defensores das ideias do fil\u00f3sofo Olavo de Carvalho.<\/p>\n<p>Em <a href=\"https:\/\/oglobo.globo.com\/sociedade\/nao-tenho-nem-preparacao-para-fazer-discussao-ideologica-minha-funcao-tecnica-diz-novo-ministro-da-educacao-24499159\">uma entrevista para O Globo logo ap\u00f3s a nomea\u00e7\u00e3o<\/a>, Decatelli prometeu uma gest\u00e3o t\u00e9cnica e pautada pelo di\u00e1logo: &#8220;Eu n\u00e3o tenho nem prepara\u00e7\u00e3o para fazer discuss\u00e3o ideol\u00f3gica&#8221;.<\/p>\n<aside>\n<div class=\"widget-news widget-box no-margin no-border\"><span class=\"widget-news-title content-box-title\">Veja tamb\u00e9m<\/span><\/p>\n<ul class=\"widget-news-list\">\n<li class=\"widget-news-item without-thumb with-border\">\n<div class=\"widget-news-info\"><a href=\"http:\/\/exame.com\/brasil\">BRASIL<\/a><span class=\"widget-news-item-title\"><a href=\"https:\/\/exame.com\/brasil\/homeschooling-alfabetizacao-e-os-desafios-da-educacao-na-pandemia\/\">Desigualdade e alfabetiza\u00e7\u00e3o desafiam educa\u00e7\u00e3o na pandemia da covid-19<\/a><\/span><span class=\"widget-news-item-date\">27 Maio 2020 &#8211; 07h05<\/span><\/div>\n<\/li>\n<li class=\"widget-news-item without-thumb with-border\">\n<div class=\"widget-news-info\"><a href=\"http:\/\/exame.com\/brasil\">BRASIL<\/a><span class=\"widget-news-item-title\"><a href=\"https:\/\/exame.com\/brasil\/o-que-dizem-politicos-e-especialistas-sobre-o-novo-ministro-da-educacao\/\">O que dizem pol\u00edticos e especialistas sobre o novo ministro da Educa\u00e7\u00e3o<\/a><\/span><span class=\"widget-news-item-date\">25 jun 2020 &#8211; 18h06<\/span><\/div>\n<\/li>\n<\/ul>\n<\/div>\n<\/aside>\n<h3>Curr\u00edculo<\/h3>\n<p>Decotelli tem 67 anos, \u00e9 economista e a maior parte da sua carreira esteve ligada aos temas da educa\u00e7\u00e3o executiva e ao mundo das finan\u00e7as.<\/p>\n<p>Segundo informa\u00e7\u00f5es do site do MEC, ele \u00e9 formado em Ci\u00eancias Econ\u00f4micas pela Universidade do Estado do Rio de Janeiro, \u00e9 mestre em Administra\u00e7\u00e3o pela Funda\u00e7\u00e3o Get\u00falio Vargas (FGV) e tem p\u00f3s-doutorado na Bergische Universit\u00e3t Wuppertal, universidade que fica na Alemanha.<\/p>\n<p>Seu curr\u00edculo tamb\u00e9m traz encontros profissionais com ministros e ex-ministros do atual governo. Ele participou na cria\u00e7\u00e3o dos cursos MBA Finan\u00e7as no Instituto Brasileiro de Mercado de Capitais (Ibmec), junto com Paulo Guedes, ministro da Economia, e Roberto Castello Branco, presidente do Petrobras.<\/p>\n<p>Docatelli tamb\u00e9m participou da cria\u00e7\u00e3o do curso de p\u00f3s-gradua\u00e7\u00e3o em Finan\u00e7as na PUC do Rio Grande do Sul, junto com o ex-ministro da Justi\u00e7a Sergio Moro e Edgar Abreu.<\/p>\n<p>(Com informa\u00e7\u00f5es da Reuters)<\/p>\n<div id=\"gtx-trans\">\n<div class=\"gtx-trans-icon\"><\/div>\n<\/div>\n<p>The post <a rel=\"nofollow\" href=\"https:\/\/exame.com\/brasil\/bolsonaro-anuncia-carlos-alberto-decotelli-como-novo-ministro-da-educacao\/\">Quem \u00e9 Carlos Alberto Decotelli, o novo ministro da Educa\u00e7\u00e3o<\/a> appeared first on <a rel=\"nofollow\" href=\"https:\/\/exame.com\">Exame<\/a>.<\/p>\n<p><br \/>\n<br \/><a href=\"https:\/\/exame.com\/brasil\/bolsonaro-anuncia-carlos-alberto-decotelli-como-novo-ministro-da-educacao\/\">Fonte do artigo <\/a><br \/>\nTags:<br \/>\n#politica #political #negocios #business #marketingdigital #empreendedorismo #marketing #emprendedores #empreender #sucesso #empresas #emprendimiento #emprendedor #empreendedor #emprender #dinheiro #dinero #empresario #vendas #liderazgo #motivacion #foco #motivacao #negocio #brasil<\/p>\n","protected":false},"excerpt":{"rendered":"<p>Carlos Alberto Decotelli ser\u00e1 o novo ministro da Educa\u00e7\u00e3o do Brasil. O an\u00fancio foi feito nas redes sociais pelo presidente Jair Bolsonaro nesta quinta-feira, 25, e oficializado em seguida em edi\u00e7\u00e3o extra do Di\u00e1rio Oficial da Uni\u00e3o. Decotelli foi presidente entre fevereiro e outubro de 2019 do Fundo Nacional de Desenvolvimento da Educa\u00e7\u00e3o (FNDE), principal [&hellip;]<\/p>\n","protected":false},"author":1,"featured_media":53600,"comment_status":"open","ping_status":"open","sticky":false,"template":"","format":"standard","meta":{"footnotes":""},"categories":[1],"tags":[],"class_list":["post-53599","post","type-post","status-publish","format-standard","has-post-thumbnail","hentry","category-curso-de-copy"],"_links":{"self":[{"href":"https:\/\/wiy.com.br\/noticias\/wp-json\/wp\/v2\/posts\/53599","targetHints":{"allow":["GET"]}}],"collection":[{"href":"https:\/\/wiy.com.br\/noticias\/wp-json\/wp\/v2\/posts"}],"about":[{"href":"https:\/\/wiy.com.br\/noticias\/wp-json\/wp\/v2\/types\/post"}],"author":[{"embeddable":true,"href":"https:\/\/wiy.com.br\/noticias\/wp-json\/wp\/v2\/users\/1"}],"replies":[{"embeddable":true,"href":"https:\/\/wiy.com.br\/noticias\/wp-json\/wp\/v2\/comments?post=53599"}],"version-history":[{"count":0,"href":"https:\/\/wiy.com.br\/noticias\/wp-json\/wp\/v2\/posts\/53599\/revisions"}],"wp:featuredmedia":[{"embeddable":true,"href":"https:\/\/wiy.com.br\/noticias\/wp-json\/wp\/v2\/media\/53600"}],"wp:attachment":[{"href":"https:\/\/wiy.com.br\/noticias\/wp-json\/wp\/v2\/media?parent=53599"}],"wp:term":[{"taxonomy":"category","embeddable":true,"href":"https:\/\/wiy.com.br\/noticias\/wp-json\/wp\/v2\/categories?post=53599"},{"taxonomy":"post_tag","embeddable":true,"href":"https:\/\/wiy.com.br\/noticias\/wp-json\/wp\/v2\/tags?post=53599"}],"curies":[{"name":"wp","href":"https:\/\/api.w.org\/{rel}","templated":true}]}}