{"id":53557,"date":"2023-02-26T15:01:40","date_gmt":"2023-02-26T18:01:40","guid":{"rendered":"https:\/\/wiy.com.br\/noticias\/prefeitura-do-rio-recua-e-nao-tem-mais-prazo-para-retomar-aulas\/"},"modified":"2020-06-25T10:08:18","modified_gmt":"2020-06-25T13:08:18","slug":"prefeitura-do-rio-recua-e-nao-tem-mais-prazo-para-retomar-aulas","status":"publish","type":"post","link":"https:\/\/wiy.com.br\/noticias\/prefeitura-do-rio-recua-e-nao-tem-mais-prazo-para-retomar-aulas\/","title":{"rendered":"Prefeitura do Rio recua e n\u00e3o tem mais prazo para retomar aulas"},"content":{"rendered":"<p> <br \/>\n<\/p>\n<p>Depois de v\u00e1rias medidas que anteciparam prazos no processo de flexibiliza\u00e7\u00e3o das regras de isolamento social no <strong><a href=\"https:\/\/exame.com\/noticias-sobre\/rio-de-janeiro\/\">Rio<\/a><\/strong>, a prefeitura recuou, com uma medida que atinge a si mesma. N\u00e3o h\u00e1 mais prazo para a reabertura das 1.542 unidades de ensino da rede municipal, nas quais estudam 641.564 alunos. Pelo planejamento original, turmas do 5\u00ba ao 9\u00ba ano e 525 creches deveriam retomar suas atividades no pr\u00f3ximo dia 6. Mas, em meio a um aumento do risco de cont\u00e1gio da <strong><a href=\"https:\/\/exame.com\/noticias-sobre\/coronavirus\">covid-19<\/a><\/strong> na cidade, a expectativa agora \u00e9 que as aulas, suspensas h\u00e1 quase quatro meses, s\u00f3 voltem, de forma gradual, no fim de agosto ou no in\u00edcio de setembro.<\/p>\n<p>Um dos motivos para o adiamento da volta \u00e0s aulas \u00e9 que, apesar de a pandemia ter feito suas primeiras v\u00edtimas na cidade em mar\u00e7o, ainda n\u00e3o existe um protocolo para as escolas garantirem a seguran\u00e7a de funcion\u00e1rios e estudantes. As normas ser\u00e3o definidas por uma comiss\u00e3o que a secret\u00e1ria municipal de Educa\u00e7\u00e3o, Talma Suane, dever\u00e1 formar nos pr\u00f3ximos dias. Ela admitiu a aus\u00eancia dessas regras na \u00faltima segunda-feira, durante uma audi\u00eancia p\u00fablica virtual na C\u00e2mara Municipal.<\/p>\n<aside>\n<div class=\"widget-news widget-box no-margin no-border\"><span class=\"widget-news-title content-box-title\">Veja tamb\u00e9m<\/span><\/p>\n<ul class=\"widget-news-list\">\n<li class=\"widget-news-item without-thumb with-border\">\n<div class=\"widget-news-info\"><a href=\"http:\/\/exame.com\/brasil\">BRASIL<\/a><span class=\"widget-news-item-title\"><a href=\"https:\/\/exame.com\/brasil\/sp-anuncia-volta-das-aulas-em-8-de-setembro-com-rodizio-de-alunos\/\">SP prev\u00ea volta \u00e0s aulas em 8 de setembro, com rod\u00edzio de alunos<\/a><\/span><span class=\"widget-news-item-date\">24 jun 2020 &#8211; 12h06<\/span><\/div>\n<\/li>\n<li class=\"widget-news-item without-thumb with-border\">\n<div class=\"widget-news-info\"><a href=\"http:\/\/exame.com\/brasil\">BRASIL<\/a><span class=\"widget-news-item-title\"><a href=\"https:\/\/exame.com\/brasil\/risco-de-contagio-por-covid-19-volta-a-crescer-no-rio\/\">Risco de cont\u00e1gio por covid-19 volta a crescer no Rio<\/a><\/span><span class=\"widget-news-item-date\">23 jun 2020 &#8211; 13h06<\/span><\/div>\n<\/li>\n<\/ul>\n<\/div>\n<\/aside>\n<p>&#8220;N\u00e3o propomos retorno sem preparo. O comit\u00ea que constituiremos vai trabalhar em cima de evid\u00eancias, sem restri\u00e7\u00e3o de direitos, com foco na seguran\u00e7a dos alunos, na adequa\u00e7\u00e3o das estruturas e no plano pedag\u00f3gico&#8221;, disse a secret\u00e1ria na audi\u00eancia.<\/p>\n<h3>Retorno depende da curva de contamina\u00e7\u00e3o<\/h3>\n<p>O adiamento da retomada das atividades escolares foi confirmado ontem pela Secretaria municipal de Educa\u00e7\u00e3o (SME), que divulgou uma nota: \u201cN\u00e3o h\u00e1 uma data para o retorno dos alunos \u00e0s aulas. Depende da curva de contamina\u00e7\u00e3o do novo coronav\u00edrus e das orienta\u00e7\u00f5es sanit\u00e1rias. Assim que for definido efetivamente o rein\u00edcio do ano letivo, a SME seguir\u00e1 as orienta\u00e7\u00f5es do Conselho Nacional de Educa\u00e7\u00e3o que trata da reorganiza\u00e7\u00e3o do calend\u00e1rio escolar\u2019\u2019.<\/p>\n<p>Apesar de a SME afirmar que o retorno depende da curvas de contamina\u00e7\u00e3o, a secret\u00e1ria municipal de Sa\u00fade, Beatriz Busch, disse ontem que, \u201cno momento\u201d, isso n\u00e3o preocupa a prefeitura. Ela deu a declara\u00e7\u00e3o em um evento de cess\u00e3o de equipamentos para o Hospital M\u00e1rio Kroeff, na Penha. Tamb\u00e9m presente, o prefeito Marcelo Crivella n\u00e3o comentou um estudo da UFRJ, mostrado pelo GLOBO, que aponta um aumento no \u00edndice de cont\u00e1gio este m\u00eas. Ele pediu para Beatriz se pronunciar, e ela negou que haja um recrudescimento da Covid-19:<\/p>\n<p>&#8211; O aumento de casos \u00e9 diretamente ligado ao aumento da quantidade de exames positivos. Isso \u00e9 normal (acontecer). O dado (da UFRJ) n\u00e3o \u00e9 preciso para o nosso planejamento de retomada de atividades. Levamos em conta a capacidade de leitos, a quantidade de \u00f3bitos e a notifica\u00e7\u00e3o da quantidade de casos gripais nas nossas redes.<\/p>\n<p>Segundo o estudo da UFRJ, depois de iniciadas as medidas de flexibiliza\u00e7\u00e3o no munic\u00edpio, houve um aumento da chamada taxa de transmiss\u00e3o &#8211; em maio, era de 1,72 (uma pessoa doente podia infectar quase duas); no in\u00edcio deste m\u00eas passou para 1,03 e, nas \u00faltima semana, subiu para 1,39, o que corresspode a um risco considerado alto.<\/p>\n<p>The post <a rel=\"nofollow\" href=\"https:\/\/exame.com\/brasil\/prefeitura-do-rio-recua-e-nao-tem-mais-prazo-para-retomar-aulas\/\">Prefeitura do Rio recua e n\u00e3o tem mais prazo para retomar aulas<\/a> appeared first on <a rel=\"nofollow\" href=\"https:\/\/exame.com\">Exame<\/a>.<\/p>\n<p><br \/>\n<br \/><a href=\"https:\/\/exame.com\/brasil\/prefeitura-do-rio-recua-e-nao-tem-mais-prazo-para-retomar-aulas\/\">Fonte do artigo <\/a><br \/>\nTags:<br \/>\n#politica #political #negocios #business #marketingdigital #empreendedorismo #marketing #emprendedores #empreender #sucesso #empresas #emprendimiento #emprendedor #empreendedor #emprender #dinheiro #dinero #empresario #vendas #liderazgo #motivacion #foco #motivacao #negocio #brasil<\/p>\n","protected":false},"excerpt":{"rendered":"<p>Depois de v\u00e1rias medidas que anteciparam prazos no processo de flexibiliza\u00e7\u00e3o das regras de isolamento social no Rio, a prefeitura recuou, com uma medida que atinge a si mesma. N\u00e3o h\u00e1 mais prazo para a reabertura das 1.542 unidades de ensino da rede municipal, nas quais estudam 641.564 alunos. Pelo planejamento original, turmas do 5\u00ba [&hellip;]<\/p>\n","protected":false},"author":1,"featured_media":52200,"comment_status":"open","ping_status":"open","sticky":false,"template":"","format":"standard","meta":{"footnotes":""},"categories":[1],"tags":[],"class_list":["post-53557","post","type-post","status-publish","format-standard","has-post-thumbnail","hentry","category-curso-de-copy"],"_links":{"self":[{"href":"https:\/\/wiy.com.br\/noticias\/wp-json\/wp\/v2\/posts\/53557","targetHints":{"allow":["GET"]}}],"collection":[{"href":"https:\/\/wiy.com.br\/noticias\/wp-json\/wp\/v2\/posts"}],"about":[{"href":"https:\/\/wiy.com.br\/noticias\/wp-json\/wp\/v2\/types\/post"}],"author":[{"embeddable":true,"href":"https:\/\/wiy.com.br\/noticias\/wp-json\/wp\/v2\/users\/1"}],"replies":[{"embeddable":true,"href":"https:\/\/wiy.com.br\/noticias\/wp-json\/wp\/v2\/comments?post=53557"}],"version-history":[{"count":0,"href":"https:\/\/wiy.com.br\/noticias\/wp-json\/wp\/v2\/posts\/53557\/revisions"}],"wp:featuredmedia":[{"embeddable":true,"href":"https:\/\/wiy.com.br\/noticias\/wp-json\/wp\/v2\/media\/52200"}],"wp:attachment":[{"href":"https:\/\/wiy.com.br\/noticias\/wp-json\/wp\/v2\/media?parent=53557"}],"wp:term":[{"taxonomy":"category","embeddable":true,"href":"https:\/\/wiy.com.br\/noticias\/wp-json\/wp\/v2\/categories?post=53557"},{"taxonomy":"post_tag","embeddable":true,"href":"https:\/\/wiy.com.br\/noticias\/wp-json\/wp\/v2\/tags?post=53557"}],"curies":[{"name":"wp","href":"https:\/\/api.w.org\/{rel}","templated":true}]}}