{"id":53400,"date":"2023-02-26T15:26:52","date_gmt":"2023-02-26T18:26:52","guid":{"rendered":"https:\/\/wiy.com.br\/noticias\/antes-exemplo-capitais-do-sul-beiram-o-colapso-e-voltam-a-fechar-comercio\/"},"modified":"2020-06-23T18:24:47","modified_gmt":"2020-06-23T21:24:47","slug":"antes-exemplo-capitais-do-sul-beiram-o-colapso-e-voltam-a-fechar-comercio","status":"publish","type":"post","link":"https:\/\/wiy.com.br\/noticias\/antes-exemplo-capitais-do-sul-beiram-o-colapso-e-voltam-a-fechar-comercio\/","title":{"rendered":"Antes exemplo, capitais do Sul beiram o colapso e voltam a fechar com\u00e9rcio"},"content":{"rendered":"<p> <br \/>\n<\/p>\n<p>Depois de serem consideradas exemplo no combate \u00e0 pandemia da <strong><a href=\"http:\/\/exame.abril.com.br\/noticias-sobre\/coronavirus\/\">covid-19<\/a><\/strong>, <strong>Curitiba<\/strong>, <strong>Florian\u00f3polis<\/strong> e <strong>Porto Alegre<\/strong> enfrentam problemas no atendimento \u00e0s v\u00edtimas da doen\u00e7a. Nesta semana, as tr\u00eas capitais voltaram a fechar parte do com\u00e9rcio para evitar o colapso nos leitos de UTI, ap\u00f3s o aumento do n\u00famero de casos.<\/p>\n<p>Os aumentos coincidiram com a reabertura de com\u00e9rcio, shoppings, bares e restaurantes, feita h\u00e1 um m\u00eas. Especialistas em sa\u00fade, e o pr\u00f3prio Minist\u00e9rio da Sa\u00fade, dizem que qualquer a\u00e7\u00e3o tomada pelo poder p\u00fablico s\u00f3 vai ser sentida, pelo menos, 14 dias depois por causa do tempo de incuba\u00e7\u00e3o do v\u00edrus.<\/p>\n<p>No dia 23 de maio, Curitiba tinha 936 casos confirmados e 36 mortes por covid-19. No balan\u00e7o divulgado pela Secretaria Municipal da Sa\u00fade nesta ter\u00e7a-feira, 23, s\u00e3o 2.671 pessoas infectadas e 116 \u00f3bitos.<\/p>\n<p>O aumento de casos impactou na ocupa\u00e7\u00e3o dos leitos de UTI. Dos 223 dispon\u00edveis para atendimento de pacientes com covid-19, 75% est\u00e3o ocupados. Em maio, essa taxa era de 20%. O Hospital do Trabalhador e o Hospital Evang\u00e9lico Mackenzie, dois dos maiores da capital paranaense, atingiram 100% de ocupa\u00e7\u00e3o nesta ter\u00e7a-feira.<\/p>\n<p>A secret\u00e1ria da Sa\u00fade de Curitiba, Marcia Cecilia Hu\u00e7ulak, classificou essas medidas nas tr\u00eas capitais como &#8220;onda do Sul.&#8221;<\/p>\n<p>&#8220;Os tr\u00eas estados [<em>Paran\u00e1, Santa Catarina e Rio Grande do Sul<\/em>] t\u00eam caracter\u00edsticas de clima e popula\u00e7\u00e3o similares, a pandemia chegou mais tarde na regi\u00e3o&#8221;, disse ela em entrevista coletiva nesta ter\u00e7a-feira.<\/p>\n<p>Desde s\u00e1bado, 13, est\u00e3o proibidos de funcionar igrejas, academias e bares, que registraram aglomera\u00e7\u00f5es, principalmente aos finais de semana. Os shoppings podem ficar abertos, mas somente durante a semana, assim como o com\u00e9rcio de rua.<\/p>\n<aside>\n<div class=\"widget-news widget-box no-margin no-border\"><span class=\"widget-news-title content-box-title\">Veja tamb\u00e9m<\/span><\/p>\n<ul class=\"widget-news-list\">\n<li class=\"widget-news-item without-thumb with-border\">\n<div class=\"widget-news-info\"><a href=\"http:\/\/exame.com\/brasil\">BRASIL<\/a><span class=\"widget-news-item-title\"><a href=\"https:\/\/exame.com\/brasil\/campinas-fecha-comercio-shoppings-e-suspende-cirurgias-eletivas\/\">Campinas volta a fechar com\u00e9rcio, shoppings e suspende cirurgias eletivas<\/a><\/span><span class=\"widget-news-item-date\">19 jun 2020 &#8211; 20h06<\/span><\/div>\n<\/li>\n<li class=\"widget-news-item without-thumb with-border\">\n<div class=\"widget-news-info\"><a href=\"http:\/\/exame.com\/brasil\">BRASIL<\/a><span class=\"widget-news-item-title\"><a href=\"https:\/\/exame.com\/brasil\/12-milhao-tiveram-coronavirus-na-cidade-de-sp-diz-estudo-da-prefeitura\/\">1,2 milh\u00e3o tiveram coronav\u00edrus na cidade de SP, diz estudo da prefeitura<\/a><\/span><span class=\"widget-news-item-date\">23 jun 2020 &#8211; 12h06<\/span><\/div>\n<\/li>\n<\/ul>\n<\/div>\n<\/aside>\n<h3>Mortes dobraram em Florian\u00f3polis<\/h3>\n<p>A capital de Santa Catarina tinha uma situa\u00e7\u00e3o bem diferente no dia 23 de maio, quando registrava 740 casos confirmados e 7 mortes causadas pelo coronav\u00edrus. <a href=\"https:\/\/exame.com\/brasil\/florianopolis-completa-um-mes-sem-mortes-por-coronavirus\/\">Chegou a ficar mais de 30 dias sem registrar um \u00fanico \u00f3bito<\/a>.<\/p>\n<p>No \u00faltimo boletim, divulgado pela Secretaria Municipal da Sa\u00fade na segunda-feira, 22, Florian\u00f3polis tem 1.388 casos confirmados e 14 mortes. No total, 36 pessoas est\u00e3o internadas, o dobro do registrado h\u00e1 30 dias.<\/p>\n<p>Pelo aumento de casos e ocupa\u00e7\u00e3o de leitos de UTI, <a href=\"https:\/\/exame.com\/brasil\/florianopolis-volta-a-fechar-e-prefeito-avisa-aqui-nao-vai-ter-2a-onda\/\">a partir desta quarta-feira, 24, academias e shoppings, em funcionamento desde o fim de abril, voltam a fechar<\/a>. A circula\u00e7\u00e3o em praias e atividades ao ar livre tamb\u00e9m ficam proibidas na capital catarinense. As medidas t\u00eam validade por 14 dias.<\/p>\n<p>Outras cidades de Santa Catarina tamb\u00e9m voltaram a determinar medidas mais restritivas. Balne\u00e1rio Cambori\u00fa decretou ontem o fechamento das praias e toque de recolher das 23h \u00e0s 6h.<\/p>\n<p>Assim como Curitiba e Florian\u00f3polis, nesta ter\u00e7a-feira, 23, Porto Alegre determinou o fechamento de com\u00e9rcio n\u00e3o essencial, bares, restaurantes, parques e shoppings. A decis\u00e3o foi justificada pelo aumento no n\u00famero de ocupa\u00e7\u00e3o de leitos de UTI. H\u00e1 um m\u00eas eram 40 pessoas internadas, e na segunda-feira, 22, chegaram a 102.<\/p>\n<p>A capital ga\u00facha tem um total de 2.927 casos confirmados e 68 mortes.<span><\/span><\/p>\n<p>The post <a rel=\"nofollow\" href=\"https:\/\/exame.com\/brasil\/antes-exemplo-capitais-do-sul-beiram-a-colapso-e-voltam-a-fechar-comercio\/\">Antes exemplo, capitais do Sul beiram o colapso e voltam a fechar com\u00e9rcio<\/a> appeared first on <a rel=\"nofollow\" href=\"https:\/\/exame.com\">Exame<\/a>.<\/p>\n<p><br \/>\n<br \/><a href=\"https:\/\/exame.com\/brasil\/antes-exemplo-capitais-do-sul-beiram-a-colapso-e-voltam-a-fechar-comercio\/\">Fonte do artigo <\/a><br \/>\nTags:<br \/>\n#politica #political #negocios #business #marketingdigital #empreendedorismo #marketing #emprendedores #empreender #sucesso #empresas #emprendimiento #emprendedor #empreendedor #emprender #dinheiro #dinero #empresario #vendas #liderazgo #motivacion #foco #motivacao #negocio #brasil<\/p>\n","protected":false},"excerpt":{"rendered":"<p>Depois de serem consideradas exemplo no combate \u00e0 pandemia da covid-19, Curitiba, Florian\u00f3polis e Porto Alegre enfrentam problemas no atendimento \u00e0s v\u00edtimas da doen\u00e7a. Nesta semana, as tr\u00eas capitais voltaram a fechar parte do com\u00e9rcio para evitar o colapso nos leitos de UTI, ap\u00f3s o aumento do n\u00famero de casos. Os aumentos coincidiram com a [&hellip;]<\/p>\n","protected":false},"author":1,"featured_media":52838,"comment_status":"open","ping_status":"open","sticky":false,"template":"","format":"standard","meta":{"footnotes":""},"categories":[1],"tags":[],"class_list":["post-53400","post","type-post","status-publish","format-standard","has-post-thumbnail","hentry","category-curso-de-copy"],"_links":{"self":[{"href":"https:\/\/wiy.com.br\/noticias\/wp-json\/wp\/v2\/posts\/53400","targetHints":{"allow":["GET"]}}],"collection":[{"href":"https:\/\/wiy.com.br\/noticias\/wp-json\/wp\/v2\/posts"}],"about":[{"href":"https:\/\/wiy.com.br\/noticias\/wp-json\/wp\/v2\/types\/post"}],"author":[{"embeddable":true,"href":"https:\/\/wiy.com.br\/noticias\/wp-json\/wp\/v2\/users\/1"}],"replies":[{"embeddable":true,"href":"https:\/\/wiy.com.br\/noticias\/wp-json\/wp\/v2\/comments?post=53400"}],"version-history":[{"count":0,"href":"https:\/\/wiy.com.br\/noticias\/wp-json\/wp\/v2\/posts\/53400\/revisions"}],"wp:featuredmedia":[{"embeddable":true,"href":"https:\/\/wiy.com.br\/noticias\/wp-json\/wp\/v2\/media\/52838"}],"wp:attachment":[{"href":"https:\/\/wiy.com.br\/noticias\/wp-json\/wp\/v2\/media?parent=53400"}],"wp:term":[{"taxonomy":"category","embeddable":true,"href":"https:\/\/wiy.com.br\/noticias\/wp-json\/wp\/v2\/categories?post=53400"},{"taxonomy":"post_tag","embeddable":true,"href":"https:\/\/wiy.com.br\/noticias\/wp-json\/wp\/v2\/tags?post=53400"}],"curies":[{"name":"wp","href":"https:\/\/api.w.org\/{rel}","templated":true}]}}