{"id":53283,"date":"2023-02-26T15:33:09","date_gmt":"2023-02-26T18:33:09","guid":{"rendered":"https:\/\/wiy.com.br\/noticias\/bolsonaro-fala-em-paz-e-harmonia-entre-poderes-pelo-bem-estar-da-populacao\/"},"modified":"2020-06-22T17:28:09","modified_gmt":"2020-06-22T20:28:09","slug":"bolsonaro-fala-em-paz-e-harmonia-entre-poderes-pelo-bem-estar-da-populacao","status":"publish","type":"post","link":"https:\/\/wiy.com.br\/noticias\/bolsonaro-fala-em-paz-e-harmonia-entre-poderes-pelo-bem-estar-da-populacao\/","title":{"rendered":"Bolsonaro fala em paz e harmonia entre poderes pelo bem-estar da popula\u00e7\u00e3o"},"content":{"rendered":"<p> <br \/>\n<\/p>\n<p>O presidente da Rep\u00fablica, <a href=\"https:\/\/exame.com\/noticias-sobre\/jair-Bolsonaro\/\"><strong>Jair Bolsonaro<\/strong><\/a>, defendeu nesta segunda-feira, 22, que, com &#8220;paz e harmonia&#8221; entre os Poderes e foco no &#8220;bem-estar&#8221; da popula\u00e7\u00e3o, o Brasil ser\u00e1 colocado em local de destaque que merece. A declara\u00e7\u00e3o ocorre em meio \u00e0 tens\u00e3o com o Supremo Tribunal Federal (STF), que nos \u00faltimos dias determinou uma s\u00e9rie de medidas que afetam o governo e seus aliados. Bolsonaro admitiu ainda que a imagem do Brasil no exterior &#8220;n\u00e3o est\u00e1 muito boa&#8221;, mas atribui \u00e0 &#8220;desinforma\u00e7\u00e3o&#8221;.<\/p>\n<p>&#8220;E n\u00f3s, em paz e harmonia, com bom entendimento entre os Poderes todos focados realmente no bem-estar da nossa popula\u00e7\u00e3o e nos anseios da mesma temos certeza que colocaremos o Brasil no local de destaque que ele bem merece&#8221;, disse Bolsonaro na estreia do canal Agro+, da Band TV, em cerim\u00f4nia na sede da emissora em Bras\u00edlia.<\/p>\n<p>O ministro do Supremo Tribunal Federal (STF) Gilmar Mendes estava presente.<\/p>\n<aside>\n<div class=\"widget-news widget-box no-margin no-border\"><span class=\"widget-news-title content-box-title\">Veja tamb\u00e9m<\/span><\/p>\n<ul class=\"widget-news-list\">\n<li class=\"widget-news-item without-thumb with-border\">\n<div class=\"widget-news-info\"><a href=\"http:\/\/exame.com\/economia\">ECONOMIA<\/a><span class=\"widget-news-item-title\"><a href=\"https:\/\/exame.com\/economia\/governo-nao-tem-condicoes-de-manter-auxilio-de-r600-diz-bolsonaro\/\">Bolsonaro: governo n\u00e3o tem condi\u00e7\u00e3o de manter aux\u00edlio emergencial de R$600<\/a><\/span><span class=\"widget-news-item-date\">22 jun 2020 &#8211; 13h06<\/span><\/div>\n<\/li>\n<\/ul>\n<\/div>\n<\/aside>\n<p>Na fala, o presidente ainda fez um afago a ministra da Agricultura, Tereza Cristina. Em tom de brincadeira, disse que a ministra ainda ficaria mais 20 anos no cargo. &#8220;Nossa garota do agroneg\u00f3cio, se Gilmar (Mendes) permitir, ela vai ter estabilidade no minist\u00e9rio&#8221;, disse.<\/p>\n<p><a href=\"https:\/\/exame.com\/brasil\/maia-diz-que-relacao-entre-poderes-melhorou-e-pede-uniao\/\">Nesta segunda-feira, o presidente da C\u00e2mara, Rodrigo Maia, disse que o clima entre os poderes tem melhorado.<\/a><\/p>\n<h3>Congresso<\/h3>\n<p>O presidente afirmou acreditar que o Executivo acertou na rela\u00e7\u00e3o com o Congresso nos \u00faltimos dois meses. O per\u00edodo marca justamente a aproxima\u00e7\u00e3o do Planalto com partidos do bloco conhecido como Centr\u00e3o, que tem conseguido emplacar nomes para cargos no Executivo. &#8220;Passamos a conversar com praticamente todos os partidos&#8221;, afirmou.<\/p>\n<p>No evento tamb\u00e9m estava presente o novo ministro das Comunica\u00e7\u00f5es, deputado F\u00e1bio Faria (PSD-RN). A pasta foi recriada por Bolsonaro ap\u00f3s a divis\u00e3o da pasta comandada por Marcos Pontes, militar da reserva.<\/p>\n<p>The post <a rel=\"nofollow\" href=\"https:\/\/exame.com\/brasil\/bolsonaro-fala-em-paz-e-harmonia-entre-poderes-pelo-bem-estar-da-populacao\/\">Bolsonaro fala em paz e harmonia entre poderes pelo bem-estar da popula\u00e7\u00e3o<\/a> appeared first on <a rel=\"nofollow\" href=\"https:\/\/exame.com\">Exame<\/a>.<\/p>\n<p><br \/>\n<br \/><a href=\"https:\/\/exame.com\/brasil\/bolsonaro-fala-em-paz-e-harmonia-entre-poderes-pelo-bem-estar-da-populacao\/\">Fonte do artigo <\/a><br \/>\nTags:<br \/>\n#politica #political #negocios #business #marketingdigital #empreendedorismo #marketing #emprendedores #empreender #sucesso #empresas #emprendimiento #emprendedor #empreendedor #emprender #dinheiro #dinero #empresario #vendas #liderazgo #motivacion #foco #motivacao #negocio #brasil<\/p>\n","protected":false},"excerpt":{"rendered":"<p>O presidente da Rep\u00fablica, Jair Bolsonaro, defendeu nesta segunda-feira, 22, que, com &#8220;paz e harmonia&#8221; entre os Poderes e foco no &#8220;bem-estar&#8221; da popula\u00e7\u00e3o, o Brasil ser\u00e1 colocado em local de destaque que merece. A declara\u00e7\u00e3o ocorre em meio \u00e0 tens\u00e3o com o Supremo Tribunal Federal (STF), que nos \u00faltimos dias determinou uma s\u00e9rie de [&hellip;]<\/p>\n","protected":false},"author":1,"featured_media":53284,"comment_status":"open","ping_status":"open","sticky":false,"template":"","format":"standard","meta":{"footnotes":""},"categories":[1],"tags":[],"class_list":["post-53283","post","type-post","status-publish","format-standard","has-post-thumbnail","hentry","category-curso-de-copy"],"_links":{"self":[{"href":"https:\/\/wiy.com.br\/noticias\/wp-json\/wp\/v2\/posts\/53283","targetHints":{"allow":["GET"]}}],"collection":[{"href":"https:\/\/wiy.com.br\/noticias\/wp-json\/wp\/v2\/posts"}],"about":[{"href":"https:\/\/wiy.com.br\/noticias\/wp-json\/wp\/v2\/types\/post"}],"author":[{"embeddable":true,"href":"https:\/\/wiy.com.br\/noticias\/wp-json\/wp\/v2\/users\/1"}],"replies":[{"embeddable":true,"href":"https:\/\/wiy.com.br\/noticias\/wp-json\/wp\/v2\/comments?post=53283"}],"version-history":[{"count":0,"href":"https:\/\/wiy.com.br\/noticias\/wp-json\/wp\/v2\/posts\/53283\/revisions"}],"wp:featuredmedia":[{"embeddable":true,"href":"https:\/\/wiy.com.br\/noticias\/wp-json\/wp\/v2\/media\/53284"}],"wp:attachment":[{"href":"https:\/\/wiy.com.br\/noticias\/wp-json\/wp\/v2\/media?parent=53283"}],"wp:term":[{"taxonomy":"category","embeddable":true,"href":"https:\/\/wiy.com.br\/noticias\/wp-json\/wp\/v2\/categories?post=53283"},{"taxonomy":"post_tag","embeddable":true,"href":"https:\/\/wiy.com.br\/noticias\/wp-json\/wp\/v2\/tags?post=53283"}],"curies":[{"name":"wp","href":"https:\/\/api.w.org\/{rel}","templated":true}]}}