{"id":53250,"date":"2023-02-26T15:33:21","date_gmt":"2023-02-26T18:33:21","guid":{"rendered":"https:\/\/wiy.com.br\/noticias\/mercado-interrompe-sequencia-de-queda-do-pib-mas-preve-recessao-de-65\/"},"modified":"2020-06-22T10:32:23","modified_gmt":"2020-06-22T13:32:23","slug":"mercado-interrompe-sequencia-de-queda-do-pib-mas-preve-recessao-de-65","status":"publish","type":"post","link":"https:\/\/wiy.com.br\/noticias\/mercado-interrompe-sequencia-de-queda-do-pib-mas-preve-recessao-de-65\/","title":{"rendered":"Mercado interrompe sequ\u00eancia de queda do PIB, mas prev\u00ea recess\u00e3o de 6,5%"},"content":{"rendered":"<p> <br \/>\n<\/p>\n<div id=\"\">\n<p>Ap\u00f3s baixar a previs\u00e3o do Produto Interno Bruto (PIB) por 18 semanas consecutivas, o mercado financeiro revisou, pela primeira vez, o resultado da economia para cima. <span>Segundo o\u00a0<\/span><span\/><a href=\"https:\/\/veja.abril.com.br\/noticias-sobre\/boletim-focus\"><strong>Boletim Focus<\/strong><\/a><span> divulgado nesta segunda-feira, 22, o PIB<\/span><span>\u00a0do Brasil\u00a0<\/span><span>deve apresentar uma contra\u00e7\u00e3o de 6,50%. A previs\u00e3o \u00e9 apenas 0,01 ponto percentual acima da estimativa dos economistas consultados pelo Banco Central na semana passada. Apesar da quebra da sequ\u00eancia, o relat\u00f3rio apresenta um cen\u00e1rio de grave recess\u00e3o econ\u00f4mica. A queda \u00e9 maior que em 2015, quando o PIB contraiu 3,5%.\u00a0<\/span><\/p>\n<div class=\"block_assine_posts\">\n<h2 class=\"title-assine\">ASSINE VEJA<\/h2>\n<figure id=\"attachment_3511514\" class=\"wp-caption alignnone  media-assine\"><img loading=\"lazy\" decoding=\"async\" class=\"size-large wp-image-3511514\" src=\"https:\/\/veja.abril.com.br\/wp-content\/uploads\/2020\/06\/CAPA-DE-VEJA-2692-V-1.jpg?quality=70&amp;strip=info&amp;w=240\" border=\"0\"alt = \"CAPA-DE-VEJA-2692-V-1 Mercado interrompe sequ\u00eancia de queda do PIB, mas prev\u00ea recess\u00e3o de 6,5%\"title = \"[Tags]\" width=\"240\" height=\"316\" data-restrict=\"false\" data-portal-copyright=\"VEJA\" data-image-caption=\"Leia nesta edi\u00e7\u00e3o: como a pris\u00e3o do ex-policial pode afetar o destino do governo Bolsonaro e, na cobertura sobre Covid-19, a estabiliza\u00e7\u00e3o do n\u00famero de mortes no Brasil\" data-image-title=\"\" data-image-source=\"VEJA\"\/><figcaption class=\"wp-caption-text\"><span class=\"title\">Acharam o Queiroz. E perto demais<\/span> Leia nesta edi\u00e7\u00e3o: como a pris\u00e3o do ex-policial pode afetar o destino do governo Bolsonaro e, na cobertura sobre Covid-19, a estabiliza\u00e7\u00e3o do n\u00famero de mortes no Brasil<\/figcaption><\/figure>\n<p><a href=\"https:\/\/www.assine.abril.com.br\/portal\/paginasEstaticas!showPromocao.action?&amp;codPromocao=sr_ve_land&amp;origem=sr_ve_materia_land&amp;utm_source=sites&amp;utm_medium=sr&amp;utm_campaign=sr_ve_materia_land\" target=\"_blank\" rel=\"noopener noreferrer\">Clique e Assine<\/a><\/div>\n<p>Na semana passada, a revis\u00e3o da previs\u00e3o do PIB j\u00e1 havia sido m\u00ednima, de 6,48% para 6,51%. Esse movimento coincide com a reabertura de atividades n\u00e3o essenciais em grandes cidades brasileiras, como Rio de Janeiro e S\u00e3o Paulo. As revis\u00f5es para baixo come\u00e7aram em fevereiro, antes mesmo do primeiro caso de coronav\u00edrus ser confirmado no pa\u00eds. Apesar da quebra da sequ\u00eancia negativa, a recess\u00e3o \u00e9 significativa e atinge o pa\u00eds <span>no ano em que se esperava uma rea\u00e7\u00e3o da economia, que dava sinais de recupera\u00e7\u00e3o da crise vivida entre 2015 e 2016. No in\u00edcio do ano, quando a pandemia do coronav\u00edrus estava concentrada na China e n\u00e3o se sabia ao certo quando e como chegaria ao Brasil, os especialistas estimavam crescimento econ\u00f4mico para este ano na casa de 2,3%.<\/span><\/p>\n<p>Al\u00e9m do PIB, a pandemia de Covid-19 tem mais consequ\u00eancias em indicadores da economia brasileira. A queda na demanda causada por medidas de distanciamento social e tamb\u00e9m pela deteriora\u00e7\u00e3o do mercado de trabalho informal e formal faz com que a crise seja deflacion\u00e1ria, ou seja, que os pre\u00e7os caiam devido a menor demanda. Os economistas consultados pelo BC estimam que o IPCA, que mede a infla\u00e7\u00e3o oficial do pa\u00eds, termine o ano em 1,61%, pouco acima da previs\u00e3o da semana anterior, de 1,60%. O resultado esperado est\u00e1 abaixo da meta tra\u00e7ada, que \u00e9 de 4%, e tamb\u00e9m abaixo da margem de toler\u00e2ncia, que varia entre 2,5% e 5,5% para este ano<span>. Em abril e maio, o IPCA indicou defla\u00e7\u00e3o e, no ano, a varia\u00e7\u00e3o dos pre\u00e7os \u00e9 0,16% negativa. <\/span><\/p>\n<p><span>O comportamento de infla\u00e7\u00e3o baixa pode levar o Comit\u00ea de Pol\u00edtica Monet\u00e1ria (Copom) a fazer novos reajustes na taxa b\u00e1sica de juros, a Selic, como forma de est\u00edmulo monet\u00e1rio. Na \u00faltima reuni\u00e3o, ocorrida na semana passada, o comit\u00ea cortou a taxa em 0,75 ponto porcentual. chegando a 2,25%, a m\u00ednima hist\u00f3rica. Segundo o Focus, analistas apontam que esse deve ser o patamar da taxa b\u00e1sica da economia ao final do ano. No relat\u00f3rio com a decis\u00e3o, o Copom apontou que os cortes de grande magnitude se encerraram, e o Comit\u00ea pode realizar apenas ajustes adicionais, caso necess\u00e1rio.\u00a0<\/span><\/p>\n<div class=\"ads post-ads\"><span class=\"title\" style=\"display:block\">Continua ap\u00f3s a publicidade<\/span><\/div>\n<p>Ainda segundo o Focus, o d\u00f3lar comercial deve encerrar o ano cotado a 5,20 reais no fim do ano. A moeda americana, que chegou a bater na casa dos 6 reais em maio, vem recuando a cota\u00e7\u00e3o devido pacotes de est\u00edmulo do governo americano, mas acelerou e chegou aos 5,40 na semana passada ap\u00f3s o corte da Selic.<\/p>\n<\/p><\/div>\n<p><br \/>\n<br \/><a href=\"https:\/\/veja.abril.com.br\/economia\/mercado-interrompe-sequencia-de-queda-do-pib-mas-preve-tombo-de-65\/\">Fonte do Artigo<\/a><br \/>\nTags: <\/p>\n<p><a title=\"IBJE\" href=\"https:\/\/ibge.gov.br\/\">#IBJE<\/a> <a title=\"FGV\" href=\"https:\/\/portal.fgv.br\/\">#FGV<\/a> <a title=\"LOTOFACIL\" href=\"http:\/\/loterias.caixa.gov.br\/wps\/portal\/loterias\/landing\/lotofacil\/\">#LOTOFACIL<\/a> <a title=\"TINDER\" href=\"https:\/\/tinder.com\/?lang=pt-BR\">#TINDER<\/a> <a title=\"GMAILGOOGLE\" href=\"https:\/\/mail.google.com\">#GMAILGOOGLE<\/a> <a title=\"TIKTOK\" href=\"https:\/\/www.tiktok.com\/pt_BR\/\">#TIKTOK<\/a><\/p>\n","protected":false},"excerpt":{"rendered":"<p>Ap\u00f3s baixar a previs\u00e3o do Produto Interno Bruto (PIB) por 18 semanas consecutivas, o mercado financeiro revisou, pela primeira vez, o resultado da economia para cima. Segundo o\u00a0Boletim Focus divulgado nesta segunda-feira, 22, o PIB\u00a0do Brasil\u00a0deve apresentar uma contra\u00e7\u00e3o de 6,50%. A previs\u00e3o \u00e9 apenas 0,01 ponto percentual acima da estimativa dos economistas consultados pelo [&hellip;]<\/p>\n","protected":false},"author":1,"featured_media":53251,"comment_status":"open","ping_status":"open","sticky":false,"template":"","format":"standard","meta":{"footnotes":""},"categories":[7],"tags":[],"class_list":["post-53250","post","type-post","status-publish","format-standard","has-post-thumbnail","hentry","category-economia"],"_links":{"self":[{"href":"https:\/\/wiy.com.br\/noticias\/wp-json\/wp\/v2\/posts\/53250","targetHints":{"allow":["GET"]}}],"collection":[{"href":"https:\/\/wiy.com.br\/noticias\/wp-json\/wp\/v2\/posts"}],"about":[{"href":"https:\/\/wiy.com.br\/noticias\/wp-json\/wp\/v2\/types\/post"}],"author":[{"embeddable":true,"href":"https:\/\/wiy.com.br\/noticias\/wp-json\/wp\/v2\/users\/1"}],"replies":[{"embeddable":true,"href":"https:\/\/wiy.com.br\/noticias\/wp-json\/wp\/v2\/comments?post=53250"}],"version-history":[{"count":0,"href":"https:\/\/wiy.com.br\/noticias\/wp-json\/wp\/v2\/posts\/53250\/revisions"}],"wp:featuredmedia":[{"embeddable":true,"href":"https:\/\/wiy.com.br\/noticias\/wp-json\/wp\/v2\/media\/53251"}],"wp:attachment":[{"href":"https:\/\/wiy.com.br\/noticias\/wp-json\/wp\/v2\/media?parent=53250"}],"wp:term":[{"taxonomy":"category","embeddable":true,"href":"https:\/\/wiy.com.br\/noticias\/wp-json\/wp\/v2\/categories?post=53250"},{"taxonomy":"post_tag","embeddable":true,"href":"https:\/\/wiy.com.br\/noticias\/wp-json\/wp\/v2\/tags?post=53250"}],"curies":[{"name":"wp","href":"https:\/\/api.w.org\/{rel}","templated":true}]}}