{"id":53136,"date":"2023-02-26T15:00:48","date_gmt":"2023-02-26T18:00:48","guid":{"rendered":"https:\/\/wiy.com.br\/noticias\/banco-mundial-40-dos-programas-no-brasil-sao-de-protecao-ambiental\/"},"modified":"2020-06-19T17:11:08","modified_gmt":"2020-06-19T20:11:08","slug":"banco-mundial-40-dos-programas-no-brasil-sao-de-protecao-ambiental","status":"publish","type":"post","link":"https:\/\/wiy.com.br\/noticias\/banco-mundial-40-dos-programas-no-brasil-sao-de-protecao-ambiental\/","title":{"rendered":"Banco Mundial: 40% dos programas no Brasil s\u00e3o de prote\u00e7\u00e3o ambiental"},"content":{"rendered":"<p> <br \/>\n<\/p>\n<p><span>O novo trabalho de <a href=\"https:\/\/exame.com\/noticias-sobre\/abraham-weintraub\/\"><strong>Abraham Weintraub<\/strong><\/a>, ex-ministro da educa\u00e7\u00e3o, envolver\u00e1 muita discuss\u00e3o sobre pol\u00edtica ambiental. O ex-ministro foi indicado pelo governo brasileiro para ocupar uma cadeira no <strong><a href=\"https:\/\/exame.com\/noticias-sobre\/banco-mundial\/\">Banco Mundial<\/a><\/strong>, institui\u00e7\u00e3o criada em 1944 e que teve entre seus fundadores o economista brit\u00e2nico John Maynard Keynes. Nessa posi\u00e7\u00e3o, Weintraub ter\u00e1 de lidar com 221 projetos ligados ao <strong>meio ambiente<\/strong>, incluindo uma iniciativa para aumentar as \u00e1reas protegidas na <strong>Amaz\u00f4nia<\/strong>.\u00a0<\/span><\/p>\n<p><span>Ao todo, o Banco Mundial possui 523 projetos financiados no Brasil, segundo o site da institui\u00e7\u00e3o. Os associados a temas ambientais representam 42,26%. O segundo setor mais representativo \u00e9 o de infraestrutura e servi\u00e7os rurais, com 94 projetos, o equivalente a 17,97% do total. O restante est\u00e1 dividido entre os temas educa\u00e7\u00e3o (7,65%), participa\u00e7\u00e3o civil (13,58%), administra\u00e7\u00e3o e gerenciamento de terras (10,33%) e fortalecimento de institui\u00e7\u00f5es (8,22%).\u00a0<\/span><\/p>\n<p><span>Um dos projetos, chamado\u00a0 Amazon Sustainable Landscapes Project (Panoramas Sustent\u00e1veis para a Amaz\u00f4nia), tem o objetivo de expandir as \u00e1reas sob prote\u00e7\u00e3o legal na Amaz\u00f4nia e melhorar o gerenciamento das reservas. O governo Bolsonaro, por outro lado, tenta reduzir as \u00e1reas protegidas. O custo atual do programa, que foi criado em 2014 e est\u00e1 na sua segunda fase, \u00e9 de 60,33 milh\u00f5es de d\u00f3lares.\u00a0<\/span><\/p>\n<aside>\n<div class=\"widget-news widget-box no-margin no-border\"><span class=\"widget-news-title content-box-title\">Veja tamb\u00e9m<\/span><\/p>\n<ul class=\"widget-news-list\">\n<li class=\"widget-news-item without-thumb with-border\">\n<div class=\"widget-news-info\"><a href=\"http:\/\/exame.com\/carreira\">CARREIRA<\/a><span class=\"widget-news-item-title\"><a href=\"https:\/\/exame.com\/carreira\/banco-mundial-abre-vagas-nos-eua-para-jovens-profissionais\/\">Banco Mundial abre vagas nos EUA para jovens profissionais<\/a><\/span><span class=\"widget-news-item-date\">18 jun 2020 &#8211; 07h06<\/span><\/div>\n<\/li>\n<li class=\"widget-news-item without-thumb with-border\">\n<div class=\"widget-news-info\"><a href=\"http:\/\/exame.com\/economia\">ECONOMIA<\/a><span class=\"widget-news-item-title\"><a href=\"https:\/\/exame.com\/economia\/banco-mundial-preve-retracao-de-8-para-economia-do-brasil-em-2020\/\">Banco Mundial prev\u00ea retra\u00e7\u00e3o de 8% para economia do Brasil em 2020<\/a><\/span><span class=\"widget-news-item-date\">8 jun 2020 &#8211; 13h06<\/span><\/div>\n<\/li>\n<\/ul>\n<\/div>\n<\/aside>\n<p><span>H\u00e1 tamb\u00e9m projetos de prote\u00e7\u00e3o ambiental no Cerrado e de seguran\u00e7a h\u00eddrica em estados do Nordeste. O tema biodiversidade aparece em 42 iniciativas, o que representa 8% do total.\u00a0<\/span><\/p>\n<p><span>Em se tratando do volume de recursos investidos, no entanto, o setor em que o banco mais investe no Brasil \u00e9 o de transporte. Atualmente, 2,4 bilh\u00f5es de d\u00f3lares est\u00e3o empenhados nesse tipo de projeto. Alguns tamb\u00e9m t\u00eam rela\u00e7\u00e3o com o meio ambiente e a descarboniza\u00e7\u00e3o da economia, como a iniciativa Transition to Electromobility in Brazilian Cities (Transi\u00e7\u00e3o para Mobilidade El\u00e9trica em Cidades Brasileiras), cujo objetivo \u00e9 prover informa\u00e7\u00f5es t\u00e9cnicas para introdu\u00e7\u00e3o de \u00f4nibus el\u00e9tricos nas metr\u00f3poles brasileiras.\u00a0<\/span><\/p>\n<p><span>O governo oficializou a <a href=\"https:\/\/exame.com\/brasil\/governo-brasileiro-oficializa-indicacao-de-weintraub-para-o-banco-mundial\/\">indica\u00e7\u00e3o<\/a> de Weintraub para o cargo de diretor executivo da institui\u00e7\u00e3o na quinta-feira, 18, mesmo dia em que ele pediu<a href=\"https:\/\/exame.com\/brasil\/abraham-weintraub-anuncia-saida-do-ministerio-da-educacao\/\"> demiss\u00e3o<\/a> do cargo de ministro da Educa\u00e7\u00e3o. A cadeira que poder\u00e1 ser ocupada por ele representa nove pa\u00edses, al\u00e9m do Brasil: Col\u00f4mbia, Equador, Trinidad e Tobago, Filipinas, Suriname, Haiti, Rep\u00fablica Dominicana e Panam\u00e1. A indica\u00e7\u00e3o ter\u00e1 de ser aprovada pelos demais pa\u00edses. At\u00e9 hoje, nenhum nome brasileiro foi rejeitado.\u00a0<\/span><\/p>\n<p><span>Em seu Twitter, o ex-ministro expressou a vontade de deixar o Brasil. \u201cEstou saindo do Brasil o mais r\u00e1pido poss\u00edvel (poucos dias). N\u00c3O QUERO BRIGAR! Quero ficar quieto, me deixem em paz, por\u00e9m, n\u00e3o me provoquem!\u201d, escreveu. Weintraub \u00e9 investigado no inqu\u00e9rito das <em><a href=\"https:\/\/exame.com\/brasil\/por-10-votos-a-1-stf-decide-que-inquerito-das-fake-news-deve-continuar\/\">fake news<\/a><\/em>, no <a href=\"https:\/\/exame.com\/noticias-sobre\/stf\/\">Supremo Tribunal Federal<\/a>.<\/span><\/p>\n<p>The post <a rel=\"nofollow\" href=\"https:\/\/exame.com\/brasil\/banco-mundial-40-dos-programas-no-brasil-sao-de-protecao-ambiental\/\">Banco Mundial: 40% dos programas no Brasil s\u00e3o de prote\u00e7\u00e3o ambiental<\/a> appeared first on <a rel=\"nofollow\" href=\"https:\/\/exame.com\">Exame<\/a>.<\/p>\n<p><br \/>\n<br \/><a href=\"https:\/\/exame.com\/brasil\/banco-mundial-40-dos-programas-no-brasil-sao-de-protecao-ambiental\/\">Fonte do artigo <\/a><br \/>\nTags:<br \/>\n#politica #political #negocios #business #marketingdigital #empreendedorismo #marketing #emprendedores #empreender #sucesso #empresas #emprendimiento #emprendedor #empreendedor #emprender #dinheiro #dinero #empresario #vendas #liderazgo #motivacion #foco #motivacao #negocio #brasil<\/p>\n","protected":false},"excerpt":{"rendered":"<p>O novo trabalho de Abraham Weintraub, ex-ministro da educa\u00e7\u00e3o, envolver\u00e1 muita discuss\u00e3o sobre pol\u00edtica ambiental. O ex-ministro foi indicado pelo governo brasileiro para ocupar uma cadeira no Banco Mundial, institui\u00e7\u00e3o criada em 1944 e que teve entre seus fundadores o economista brit\u00e2nico John Maynard Keynes. Nessa posi\u00e7\u00e3o, Weintraub ter\u00e1 de lidar com 221 projetos ligados [&hellip;]<\/p>\n","protected":false},"author":1,"featured_media":53137,"comment_status":"open","ping_status":"open","sticky":false,"template":"","format":"standard","meta":{"footnotes":""},"categories":[1],"tags":[],"class_list":["post-53136","post","type-post","status-publish","format-standard","has-post-thumbnail","hentry","category-curso-de-copy"],"_links":{"self":[{"href":"https:\/\/wiy.com.br\/noticias\/wp-json\/wp\/v2\/posts\/53136","targetHints":{"allow":["GET"]}}],"collection":[{"href":"https:\/\/wiy.com.br\/noticias\/wp-json\/wp\/v2\/posts"}],"about":[{"href":"https:\/\/wiy.com.br\/noticias\/wp-json\/wp\/v2\/types\/post"}],"author":[{"embeddable":true,"href":"https:\/\/wiy.com.br\/noticias\/wp-json\/wp\/v2\/users\/1"}],"replies":[{"embeddable":true,"href":"https:\/\/wiy.com.br\/noticias\/wp-json\/wp\/v2\/comments?post=53136"}],"version-history":[{"count":0,"href":"https:\/\/wiy.com.br\/noticias\/wp-json\/wp\/v2\/posts\/53136\/revisions"}],"wp:featuredmedia":[{"embeddable":true,"href":"https:\/\/wiy.com.br\/noticias\/wp-json\/wp\/v2\/media\/53137"}],"wp:attachment":[{"href":"https:\/\/wiy.com.br\/noticias\/wp-json\/wp\/v2\/media?parent=53136"}],"wp:term":[{"taxonomy":"category","embeddable":true,"href":"https:\/\/wiy.com.br\/noticias\/wp-json\/wp\/v2\/categories?post=53136"},{"taxonomy":"post_tag","embeddable":true,"href":"https:\/\/wiy.com.br\/noticias\/wp-json\/wp\/v2\/tags?post=53136"}],"curies":[{"name":"wp","href":"https:\/\/api.w.org\/{rel}","templated":true}]}}