{"id":53112,"date":"2023-02-26T15:14:20","date_gmt":"2023-02-26T18:14:20","guid":{"rendered":"https:\/\/wiy.com.br\/noticias\/voce-precisa-ouvir-quem-voce-quer-ajudar\/"},"modified":"2020-06-19T13:08:42","modified_gmt":"2020-06-19T16:08:42","slug":"voce-precisa-ouvir-quem-voce-quer-ajudar","status":"publish","type":"post","link":"https:\/\/wiy.com.br\/noticias\/voce-precisa-ouvir-quem-voce-quer-ajudar\/","title":{"rendered":"\u201cVoc\u00ea precisa ouvir quem voc\u00ea quer ajudar\u201d"},"content":{"rendered":"<p> <br \/>\n<\/p>\n<p>Em 2016, um amigo (o empres\u00e1rio Lu\u00eds Fernando Ribeiro) me pediu para ajudar na entrega de marmitas a moradores de rua no centro da cidade e eu aceitei na hora. No come\u00e7o, era um projeto pequeno, a gente distribu\u00eda vinte, trinta refei\u00e7\u00f5es. Depois outra amiga entrou, a Erica Matusita, e deu uma for\u00e7a. Agora, s\u00e3o 500. <strong>O Fog\u00e3o na Rua \u00e9 como um filho para mim. Tudo \u00e9 feito com o cora\u00e7\u00e3o. Sou chef, amo cozinhar, ent\u00e3o poder compartilhar comida com as pessoas \u00e9 um jeito de dar afeto a quem est\u00e1 necessitando.<\/strong> Na primeira vez que participei da a\u00e7\u00e3o, fomos ao Teatro Municipal de S\u00e3o Paulo e levamos cachorros-quentes. O pessoal agradeceu, mas disse que precisava de outros itens, como \u00e1gua e roupas. Com o tempo, a gente foi incrementando. Voc\u00ea precisa ouvir quem voc\u00ea quer ajudar. N\u00e3o adianta dar um arm\u00e1rio se quem ganha n\u00e3o tem onde colocar. Somos mais de 100 pessoas e nos organizamos em um grupo de WhatsApp. Cada uma mobiliza sua rede para pedir doa\u00e7\u00f5es. Recebemos alimentos, dinheiro, itens de higiene, cobertores e roupas. Fazemos uma triagem para identificar o que podemos ou n\u00e3o levar para a rua, como cestas b\u00e1sicas. <strong>N\u00e3o compensa eu abrir uma cesta para pegar um item somente. \u00c9 um desperd\u00edcio. Por isso, a gente as envia para um projeto em Parais\u00f3polis que auxilia fam\u00edlias naquela \u00e1rea.<\/strong> H\u00e1 um espa\u00e7o de quinze dias entre a coleta de doa\u00e7\u00f5es e a prepara\u00e7\u00e3o das refei\u00e7\u00f5es. O que n\u00e3o recebemos, compramos com as doa\u00e7\u00f5es feitas em dinheiro. Temos uma reserva e economizamos muito para sempre poder fazer mais.<\/p>\n<p><a href=\"https:\/\/abr.ai\/assine-vejasp\" target=\"_blank\" data-saferedirecturl=\"https:\/\/www.google.com\/url?q=https:\/\/abr.ai\/assine-vejasp&amp;source=gmail&amp;ust=1591990078530000&amp;usg=AFQjCNH0_DR_h-ZU1Gy20bo8JDVmMe1YPw\" rel=\"noopener noreferrer\">Assine a Vejinha a partir de 6,90<\/a><\/p>\n<figure><img title = \"[Tags]\"alt = \"Cr\u00e9ditos_Divulga\u00e7\u00e3o-1.jpeg \u201cVoc\u00ea precisa ouvir quem voc\u00ea quer ajudar\u201d\"decoding=\"async\" src=\"https:\/\/vejasp.abril.com.br\/wp-content\/uploads\/2020\/06\/Cr\u00e9ditos_Divulga\u00e7\u00e3o-1.jpeg.jpg\" \/><figcaption>Um dos kits distribu\u00eddos pelos volunt\u00e1rios<span class=\"copyright\">Divulga\u00e7\u00e3o\/Divulga\u00e7\u00e3o<\/span><\/figcaption><\/figure>\n<p>No dia de distribuir comida, nosso trabalho se inicia \u00e0s 10 horas, quando come\u00e7amos a cozinhar. Normalmente vamos at\u00e9 as 17 horas, a\u00ed chegam os volunt\u00e1rios, que ajudam na montagem e no fechamento das marmitas. Depois, partimos para a entrega. Com a Covid-19 n\u00e3o podemos ter muita intera\u00e7\u00e3o social com os moradores de rua. Devido \u00e0 crise, tamb\u00e9m mudamos a frequ\u00eancia da a\u00e7\u00e3o para ajudar mais. Antes, faz\u00edamos uma vez por m\u00eas, agora s\u00e3o duas. <strong>Para quem mora na rua, o coronav\u00edrus n\u00e3o mudou muita coisa, j\u00e1 que as pessoas continuam dormindo no ch\u00e3o, sem a possibilidade de se proteger. Elas n\u00e3o t\u00eam m\u00e1scaras, nem lugar para tomar banho.<\/strong> O aux\u00edlio que recebiam diminuiu, j\u00e1 que os restaurantes est\u00e3o fechados e nas ruas tem menos gente. Para quem vive nessa situa\u00e7\u00e3o, n\u00e3o existe quarentena. \u00c9 um problema social, que s\u00f3 piorou com a pandemia. No dia 27, vamos sair do centro e fazer uma a\u00e7\u00e3o na Brasil\u00e2ndia (Zona Norte). Para entendermos melhor as necessidades deles, fizemos uma reuni\u00e3o l\u00e1 no dia 16. \u00c9 um novo passo, \u00e9 a primeira vez que iremos at\u00e9 esse bairro.\u201d<\/p>\n<p><strong>Publicado em VEJA S\u00c3O PAULO de 24 de junho de 2020, edi\u00e7\u00e3o n\u00ba 2692.<\/strong><\/p>\n<p><br \/>\n<br \/><a href=\"https:\/\/vejasp.abril.com.br\/cidades\/voce-precisa-ouvir-quem-voce-quer-ajudar\/\">Fonte do Artigo <\/a><br \/>\nTags:<br \/>\n#loterias #loteriascaixa #megasena #resultadoapostas#noticias #noticiario  #noticia #brasil #noticiascolombia #mundo #esporte #colombia #noticiadeld #ltimasnoticias  #noticiario #noticiasregionales #noticiasdepartamentales #noticiashoy #esportes #noticiaahora #elinformantenoticias #noticiasdeboyac  #esporteinterativo #esportivo #diariodosesportes  #noticiero  #jogodefutebol #jogos #loto #apostas<\/p>\n","protected":false},"excerpt":{"rendered":"<p>Em 2016, um amigo (o empres\u00e1rio Lu\u00eds Fernando Ribeiro) me pediu para ajudar na entrega de marmitas a moradores de rua no centro da cidade e eu aceitei na hora. No come\u00e7o, era um projeto pequeno, a gente distribu\u00eda vinte, trinta refei\u00e7\u00f5es. Depois outra amiga entrou, a Erica Matusita, e deu uma for\u00e7a. Agora, s\u00e3o [&hellip;]<\/p>\n","protected":false},"author":1,"featured_media":53113,"comment_status":"open","ping_status":"open","sticky":false,"template":"","format":"standard","meta":{"footnotes":""},"categories":[1],"tags":[],"class_list":["post-53112","post","type-post","status-publish","format-standard","has-post-thumbnail","hentry","category-curso-de-copy"],"_links":{"self":[{"href":"https:\/\/wiy.com.br\/noticias\/wp-json\/wp\/v2\/posts\/53112","targetHints":{"allow":["GET"]}}],"collection":[{"href":"https:\/\/wiy.com.br\/noticias\/wp-json\/wp\/v2\/posts"}],"about":[{"href":"https:\/\/wiy.com.br\/noticias\/wp-json\/wp\/v2\/types\/post"}],"author":[{"embeddable":true,"href":"https:\/\/wiy.com.br\/noticias\/wp-json\/wp\/v2\/users\/1"}],"replies":[{"embeddable":true,"href":"https:\/\/wiy.com.br\/noticias\/wp-json\/wp\/v2\/comments?post=53112"}],"version-history":[{"count":0,"href":"https:\/\/wiy.com.br\/noticias\/wp-json\/wp\/v2\/posts\/53112\/revisions"}],"wp:featuredmedia":[{"embeddable":true,"href":"https:\/\/wiy.com.br\/noticias\/wp-json\/wp\/v2\/media\/53113"}],"wp:attachment":[{"href":"https:\/\/wiy.com.br\/noticias\/wp-json\/wp\/v2\/media?parent=53112"}],"wp:term":[{"taxonomy":"category","embeddable":true,"href":"https:\/\/wiy.com.br\/noticias\/wp-json\/wp\/v2\/categories?post=53112"},{"taxonomy":"post_tag","embeddable":true,"href":"https:\/\/wiy.com.br\/noticias\/wp-json\/wp\/v2\/tags?post=53112"}],"curies":[{"name":"wp","href":"https:\/\/api.w.org\/{rel}","templated":true}]}}