{"id":53011,"date":"2023-02-26T15:09:01","date_gmt":"2023-02-26T18:09:01","guid":{"rendered":"https:\/\/wiy.com.br\/noticias\/pelo-terceiro-dia-sao-paulo-tem-mais-de-300-mortes-por-covid-19-em-24h\/"},"modified":"2020-06-18T13:39:13","modified_gmt":"2020-06-18T16:39:13","slug":"pelo-terceiro-dia-sao-paulo-tem-mais-de-300-mortes-por-covid-19-em-24h","status":"publish","type":"post","link":"https:\/\/wiy.com.br\/noticias\/pelo-terceiro-dia-sao-paulo-tem-mais-de-300-mortes-por-covid-19-em-24h\/","title":{"rendered":"Pelo terceiro dia, S\u00e3o Paulo tem mais de 300 mortes por covid-19 em 24h"},"content":{"rendered":"<p> <br \/>\n<\/p>\n<p><span><strong><a href=\"https:\/\/exame.com\/noticias-sobre\/estado-de-sao-paulo\/\">S\u00e3o Paulo<\/a><\/strong> registrou 325 mortes por <strong><a href=\"http:\/\/exame.abril.com.br\/noticias-sobre\/coronavirus\/\">covid-19<\/a> <\/strong>em 24 horas. O balan\u00e7o foi divulgado pela <strong>Secretaria da Sa\u00fade<\/strong> nesta quinta-feira, 18. \u00c9 o terceiro dia consecutivo que este n\u00famero fica acima de 300. Ontem, o estado teve recorte de \u00f3bitos, com 389 v\u00edtimas no per\u00edodo de um dia. No total, 11.846 pessoas perderam a vida para o coronav\u00edrus.<\/span><\/p>\n<p><span>O <strong>Comit\u00ea de Sa\u00fade<\/strong>, que \u00e9 respons\u00e1vel pelo monitoramento da pandemia no estado, disse que este aumento n\u00e3o tem rela\u00e7\u00e3o com a abertura da economia, iniciada no dia 1\u00ba de junho.<\/span><\/p>\n<p><span>O estado tem 192.628 casos confirmados de infec\u00e7\u00f5es por coronav\u00edrus. Em um dia foram confirmadas mais 1.111 infec\u00e7\u00f5es. O valor \u00e9 muito abaixo do registrado nos \u00faltimos dias, na casa dos 5 mil casos.<\/span><\/p>\n<p><span>O secret\u00e1rio da Sa\u00fade, Jos\u00e9 Henrique Germann, explicou que h\u00e1 um problema com o sistema do SUS que contabiliza os casos. A mesma falha n\u00e3o ocorre com os \u00f3bitos porque a plataforma usada \u00e9 outra.<\/span><\/p>\n<aside>\n<div class=\"widget-news widget-box no-margin no-border\"><span class=\"widget-news-title content-box-title\">Veja tamb\u00e9m<\/span><\/p>\n<ul class=\"widget-news-list\">\n<li class=\"widget-news-item without-thumb with-border\">\n<div class=\"widget-news-info\"><a href=\"http:\/\/exame.com\/brasil\">BRASIL<\/a><span class=\"widget-news-item-title\"><a href=\"https:\/\/exame.com\/brasil\/lotados-hospitais-no-interior-de-sp-ja-recusam-novas-internacoes\/\">Lotados, hospitais no interior de SP j\u00e1 recusam novas interna\u00e7\u00f5es<\/a><\/span><span class=\"widget-news-item-date\">18 jun 2020 &#8211; 11h06<\/span><\/div>\n<\/li>\n<li class=\"widget-news-item without-thumb with-border\">\n<div class=\"widget-news-info\"><a href=\"http:\/\/exame.com\/brasil\">BRASIL<\/a><span class=\"widget-news-item-title\"><a href=\"https:\/\/exame.com\/brasil\/coronavirus-pode-voltar-a-ganhar-forca-no-brasil-diz-oms\/\">Coronav\u00edrus pode voltar a ganhar for\u00e7a no Brasil, diz OMS<\/a><\/span><span class=\"widget-news-item-date\">17 jun 2020 &#8211; 20h06<\/span><\/div>\n<\/li>\n<\/ul>\n<\/div>\n<\/aside>\n<h3>Interna\u00e7\u00f5es aumentam no interior<\/h3>\n<p>O governo disse que est\u00e1 preocupado com a evolu\u00e7\u00e3o das interna\u00e7\u00f5es pela covid-19 no interior do estado.<\/p>\n<p><span>&#8220;N\u00f3s temos muita preocupa\u00e7\u00e3o com a ocupa\u00e7\u00e3o de leitos de UTI nas regi\u00f5es de Campinas e de Sorocaba. Olhando apenas para as cidades, \u00e9 mais preocupante ainda. Campinas tem uma taxa de ocupa\u00e7\u00e3o de 90%, um aumento de 104% nos \u00faltimos sete dias. Em Sorocaba, esse aumento foi de 127%&#8221;, disse Marco Vinholi, secret\u00e1rio de Desenvolvimento Regional em entrevista coletiva nesta quinta-feira.\u00a0<\/span><\/p>\n<p><span>Ele ainda disse que o estado enviou para as duas regi\u00f5es 90 respiradores e pretende enviar mais 50 at\u00e9 o s\u00e1bado. &#8220;Se a gente n\u00e3o tivesse adicionado mais leitos, a capacidade teria estourado. Com os novos leitos, a taxa de ocupa\u00e7\u00e3o cai&#8221;, disse.<\/span><\/p>\n<p>*Reportagem em atualiza\u00e7\u00e3o<\/p>\n<p>The post <a rel=\"nofollow\" href=\"https:\/\/exame.com\/brasil\/pelo-terceiro-dia-sao-paulo-tem-mais-de-300-mortes-por-covid-19-em-24h\/\">Pelo terceiro dia, S\u00e3o Paulo tem mais de 300 mortes por covid-19 em 24h<\/a> appeared first on <a rel=\"nofollow\" href=\"https:\/\/exame.com\">Exame<\/a>.<\/p>\n<p><br \/>\n<br \/><a href=\"https:\/\/exame.com\/brasil\/pelo-terceiro-dia-sao-paulo-tem-mais-de-300-mortes-por-covid-19-em-24h\/\">Fonte do artigo <\/a><br \/>\nTags:<br \/>\n#politica #political #negocios #business #marketingdigital #empreendedorismo #marketing #emprendedores #empreender #sucesso #empresas #emprendimiento #emprendedor #empreendedor #emprender #dinheiro #dinero #empresario #vendas #liderazgo #motivacion #foco #motivacao #negocio #brasil<\/p>\n","protected":false},"excerpt":{"rendered":"<p>S\u00e3o Paulo registrou 325 mortes por covid-19 em 24 horas. O balan\u00e7o foi divulgado pela Secretaria da Sa\u00fade nesta quinta-feira, 18. \u00c9 o terceiro dia consecutivo que este n\u00famero fica acima de 300. Ontem, o estado teve recorte de \u00f3bitos, com 389 v\u00edtimas no per\u00edodo de um dia. No total, 11.846 pessoas perderam a vida [&hellip;]<\/p>\n","protected":false},"author":1,"featured_media":51941,"comment_status":"open","ping_status":"open","sticky":false,"template":"","format":"standard","meta":{"footnotes":""},"categories":[1],"tags":[],"class_list":["post-53011","post","type-post","status-publish","format-standard","has-post-thumbnail","hentry","category-curso-de-copy"],"_links":{"self":[{"href":"https:\/\/wiy.com.br\/noticias\/wp-json\/wp\/v2\/posts\/53011","targetHints":{"allow":["GET"]}}],"collection":[{"href":"https:\/\/wiy.com.br\/noticias\/wp-json\/wp\/v2\/posts"}],"about":[{"href":"https:\/\/wiy.com.br\/noticias\/wp-json\/wp\/v2\/types\/post"}],"author":[{"embeddable":true,"href":"https:\/\/wiy.com.br\/noticias\/wp-json\/wp\/v2\/users\/1"}],"replies":[{"embeddable":true,"href":"https:\/\/wiy.com.br\/noticias\/wp-json\/wp\/v2\/comments?post=53011"}],"version-history":[{"count":0,"href":"https:\/\/wiy.com.br\/noticias\/wp-json\/wp\/v2\/posts\/53011\/revisions"}],"wp:featuredmedia":[{"embeddable":true,"href":"https:\/\/wiy.com.br\/noticias\/wp-json\/wp\/v2\/media\/51941"}],"wp:attachment":[{"href":"https:\/\/wiy.com.br\/noticias\/wp-json\/wp\/v2\/media?parent=53011"}],"wp:term":[{"taxonomy":"category","embeddable":true,"href":"https:\/\/wiy.com.br\/noticias\/wp-json\/wp\/v2\/categories?post=53011"},{"taxonomy":"post_tag","embeddable":true,"href":"https:\/\/wiy.com.br\/noticias\/wp-json\/wp\/v2\/tags?post=53011"}],"curies":[{"name":"wp","href":"https:\/\/api.w.org\/{rel}","templated":true}]}}