{"id":52864,"date":"2023-02-26T15:02:47","date_gmt":"2023-02-26T18:02:47","guid":{"rendered":"https:\/\/wiy.com.br\/noticias\/camara-aprova-reducao-de-contribuicoes-para-o-sistema-s-por-dois-meses\/"},"modified":"2020-06-16T21:56:18","modified_gmt":"2020-06-17T00:56:18","slug":"camara-aprova-reducao-de-contribuicoes-para-o-sistema-s-por-dois-meses","status":"publish","type":"post","link":"https:\/\/wiy.com.br\/noticias\/camara-aprova-reducao-de-contribuicoes-para-o-sistema-s-por-dois-meses\/","title":{"rendered":"C\u00e2mara aprova redu\u00e7\u00e3o de contribui\u00e7\u00f5es para o Sistema S por dois meses"},"content":{"rendered":"<p> <br \/>\n<\/p>\n<p>A<strong><a href=\"https:\/\/exame.com\/noticias-sobre\/camara-dos-deputados\"> C\u00e2mara dos Deputados<\/a> <\/strong>aprovou, nesta ter\u00e7a-feira, a medida provis\u00f3ria 932, que reduz pela metade, por dois meses, as contribui\u00e7\u00f5es pagas pelos empres\u00e1rios para financiar o <strong>Sistema S<\/strong> (Sesi, Senai, Sest, Senat, Sesc, Senac e Sebrae, entre outras entidades).<\/p>\n<p>O texto enviado pelo governo previa o corte nos meses de abril, maio e junho. Ap\u00f3s um acordo com os l\u00edderes da Casa, o relator da proposta, deputado Hugo Leal (PSD-RJ), prop\u00f4s que o corte valesse apenas para abril e maio. A medida segue para a aprecia\u00e7\u00e3o do Senado.<\/p>\n<p>Os deputados tamb\u00e9m retiraram o par\u00e1grafo que obrigava as entidades do Sistema S a destinar \u00e0 Receita Federal 7% do valor arrecadado, como retribui\u00e7\u00e3o pelos servi\u00e7os de recolhimento e repasse. Esse percentual \u00e9 o dobro do previsto atualmente em lei.<\/p>\n<p>Publicada no fim de mar\u00e7o, a medida provis\u00f3ria faz parte de um conjunto de medidas anunciadas pelo governo federal para reduzir os impactos da pandemia de Covid-19 na economia do pa\u00eds. De acordo com o Minist\u00e9rio da Economia, a proposta reduziria em cerca de R$ 2,6 bilh\u00f5es as despesas parafiscais das empresas brasileiras se vigorasse por tr\u00eas meses.<\/p>\n<p>As contribui\u00e7\u00f5es para o Sistema S incidem sobre a folha de pagamento, de acordo com a \u00e1rea de atua\u00e7\u00e3o da empresa. O dinheiro apenas passa pelo caixa do governo e irriga as contas das entidades, respons\u00e1veis por programas de treinamento e aprendizagem.<\/p>\n<p>Os recursos pagos como retribui\u00e7\u00e3o s\u00e3o depositados no Fundo Especial de Desenvolvimento e Aperfei\u00e7oamento das Atividades de Fiscaliza\u00e7\u00e3o (Fundaf), que entre outras obriga\u00e7\u00f5es financia atividades da Receita.<\/p>\n<p>A medida provis\u00f3ria determina ainda que o Sebrae repasse at\u00e9 junho para o Fundo de Aval \u00e0s Micro e Pequenas Empresas (Fampe) ao menos metade do que recebe com a arrecada\u00e7\u00e3o do adicional de 0,3% cobrado sobre as al\u00edquotas do Sistema S, e que hoje tem diversas destina\u00e7\u00f5es. O Fampe fornece garantias a empr\u00e9stimos banc\u00e1rios tomados por pequenos empreendedores.<\/p>\n<h3>Setor Portu\u00e1rio<\/h3>\n<p>Com aval do governo, Hugo Leal acrescentou um artigo no projeto de lei de convers\u00e3o que autoriza a transfer\u00eancia dos recursos pagos pelas empresas portu\u00e1rias, para o SEST\/SENAT \u2013 CNT. Atualmente, essas contribui\u00e7\u00f5es v\u00e3o para o fundo de ensino mar\u00edtimo da Marinha. A proposta causou pol\u00eamica e o PSB chegou a apresentar um destaque para tentar retir\u00e1-la, mas com 260 votos sim e 177 n\u00e3o, os deputados mantiveram o texto do relator.<\/p>\n<p>The post <a rel=\"nofollow\" href=\"https:\/\/exame.com\/brasil\/camara-aprova-reducao-de-contribuicoes-para-o-sistema-s-por-dois-meses\/\">C\u00e2mara aprova redu\u00e7\u00e3o de contribui\u00e7\u00f5es para o Sistema S por dois meses<\/a> appeared first on <a rel=\"nofollow\" href=\"https:\/\/exame.com\">Exame<\/a>.<\/p>\n<p><br \/>\n<br \/><a href=\"https:\/\/exame.com\/brasil\/camara-aprova-reducao-de-contribuicoes-para-o-sistema-s-por-dois-meses\/\">Fonte do artigo <\/a><br \/>\nTags:<br \/>\n#politica #political #negocios #business #marketingdigital #empreendedorismo #marketing #emprendedores #empreender #sucesso #empresas #emprendimiento #emprendedor #empreendedor #emprender #dinheiro #dinero #empresario #vendas #liderazgo #motivacion #foco #motivacao #negocio #brasil<\/p>\n","protected":false},"excerpt":{"rendered":"<p>A C\u00e2mara dos Deputados aprovou, nesta ter\u00e7a-feira, a medida provis\u00f3ria 932, que reduz pela metade, por dois meses, as contribui\u00e7\u00f5es pagas pelos empres\u00e1rios para financiar o Sistema S (Sesi, Senai, Sest, Senat, Sesc, Senac e Sebrae, entre outras entidades). O texto enviado pelo governo previa o corte nos meses de abril, maio e junho. Ap\u00f3s [&hellip;]<\/p>\n","protected":false},"author":1,"featured_media":52466,"comment_status":"open","ping_status":"open","sticky":false,"template":"","format":"standard","meta":{"footnotes":""},"categories":[1],"tags":[],"class_list":["post-52864","post","type-post","status-publish","format-standard","has-post-thumbnail","hentry","category-curso-de-copy"],"_links":{"self":[{"href":"https:\/\/wiy.com.br\/noticias\/wp-json\/wp\/v2\/posts\/52864","targetHints":{"allow":["GET"]}}],"collection":[{"href":"https:\/\/wiy.com.br\/noticias\/wp-json\/wp\/v2\/posts"}],"about":[{"href":"https:\/\/wiy.com.br\/noticias\/wp-json\/wp\/v2\/types\/post"}],"author":[{"embeddable":true,"href":"https:\/\/wiy.com.br\/noticias\/wp-json\/wp\/v2\/users\/1"}],"replies":[{"embeddable":true,"href":"https:\/\/wiy.com.br\/noticias\/wp-json\/wp\/v2\/comments?post=52864"}],"version-history":[{"count":0,"href":"https:\/\/wiy.com.br\/noticias\/wp-json\/wp\/v2\/posts\/52864\/revisions"}],"wp:featuredmedia":[{"embeddable":true,"href":"https:\/\/wiy.com.br\/noticias\/wp-json\/wp\/v2\/media\/52466"}],"wp:attachment":[{"href":"https:\/\/wiy.com.br\/noticias\/wp-json\/wp\/v2\/media?parent=52864"}],"wp:term":[{"taxonomy":"category","embeddable":true,"href":"https:\/\/wiy.com.br\/noticias\/wp-json\/wp\/v2\/categories?post=52864"},{"taxonomy":"post_tag","embeddable":true,"href":"https:\/\/wiy.com.br\/noticias\/wp-json\/wp\/v2\/tags?post=52864"}],"curies":[{"name":"wp","href":"https:\/\/api.w.org\/{rel}","templated":true}]}}