{"id":5256,"date":"2023-02-26T15:12:03","date_gmt":"2023-02-26T18:12:03","guid":{"rendered":"https:\/\/wiy.com.br\/noticias\/santos-cruz-e-avisado-de-risco-de-incendio-na-ebc-do-rio-de-janeiro\/"},"modified":"2019-02-16T00:41:37","modified_gmt":"2019-02-16T02:41:37","slug":"santos-cruz-e-avisado-de-risco-de-incendio-na-ebc-do-rio-de-janeiro","status":"publish","type":"post","link":"https:\/\/wiy.com.br\/noticias\/santos-cruz-e-avisado-de-risco-de-incendio-na-ebc-do-rio-de-janeiro\/","title":{"rendered":"Santos Cruz \u00e9 avisado de risco de inc\u00eandio na EBC do Rio de Janeiro"},"content":{"rendered":"<p> <br \/>\n<br \/>Eduardo BarrettoAlberto dos Santos Cruz foi avisado em uma reuni\u00e3o na sexta-feira com funcion\u00e1rios da EBC de que a unidade do Rio de Janeiro da empresa pode sofrer um inc\u00eandio de grandes propor\u00e7\u00f5es \u2014 semelhante, na compara\u00e7\u00e3o feita pelos empregados&#8230;<br \/>\n<br \/><br \/>\n<br \/><a href=\"https:\/\/epoca.globo.com\/guilherme-amado\/santos-cruz-avisado-de-risco-de-incendio-na-ebc-do-rio-de-janeiro-23458045\">Source link <\/a><\/p>\n","protected":false},"excerpt":{"rendered":"<p>Eduardo BarrettoAlberto dos Santos Cruz foi avisado em uma reuni\u00e3o na sexta-feira com funcion\u00e1rios da EBC de que a unidade do Rio de Janeiro da empresa pode sofrer um inc\u00eandio de grandes propor\u00e7\u00f5es \u2014 semelhante, na compara\u00e7\u00e3o feita pelos empregados&#8230; Source link<\/p>\n","protected":false},"author":1,"featured_media":0,"comment_status":"open","ping_status":"open","sticky":false,"template":"","format":"standard","meta":{"footnotes":""},"categories":[339],"tags":[],"class_list":["post-5256","post","type-post","status-publish","format-standard","hentry","category-negocios"],"_links":{"self":[{"href":"https:\/\/wiy.com.br\/noticias\/wp-json\/wp\/v2\/posts\/5256","targetHints":{"allow":["GET"]}}],"collection":[{"href":"https:\/\/wiy.com.br\/noticias\/wp-json\/wp\/v2\/posts"}],"about":[{"href":"https:\/\/wiy.com.br\/noticias\/wp-json\/wp\/v2\/types\/post"}],"author":[{"embeddable":true,"href":"https:\/\/wiy.com.br\/noticias\/wp-json\/wp\/v2\/users\/1"}],"replies":[{"embeddable":true,"href":"https:\/\/wiy.com.br\/noticias\/wp-json\/wp\/v2\/comments?post=5256"}],"version-history":[{"count":0,"href":"https:\/\/wiy.com.br\/noticias\/wp-json\/wp\/v2\/posts\/5256\/revisions"}],"wp:attachment":[{"href":"https:\/\/wiy.com.br\/noticias\/wp-json\/wp\/v2\/media?parent=5256"}],"wp:term":[{"taxonomy":"category","embeddable":true,"href":"https:\/\/wiy.com.br\/noticias\/wp-json\/wp\/v2\/categories?post=5256"},{"taxonomy":"post_tag","embeddable":true,"href":"https:\/\/wiy.com.br\/noticias\/wp-json\/wp\/v2\/tags?post=5256"}],"curies":[{"name":"wp","href":"https:\/\/api.w.org\/{rel}","templated":true}]}}