{"id":5245,"date":"2023-02-26T15:38:57","date_gmt":"2023-02-26T18:38:57","guid":{"rendered":"https:\/\/wiy.com.br\/noticias\/alerta-de-ataque-do-pcc-que-circula-no-whatsapp-e-falsa-diz-governo\/"},"modified":"2019-02-15T23:02:02","modified_gmt":"2019-02-16T01:02:02","slug":"alerta-de-ataque-do-pcc-que-circula-no-whatsapp-e-falsa-diz-governo","status":"publish","type":"post","link":"https:\/\/wiy.com.br\/noticias\/alerta-de-ataque-do-pcc-que-circula-no-whatsapp-e-falsa-diz-governo\/","title":{"rendered":"Alerta de ataque do PCC que circula no WhatsApp \u00e9 falsa, diz governo"},"content":{"rendered":"<p> <br \/>\n<\/p>\n<p>Circulam no <strong><a href=\"https:\/\/exame.abril.com.br\/noticias-sobre\/whatsapp\/\">WhatsApp<\/a><\/strong> mensagens de alerta sobre um suposto ataque do Primeiro Comando da Capital <strong><a href=\"https:\/\/exame.abril.com.br\/noticias-sobre\/pcc\/\">(PCC)<\/a><\/strong> em S\u00e3o Paulo, por retalia\u00e7\u00e3o contra a transfer\u00eancia de pres\u00eddio do principal l\u00edder da fac\u00e7\u00e3o, Marcos Willians Herbas Camacho, o Marcola. A Secretaria da Seguran\u00e7a P\u00fablica (SSP) e o governador Jo\u00e3o Doria negaram a autenticidade do &#8220;salve geral&#8221;.<\/p>\n<p>O texto que est\u00e1 sendo compartilhado no aplicativo avisa de um &#8220;toque de recolher&#8221; \u00e0s 21h deste s\u00e1bado, 16, e faz amea\u00e7as de &#8220;guerra&#8221;. Tamb\u00e9m circulam pelo aplicativo \u00e1udios que citam integrantes da for\u00e7a policial. Leitores enviaram os conte\u00fados enganosos ao WhatsApp do Estad\u00e3o Verifica, (11) 99263-7900.<\/p>\n<p>A SSP emitiu nota afirmando que n\u00e3o h\u00e1 nenhum ind\u00edcio que comprove a imin\u00eancia de ataques de organiza\u00e7\u00f5es criminosas &#8220;contra o poder p\u00fablico ou seus agentes, em especial os integrantes das for\u00e7as de seguran\u00e7a p\u00fablica, como forma de retalia\u00e7\u00e3o a serem praticadas por indiv\u00edduos ligados aos presos rec\u00e9m transferidos.&#8221;<\/p>\n<p>A pasta tamb\u00e9m garantiu que as medidas adotadas pelo Comando da <strong><a href=\"https:\/\/exame.abril.com.br\/noticias-sobre\/policia-militar\/\">Pol\u00edcia Militar<\/a><\/strong> que orientam o efetivo sobre refor\u00e7os ou a\u00e7\u00f5es de ordem operacional s\u00e3o preventivas e &#8220;objetivam potencializar a sensa\u00e7\u00e3o de seguran\u00e7a na sociedade.&#8221;<\/p>\n<p>Em coletiva nesta sexta-feira, 15, o governador Doria disse que as grava\u00e7\u00f5es de alerta j\u00e1 haviam sido identificadas pelo Estado e seriam de autoria de criminosos.<\/p>\n<p>&#8220;Quero deixar muito claro: <strong><a href=\"https:\/\/exame.abril.com.br\/noticias-sobre\/fake-news\/\">fake news.<\/a><\/strong> Temos um monitoramento da Pol\u00edcia Militar, da Pol\u00edcia Civil. S\u00e3o not\u00edcias falsas. Ontem (quinta-feira, 14), no Conselho de Seguran\u00e7a P\u00fablica, esses \u00e1udios j\u00e1 tinham sido identificados por n\u00f3s. S\u00e3o improcedentes. N\u00e3o h\u00e1 nenhum movimento&#8221;, afirmou Doria.<\/p>\n<p>Marcola e mais 21 integrantes da c\u00fapula do PCC foram transferidos da penitenci\u00e1ria de Presidente Venceslau (SP) para pres\u00eddios federais em Mossor\u00f3 (RN), Bras\u00edlia e Porto Velho (RO) nesta semana. Com a movimenta\u00e7\u00e3o, os comandos da Pol\u00edcia Militar e da Pol\u00edcia Civil colocaram em alerta 100 mil agentes nesta quarta-feira, 13. Um decreto assinado pelo presidente Jair Bolsonaro autorizou o refor\u00e7o de seguran\u00e7a das For\u00e7as Armadas nas cidades para as quais os criminosos foram enviados.<\/p>\n<p><br \/>\n<br \/><a href=\"https:\/\/exame.abril.com.br\/brasil\/alerta-de-ataque-do-pcc-que-circula-no-whatsapp-e-falsa-diz-governo\/\">Source link <\/a><\/p>\n","protected":false},"excerpt":{"rendered":"<p>Circulam no WhatsApp mensagens de alerta sobre um suposto ataque do Primeiro Comando da Capital (PCC) em S\u00e3o Paulo, por retalia\u00e7\u00e3o contra a transfer\u00eancia de pres\u00eddio do principal l\u00edder da fac\u00e7\u00e3o, Marcos Willians Herbas Camacho, o Marcola. A Secretaria da Seguran\u00e7a P\u00fablica (SSP) e o governador Jo\u00e3o Doria negaram a autenticidade do &#8220;salve geral&#8221;. O [&hellip;]<\/p>\n","protected":false},"author":1,"featured_media":5246,"comment_status":"open","ping_status":"open","sticky":false,"template":"","format":"standard","meta":{"footnotes":""},"categories":[337],"tags":[],"class_list":["post-5245","post","type-post","status-publish","format-standard","has-post-thumbnail","hentry","category-noticias"],"_links":{"self":[{"href":"https:\/\/wiy.com.br\/noticias\/wp-json\/wp\/v2\/posts\/5245","targetHints":{"allow":["GET"]}}],"collection":[{"href":"https:\/\/wiy.com.br\/noticias\/wp-json\/wp\/v2\/posts"}],"about":[{"href":"https:\/\/wiy.com.br\/noticias\/wp-json\/wp\/v2\/types\/post"}],"author":[{"embeddable":true,"href":"https:\/\/wiy.com.br\/noticias\/wp-json\/wp\/v2\/users\/1"}],"replies":[{"embeddable":true,"href":"https:\/\/wiy.com.br\/noticias\/wp-json\/wp\/v2\/comments?post=5245"}],"version-history":[{"count":0,"href":"https:\/\/wiy.com.br\/noticias\/wp-json\/wp\/v2\/posts\/5245\/revisions"}],"wp:featuredmedia":[{"embeddable":true,"href":"https:\/\/wiy.com.br\/noticias\/wp-json\/wp\/v2\/media\/5246"}],"wp:attachment":[{"href":"https:\/\/wiy.com.br\/noticias\/wp-json\/wp\/v2\/media?parent=5245"}],"wp:term":[{"taxonomy":"category","embeddable":true,"href":"https:\/\/wiy.com.br\/noticias\/wp-json\/wp\/v2\/categories?post=5245"},{"taxonomy":"post_tag","embeddable":true,"href":"https:\/\/wiy.com.br\/noticias\/wp-json\/wp\/v2\/tags?post=5245"}],"curies":[{"name":"wp","href":"https:\/\/api.w.org\/{rel}","templated":true}]}}