{"id":52147,"date":"2023-02-26T15:30:35","date_gmt":"2023-02-26T18:30:35","guid":{"rendered":"https:\/\/wiy.com.br\/noticias\/covas-evita-dar-prazo-para-reabrir-comercio-em-sp-e-pede-paciencia\/"},"modified":"2020-06-08T17:24:13","modified_gmt":"2020-06-08T20:24:13","slug":"covas-evita-dar-prazo-para-reabrir-comercio-em-sp-e-pede-paciencia","status":"publish","type":"post","link":"https:\/\/wiy.com.br\/noticias\/covas-evita-dar-prazo-para-reabrir-comercio-em-sp-e-pede-paciencia\/","title":{"rendered":"Covas evita dar prazo para reabrir com\u00e9rcio em SP e pede \u201cpaci\u00eancia\u201d"},"content":{"rendered":"<p> <br \/>\n<\/p>\n<p>O prefeito Bruno Covas (PSDB) evitou nesta segunda-feira, 8, dar prazo para an\u00e1lise do protocolo para reabertura do com\u00e9rcio em S\u00e3o Paulo e pediu &#8220;um pouquinho mais de paci\u00eancia&#8221; ao setor.<\/p>\n<p>Classificada na fase 2 (laranja) no plano de retomada gradual da economia em S\u00e3o Paulo<a href=\"https:\/\/exame.com\/brasil\/capital-de-sp-nao-reabre-no-dia-1-protocolos-devem-ser-aprovados-antes\/\">, a capital come\u00e7ou a receber na semana passada propostas de regras para que os estabelecimentos voltem a funcionar <\/a>em meio ao combate contra o coronav\u00edrus.<\/p>\n<p>Segundo Covas, a Prefeitura j\u00e1 recebeu 96 pedidos de aprova\u00e7\u00e3o de protocolos para reabrir atividades paralisadas pela pandemia. Destas, 53 seriam de setores autorizados a reabrir na fase 2, de controle da doen\u00e7a, e outras 43 de fases subsequentes da reabertura e at\u00e9 de servi\u00e7os essenciais que pretendem rever as regras de funcionamento.<\/p>\n<p>At\u00e9 o momento, dos servi\u00e7os considerados n\u00e3o essenciais <a href=\"https:\/\/exame.com\/brasil\/cidade-de-sp-libera-abertura-de-concessionarias-de-veiculos-e-escritorios\/\">a capital s\u00f3 autorizou o retorno de concession\u00e1rias e escrit\u00f3rios<\/a>. Outras atividades que pelo plano de reabertura poderiam funcionar com limita\u00e7\u00f5es, como shoppings centers e galerias comerciais, seguem fechadas.<\/p>\n<p>&#8220;A prioridade \u00e9 a an\u00e1lise dos protocolos desta 2\u00aa fase. A gente entende a expectativa do com\u00e9rcio, que est\u00e1 h\u00e1 mais de 70 dias fechado na cidade de S\u00e3o Paulo \u00e0s v\u00e9speras de um dos dias mais importantes, o dia dos namorados&#8221;, afirmou o prefeito. &#8220;Mas, apesar de todas as expectativas, eu n\u00e3o posso atropelar a an\u00e1lise feita pela Vigil\u00e2ncia Sanit\u00e1ria. Apenas com a garantia de que vamos reabrir do jeito certo \u00e9 que vamos reabrir.&#8221;<\/p>\n<p>Covas evitou dar prazo para conclus\u00e3o das an\u00e1lises e afirmou que a expectativa era que fosse feito &#8220;o mais breve poss\u00edvel&#8221;. &#8220;Queria pedir um pouquinho mais de paci\u00eancia ao pessoal porque \u00e9 importante que a gente reabra da forma certa, garantido que a cidade n\u00e3o vai retroceder para a fase 1 (a etapa mais restritiva)&#8221;, disse.<\/p>\n<aside>\n<div class=\"widget-news widget-box no-margin no-border\"><span class=\"widget-news-title content-box-title\">Veja tamb\u00e9m<\/span><\/p>\n<ul class=\"widget-news-list\">\n<li class=\"widget-news-item without-thumb with-border\">\n<div class=\"widget-news-info\"><a href=\"http:\/\/exame.com\/brasil\">Brasil<\/a><span class=\"widget-news-item-title\"><a href=\"https:\/\/exame.com\/brasil\/higiene-distanciamento-foco-saude-mental-volta-aulas-coronavirus\/\">Higiene, distanciamento e foco na sa\u00fade mental: como ser\u00e1 a volta \u00e0s aulas<\/a><\/span><span class=\"widget-news-item-date\">6 jun 2020 &#8211; 08h06<\/span><\/div>\n<\/li>\n<li class=\"widget-news-item without-thumb with-border\">\n<div class=\"widget-news-info\"><a href=\"http:\/\/exame.com\/brasil\">Brasil<\/a><span class=\"widget-news-item-title\"><a href=\"https:\/\/exame.com\/brasil\/como-esta-a-situacao-da-covid-19-no-estado-de-sp-apos-inicio-da-reabertura\/\">Como est\u00e1 a situa\u00e7\u00e3o da covid-19 no estado de SP ap\u00f3s in\u00edcio da reabertura<\/a><\/span><span class=\"widget-news-item-date\">8 jun 2020 &#8211; 14h06<\/span><\/div>\n<\/li>\n<\/ul>\n<\/div>\n<\/aside>\n<p>Ent\u00e3o morando e dormindo na sede da Prefeitura para coordenar a\u00e7\u00f5es contra a covid-19, no Viaduto do Ch\u00e1, regi\u00e3o central, e em meio a um tratamento de c\u00e2ncer, Covas tamb\u00e9m contou que voltou para casa neste fim de semana. &#8220;Na fase 2, de controle, me permiti voltar para casa e poder dormir com meu filho mais uma vez.&#8221;<\/p>\n<h3>Atendimento municipal<\/h3>\n<p>A Prefeitura anunciou, ainda, a reabertura com restri\u00e7\u00f5es de cinco Descomplica SP, pra\u00e7as de atendimento que re\u00fanem cerca de 300 servi\u00e7os municipais, como a emiss\u00e3o de Carteira de Trabalho ou solicita\u00e7\u00e3o de Bilhete \u00danico. O decreto para disciplinar os atendimentos p\u00fablicos deve ser publicado na ter\u00e7a-feira, 9, no Di\u00e1rio Oficial, segundo Covas. &#8220;N\u00f3s temos 120 equipamentos abertos de atendimento \u00e0 popula\u00e7\u00e3o, entre \u00e1rea de Assist\u00eancia Social, Direitos Humanos, da Fazenda, Direito Econ\u00f4mico Todos eles, at\u00e9 o fim do m\u00eas, ter\u00e3o de ser adaptados&#8221;, disse.<\/p>\n<p>De acordo com o prefeito, o padr\u00e3o \u00e9 que os locais s\u00f3 atendam com agendamento, mantenham limite de 20% da capacidade e funcionem 4 horas por dia. &#8220;Todas as recomenda\u00e7\u00f5es que n\u00f3s estamos fazendo para a iniciativa privada, n\u00f3s estamos adaptando para a Prefeitura de S\u00e3o Paulo&#8221;, afirmou.<\/p>\n<p>Segundo Covas, n\u00e3o h\u00e1 previs\u00e3o de que outros equipamentos sejam reabertos durante a fase atual da flexibiliza\u00e7\u00e3o.<\/p>\n<p>The post <a rel=\"nofollow\" href=\"https:\/\/exame.com\/brasil\/covas-evita-dar-prazo-para-reabrir-comercio-em-sp-e-pede-paciencia\/\">Covas evita dar prazo para reabrir com\u00e9rcio em SP e pede &#8220;paci\u00eancia&#8221;<\/a> appeared first on <a rel=\"nofollow\" href=\"https:\/\/exame.com\">Exame<\/a>.<\/p>\n<p><br \/>\n<br \/><a href=\"https:\/\/exame.com\/brasil\/covas-evita-dar-prazo-para-reabrir-comercio-em-sp-e-pede-paciencia\/\">Fonte do artigo <\/a><br \/>\nTags:<br \/>\n#politica #political #negocios #business #marketingdigital #empreendedorismo #marketing #emprendedores #empreender #sucesso #empresas #emprendimiento #emprendedor #empreendedor #emprender #dinheiro #dinero #empresario #vendas #liderazgo #motivacion #foco #motivacao #negocio #brasil<\/p>\n","protected":false},"excerpt":{"rendered":"<p>O prefeito Bruno Covas (PSDB) evitou nesta segunda-feira, 8, dar prazo para an\u00e1lise do protocolo para reabertura do com\u00e9rcio em S\u00e3o Paulo e pediu &#8220;um pouquinho mais de paci\u00eancia&#8221; ao setor. Classificada na fase 2 (laranja) no plano de retomada gradual da economia em S\u00e3o Paulo, a capital come\u00e7ou a receber na semana passada propostas [&hellip;]<\/p>\n","protected":false},"author":1,"featured_media":52148,"comment_status":"open","ping_status":"open","sticky":false,"template":"","format":"standard","meta":{"footnotes":""},"categories":[1],"tags":[],"class_list":["post-52147","post","type-post","status-publish","format-standard","has-post-thumbnail","hentry","category-curso-de-copy"],"_links":{"self":[{"href":"https:\/\/wiy.com.br\/noticias\/wp-json\/wp\/v2\/posts\/52147","targetHints":{"allow":["GET"]}}],"collection":[{"href":"https:\/\/wiy.com.br\/noticias\/wp-json\/wp\/v2\/posts"}],"about":[{"href":"https:\/\/wiy.com.br\/noticias\/wp-json\/wp\/v2\/types\/post"}],"author":[{"embeddable":true,"href":"https:\/\/wiy.com.br\/noticias\/wp-json\/wp\/v2\/users\/1"}],"replies":[{"embeddable":true,"href":"https:\/\/wiy.com.br\/noticias\/wp-json\/wp\/v2\/comments?post=52147"}],"version-history":[{"count":0,"href":"https:\/\/wiy.com.br\/noticias\/wp-json\/wp\/v2\/posts\/52147\/revisions"}],"wp:featuredmedia":[{"embeddable":true,"href":"https:\/\/wiy.com.br\/noticias\/wp-json\/wp\/v2\/media\/52148"}],"wp:attachment":[{"href":"https:\/\/wiy.com.br\/noticias\/wp-json\/wp\/v2\/media?parent=52147"}],"wp:term":[{"taxonomy":"category","embeddable":true,"href":"https:\/\/wiy.com.br\/noticias\/wp-json\/wp\/v2\/categories?post=52147"},{"taxonomy":"post_tag","embeddable":true,"href":"https:\/\/wiy.com.br\/noticias\/wp-json\/wp\/v2\/tags?post=52147"}],"curies":[{"name":"wp","href":"https:\/\/api.w.org\/{rel}","templated":true}]}}