{"id":52103,"date":"2023-02-26T15:43:04","date_gmt":"2023-02-26T18:43:04","guid":{"rendered":"https:\/\/wiy.com.br\/noticias\/ex-secretario-da-saude-lanca-nova-plataforma-com-dados-da-covid-19-no-pais\/"},"modified":"2020-06-08T08:15:09","modified_gmt":"2020-06-08T11:15:09","slug":"ex-secretario-da-saude-lanca-nova-plataforma-com-dados-da-covid-19-no-pais","status":"publish","type":"post","link":"https:\/\/wiy.com.br\/noticias\/ex-secretario-da-saude-lanca-nova-plataforma-com-dados-da-covid-19-no-pais\/","title":{"rendered":"Ex-secret\u00e1rio da Sa\u00fade lan\u00e7a nova plataforma com dados da covid-19 no pa\u00eds"},"content":{"rendered":"<p> <br \/>\n<\/p>\n<p>O m\u00e9dico <strong>Jo\u00e3o Gabbardo<\/strong>, chefe do centro de combate ao novo <strong><a href=\"https:\/\/exame.com\/noticias-sobre\/coronavirus\/\">coronav\u00edrus<\/a><\/strong> em S\u00e3o Paulo, anunciou neste domingo (7) o lan\u00e7amento de uma <a href=\"https:\/\/t.co\/2BusyPVHqe?amp=1\">plataforma<\/a> com os dados da pandemia de covid-19. A atualiza\u00e7\u00e3o ser\u00e1 feita de hora em hora de acordo com as informa\u00e7\u00f5es das bases de dados estaduais.<\/p>\n<p>A iniciativa foi divulgada pelo membro da equipe do ex-ministro Henrique Mandetta em meio a criticas ao governo, que substituiu o portal sobre o coronav\u00edrus por site com informa\u00e7\u00f5es m\u00ednimas. O Minist\u00e9rio da Sa\u00fade tem sido acusado desde sexta-feira de falta de transpar\u00eancia com os n\u00fameros da pandemia no pa\u00eds. Neste domingo, <a href=\"https:\/\/exame.com\/brasil\/brasil-registra-1-382-mortes-por-coronavirus-em-24h-total-vai-a-37-312\/\">dados divergentes sobre o n\u00famero de mortes<\/a> e novos casos em 24 horas foram divulgados. O Minist\u00e9rio P\u00fablico Federal cobrou explica\u00e7\u00f5es sobre o porqu\u00ea da retirada do n\u00famero total de casos.<\/p>\n<blockquote class=\"twitter-tweet\">\n<p>Segue o link para atualiza\u00e7\u00e3o dos dados de <a href=\"https:\/\/twitter.com\/hashtag\/COVID19?src=hash&amp;ref_src=twsrc%5Etfw\">#COVID19<\/a> <a href=\"https:\/\/t.co\/2BusyPVHqe\">https:\/\/t.co\/2BusyPVHqe<\/a> <a href=\"https:\/\/twitter.com\/hashtag\/dadostransparentes?src=hash&amp;ref_src=twsrc%5Etfw\">#dadostransparentes<\/a> <a href=\"https:\/\/t.co\/RizEvR6MnA\">https:\/\/t.co\/RizEvR6MnA<\/a> <a href=\"https:\/\/t.co\/n8DKXp4Zi5\">pic.twitter.com\/n8DKXp4Zi5<\/a><\/p>\n<p>\u2014 Gabbardo (@GabbardoJoao) <a href=\"https:\/\/twitter.com\/GabbardoJoao\/status\/1269766386353606659?ref_src=twsrc%5Etfw\">June 7, 2020<\/a><\/p>\n<\/blockquote>\n<p><span><\/span><\/p>\n<p>&nbsp;<\/p>\n<p>The post <a rel=\"nofollow\" href=\"https:\/\/exame.com\/brasil\/ex-membro-ministerio-saude-lanca-nova-plataforma-coronavirus\/\">Ex-secret\u00e1rio da Sa\u00fade lan\u00e7a nova plataforma com dados da covid-19 no pa\u00eds<\/a> appeared first on <a rel=\"nofollow\" href=\"https:\/\/exame.com\">Exame<\/a>.<\/p>\n<p><script async src=\"http:\/\/platform.twitter.com\/widgets.js\" charset=\"utf-8\"><\/script><br \/>\n<br \/><br \/>\n<br \/><a href=\"https:\/\/exame.com\/brasil\/ex-membro-ministerio-saude-lanca-nova-plataforma-coronavirus\/\">Fonte do artigo <\/a><br \/>\nTags:<br \/>\n#politica #political #negocios #business #marketingdigital #empreendedorismo #marketing #emprendedores #empreender #sucesso #empresas #emprendimiento #emprendedor #empreendedor #emprender #dinheiro #dinero #empresario #vendas #liderazgo #motivacion #foco #motivacao #negocio #brasil<\/p>\n","protected":false},"excerpt":{"rendered":"<p>O m\u00e9dico Jo\u00e3o Gabbardo, chefe do centro de combate ao novo coronav\u00edrus em S\u00e3o Paulo, anunciou neste domingo (7) o lan\u00e7amento de uma plataforma com os dados da pandemia de covid-19. A atualiza\u00e7\u00e3o ser\u00e1 feita de hora em hora de acordo com as informa\u00e7\u00f5es das bases de dados estaduais. A iniciativa foi divulgada pelo membro [&hellip;]<\/p>\n","protected":false},"author":1,"featured_media":52104,"comment_status":"open","ping_status":"open","sticky":false,"template":"","format":"standard","meta":{"footnotes":""},"categories":[1],"tags":[],"class_list":["post-52103","post","type-post","status-publish","format-standard","has-post-thumbnail","hentry","category-curso-de-copy"],"_links":{"self":[{"href":"https:\/\/wiy.com.br\/noticias\/wp-json\/wp\/v2\/posts\/52103","targetHints":{"allow":["GET"]}}],"collection":[{"href":"https:\/\/wiy.com.br\/noticias\/wp-json\/wp\/v2\/posts"}],"about":[{"href":"https:\/\/wiy.com.br\/noticias\/wp-json\/wp\/v2\/types\/post"}],"author":[{"embeddable":true,"href":"https:\/\/wiy.com.br\/noticias\/wp-json\/wp\/v2\/users\/1"}],"replies":[{"embeddable":true,"href":"https:\/\/wiy.com.br\/noticias\/wp-json\/wp\/v2\/comments?post=52103"}],"version-history":[{"count":0,"href":"https:\/\/wiy.com.br\/noticias\/wp-json\/wp\/v2\/posts\/52103\/revisions"}],"wp:featuredmedia":[{"embeddable":true,"href":"https:\/\/wiy.com.br\/noticias\/wp-json\/wp\/v2\/media\/52104"}],"wp:attachment":[{"href":"https:\/\/wiy.com.br\/noticias\/wp-json\/wp\/v2\/media?parent=52103"}],"wp:term":[{"taxonomy":"category","embeddable":true,"href":"https:\/\/wiy.com.br\/noticias\/wp-json\/wp\/v2\/categories?post=52103"},{"taxonomy":"post_tag","embeddable":true,"href":"https:\/\/wiy.com.br\/noticias\/wp-json\/wp\/v2\/tags?post=52103"}],"curies":[{"name":"wp","href":"https:\/\/api.w.org\/{rel}","templated":true}]}}