{"id":51890,"date":"2023-02-26T15:31:17","date_gmt":"2023-02-26T18:31:17","guid":{"rendered":"https:\/\/wiy.com.br\/noticias\/nao-basta-nao-ser-racista-e-preciso-ser-antirracista-diz-alexandra-loras\/"},"modified":"2020-06-05T06:36:30","modified_gmt":"2020-06-05T09:36:30","slug":"nao-basta-nao-ser-racista-e-preciso-ser-antirracista-diz-alexandra-loras","status":"publish","type":"post","link":"https:\/\/wiy.com.br\/noticias\/nao-basta-nao-ser-racista-e-preciso-ser-antirracista-diz-alexandra-loras\/","title":{"rendered":"N\u00e3o basta n\u00e3o ser racista, \u00e9 preciso ser antirracista, diz Alexandra Loras"},"content":{"rendered":"<p> <br \/>\n<\/p>\n<p>A ex-consulesa francesa <strong>Alexandra Loras,<\/strong> 43, revela ter ficado \u201cchocada\u201d no <em>Morning Show, <\/em>programa da Jovem Pan, ap\u00f3s coment\u00e1rio de Adrilles Jorge, integrante fixo do quadro: \u201cO sangue negro escravo est\u00e1 na maioria dos brasileiros e as negras n\u00e3o foram estupradas, elas namoravam brancos\u201d, disse o ex-BBB. Convidada para discutir um selo da Funda\u00e7\u00e3o Palmares que causou pol\u00eamica, ela acredita ter tido pouco espa\u00e7o para resposta. \u201cIsso me abalou por negar a escravid\u00e3o e por ocorrer dias ap\u00f3s a morte de George Floyd, nos EUA, e do menino Jo\u00e3o Pedro, aqui\u201d, desabafa Alexandra, sobre os epis\u00f3dios recentes. Procurado pela<strong> Vejinha<\/strong>, Adrilles explicou que se referia \u00e0 miscigena\u00e7\u00e3o livre do povo brasileiro. \u201cN\u00e3o disse que escravas nunca foram estupradas.\u201d A produ\u00e7\u00e3o n\u00e3o quis comentar o debate especificamente. Para Alexandra, no Brasil desde 2012, o caso demonstra o racismo no pa\u00eds. \u201cN\u00e3o basta n\u00e3o ser racista, \u00e9 preciso ser antirracista\u201d, diz, em refer\u00eancia \u00e0 famosa frase da ativista americana Angela Davis: \u201cFalta tratar a quest\u00e3o como a pr\u00f3pria Covid: um verdadeiro v\u00edrus\u201d.<\/p>\n<p><strong>Publicado em VEJA S\u00c3O PAULO de 10 de junho de 2020, edi\u00e7\u00e3o n\u00ba 2690.<\/strong><\/p>\n<h1><strong>+\u00a0<a href=\"https:\/\/www.assine.abril.com.br\/portal\/assinar\/revista-veja-sao-paulo?origem=sr_vesp_cta_redacao&amp;utm_source=sites&amp;utm_medium=sr&amp;utm_campaign=sr_vesp_cta_redacao\" target=\"_blank\" rel=\"noopener noreferrer\">Assine a Vejinha\u00a0a partir de 6,90.<\/a><\/strong><\/h1>\n<p><br \/>\n<br \/><a href=\"https:\/\/vejasp.abril.com.br\/blog\/terraco-paulistano\/nao-basta-nao-ser-racista-e-preciso-ser-antirracista-diz-alexandra-loras\/\">Fonte do Artigo <\/a><br \/>\nTags:<br \/>\n#loterias #loteriascaixa #megasena #resultadoapostas#noticias #noticiario  #noticia #brasil #noticiascolombia #mundo #esporte #colombia #noticiadeld #ltimasnoticias  #noticiario #noticiasregionales #noticiasdepartamentales #noticiashoy #esportes #noticiaahora #elinformantenoticias #noticiasdeboyac  #esporteinterativo #esportivo #diariodosesportes  #noticiero  #jogodefutebol #jogos #loto #apostas<\/p>\n","protected":false},"excerpt":{"rendered":"<p>A ex-consulesa francesa Alexandra Loras, 43, revela ter ficado \u201cchocada\u201d no Morning Show, programa da Jovem Pan, ap\u00f3s coment\u00e1rio de Adrilles Jorge, integrante fixo do quadro: \u201cO sangue negro escravo est\u00e1 na maioria dos brasileiros e as negras n\u00e3o foram estupradas, elas namoravam brancos\u201d, disse o ex-BBB. Convidada para discutir um selo da Funda\u00e7\u00e3o Palmares [&hellip;]<\/p>\n","protected":false},"author":1,"featured_media":51891,"comment_status":"open","ping_status":"open","sticky":false,"template":"","format":"standard","meta":{"footnotes":""},"categories":[1],"tags":[],"class_list":["post-51890","post","type-post","status-publish","format-standard","has-post-thumbnail","hentry","category-curso-de-copy"],"_links":{"self":[{"href":"https:\/\/wiy.com.br\/noticias\/wp-json\/wp\/v2\/posts\/51890","targetHints":{"allow":["GET"]}}],"collection":[{"href":"https:\/\/wiy.com.br\/noticias\/wp-json\/wp\/v2\/posts"}],"about":[{"href":"https:\/\/wiy.com.br\/noticias\/wp-json\/wp\/v2\/types\/post"}],"author":[{"embeddable":true,"href":"https:\/\/wiy.com.br\/noticias\/wp-json\/wp\/v2\/users\/1"}],"replies":[{"embeddable":true,"href":"https:\/\/wiy.com.br\/noticias\/wp-json\/wp\/v2\/comments?post=51890"}],"version-history":[{"count":0,"href":"https:\/\/wiy.com.br\/noticias\/wp-json\/wp\/v2\/posts\/51890\/revisions"}],"wp:featuredmedia":[{"embeddable":true,"href":"https:\/\/wiy.com.br\/noticias\/wp-json\/wp\/v2\/media\/51891"}],"wp:attachment":[{"href":"https:\/\/wiy.com.br\/noticias\/wp-json\/wp\/v2\/media?parent=51890"}],"wp:term":[{"taxonomy":"category","embeddable":true,"href":"https:\/\/wiy.com.br\/noticias\/wp-json\/wp\/v2\/categories?post=51890"},{"taxonomy":"post_tag","embeddable":true,"href":"https:\/\/wiy.com.br\/noticias\/wp-json\/wp\/v2\/tags?post=51890"}],"curies":[{"name":"wp","href":"https:\/\/api.w.org\/{rel}","templated":true}]}}