{"id":51795,"date":"2023-02-26T15:37:21","date_gmt":"2023-02-26T18:37:21","guid":{"rendered":"https:\/\/wiy.com.br\/noticias\/o-mercado-so-deve-se-recuperar-em-2023-afirma-presidente-da-audi\/"},"modified":"2020-06-04T06:45:11","modified_gmt":"2020-06-04T09:45:11","slug":"o-mercado-so-deve-se-recuperar-em-2023-afirma-presidente-da-audi","status":"publish","type":"post","link":"https:\/\/wiy.com.br\/noticias\/o-mercado-so-deve-se-recuperar-em-2023-afirma-presidente-da-audi\/","title":{"rendered":"\u201cO mercado s\u00f3 deve se recuperar em 2023\u201d, afirma presidente da Audi"},"content":{"rendered":"<p> <br \/>\n<\/p>\n<p><span>Nas pistas de F\u00f3rmula 1, Ayrton Senna foi piloto de diversas escuderias, Lotus, Williams, McLaren. Do lado de fora dos aut\u00f3dromos, o \u00eddolo de milh\u00f5es de brasileiros dirigia um <a href=\"https:\/\/exame.com\/estilo-de-vida\/audi-sai-na-frente-no-mercado-nacional-premium-com-lancamento-do-q3\/\" target=\"_blank\" rel=\"noopener noreferrer\"><strong>Audi<\/strong><\/a>. Senna foi o principal respons\u00e1vel por trazer a marca ao Brasil ap\u00f3s a abertura do mercado para produtos importados.<\/span><\/p>\n<p><span>De l\u00e1 para c\u00e1, a montadora de luxo enfrentou in\u00fameras crises, abriu duas vezes uma opera\u00e7\u00e3o fabril no pa\u00eds e agora se v\u00ea diante de um mercado automotivo minguado. Nem as marcas premium devem escapar do cen\u00e1rio dram\u00e1tico que se desenha para o setor.<\/span><\/p>\n<p><span>\u201cT\u00ednhamos um planejamento que n\u00e3o vai se confirmar devido \u00e0 pandemia. O mercado automotivo s\u00f3 deve se recuperar plenamente a partir de 2023\u201d, afirma <\/span><span>Johannes Roscheck, presidente da Audi do Brasil, em entrevista \u00e0 <strong>EXAME<\/strong>.<\/span><\/p>\n<p><span>O executivo austr\u00edaco visitou o Brasil pela primeira vez em 1996. \u201cO pa\u00eds era muito diferente. Com o mercado ainda fechado, os brasileiros estavam sempre \u00e0 procura de produtos importados, achavam que os nacionais eram inferiores.\u201d<\/span><\/p>\n<aside>\n<div class=\"widget-news widget-box no-margin no-border\"><span class=\"widget-news-title content-box-title\">Veja tamb\u00e9m<\/span><\/p>\n<ul class=\"widget-news-list\">\n<li class=\"widget-news-item without-thumb with-border\">\n<div class=\"widget-news-info\"><a href=\"http:\/\/exame.com\/negocios\">NEG\u00d3CIOS<\/a><span class=\"widget-news-item-title\"><a href=\"https:\/\/exame.com\/negocios\/continuamos-com-a-mesma-ambicao-diz-presidente-da-caoa-chery\/\">\u201cContinuamos com a mesma ambi\u00e7\u00e3o\u201d, diz presidente da Caoa Chery<\/a><\/span><span class=\"widget-news-item-date\">29 Maio 2020 &#8211; 06h05<\/span><\/div>\n<\/li>\n<\/ul>\n<\/div>\n<\/aside>\n<p><span>Roscheck trabalhou na opera\u00e7\u00e3o local da Audi entre 1999 e 2002 e, em 2017, retornou ao Brasil para chefiar a montadora no pa\u00eds. \u201cA crise de hoje \u00e9 diferente das outras porque a retra\u00e7\u00e3o econ\u00f4mica \u00e9 s\u00f3 um dos efeitos, o grande problema \u00e9 uma pandemia de sa\u00fade, que n\u00e3o sabemos quando vai acabar.\u201d<\/span><\/p>\n<p><span>A ind\u00fastria automotiva vem enfrentando altos e baixos bem antes do coronav\u00edrus. Depois de registrar recorde de vendas no pa\u00eds em meados de 2011, a euforia no mercado come\u00e7ou a perder for\u00e7a nos anos seguintes, culminando na pior retra\u00e7\u00e3o do setor de 2014 a 2016.\u00a0<\/span><\/p>\n<p><span>Em um processo lento de recupera\u00e7\u00e3o, as montadoras come\u00e7aram a ver um cen\u00e1rio melhor a partir de 2018, mas o otimismo durou pouco. Com a pandemia, as vendas despencaram novamente, e no segmento de luxo n\u00e3o foi diferente: de janeiro a abril, os emplacamentos das principais marcas &#8211; Audi, BMW e Mercedes-Benz &#8211; recuaram cerca de 30%.<\/span><\/p>\n<p><span>A montadora de luxo do grupo Volkswagen trabalha com uma proje\u00e7\u00e3o de queda no segmento premium de 30% a 40% neste ano, com vendas de aproximadamente 35.000 unidades no pa\u00eds. O recorde deste mercado foi verificado em 2015, com emplacamentos de quase 60.000. \u201cS\u00f3 devemos atingir esse patamar novamente em 2023\u201d, estima Roscheck.\u00a0\u00a0<\/span><\/p>\n<p><span>Ele ressalta que as proje\u00e7\u00f5es apontavam para esse n\u00edvel de vendas, no Brasil, para meados de 2021 ou no ano seguinte, mas os efeitos da pandemia atrapalharam os planos do setor. \u201cA oscila\u00e7\u00e3o do c\u00e2mbio tamb\u00e9m vai ser um desafio adicional.\u201d<\/span><\/p>\n<h3><b>P\u00fablico-alvo em transi\u00e7\u00e3o<\/b><\/h3>\n<p><span>Roscheck relata que os clientes da Audi s\u00e3o, em sua maioria, fi\u00e9is. Mas tamb\u00e9m existe aquela parcela que est\u00e1 ascendendo socialmente e que gostaria de migrar para uma marca premium. \u201cEste grupo foi o que mais sofreu na crise de alguns anos atr\u00e1s.\u201d<\/span><\/p>\n<p><span>O executivo acredita que, a partir de agora, os clientes com maior poder aquisitivo continuar\u00e3o sofrendo menos com a recess\u00e3o, entretanto, devem avaliar com mais cautela se \u00e9 o momento de trocar de carro.\u00a0<\/span><\/p>\n<p><span>Neste sentido, a Audi deve manter a aposta em tecnologias avan\u00e7adas, a come\u00e7ar pela eletrifica\u00e7\u00e3o. A marca trouxe ao mercado brasileiro, neste ano, o <a href=\"https:\/\/exame.com\/revista-exame\/especie-adaptada\/\" target=\"_blank\" rel=\"noopener noreferrer\"><strong>e-tron<\/strong><\/a>, primeiro modelo 100% el\u00e9trico da Audi. Tamb\u00e9m anunciou um investimento de 10 milh\u00f5es de reais para <a href=\"https:\/\/exame.com\/negocios\/audi-investira-r-10-milhoes-em-postos-de-recarga-de-eletricos-no-brasil\/\" target=\"_blank\" rel=\"noopener noreferrer\"><strong>a instala\u00e7\u00e3o de 200 postos de recarga<\/strong><\/a> de ve\u00edculos el\u00e9tricos no pa\u00eds, em parceria com a <a href=\"https:\/\/exame.com\/revista-exame\/33-bilhoes-so-para-comecar\/\" target=\"_blank\" rel=\"noopener noreferrer\"><strong>Engie<\/strong><\/a>.<\/span><\/p>\n<p><span>Al\u00e9m disso, a montadora tamb\u00e9m tem <a href=\"https:\/\/exame.com\/negocios\/audi-q8-o-carro-quase-autonomo-a-venda-no-brasil\/\" target=\"_blank\" rel=\"noopener noreferrer\"><strong>um dos \u00fanicos modelos do mundo quase aut\u00f4nomo, o Q8<\/strong><\/a>, que re\u00fane sistemas que se aproximam da automa\u00e7\u00e3o n\u00edvel 5 &#8211; a mais alta e ainda inexistente no mercado global.<\/span><\/p>\n<p><span>\u201cEsse tipo de tend\u00eancia chega muito mais rapidamente no segmento premium, porque os clientes est\u00e3o dispostos a pagar um pouco mais para ter essas novas tecnologias. N\u00f3s temos a inova\u00e7\u00e3o como DNA, sem isso a empresa morre.\u201d<\/span><\/p>\n<p><span>Al\u00e9m da inova\u00e7\u00e3o no sentido da automa\u00e7\u00e3o e da eletrifica\u00e7\u00e3o, a Audi tamb\u00e9m aposta no segmento de superesportivos. A marca lan\u00e7ou em maio, virtualmente, o <a href=\"https:\/\/exame.com\/blog\/car-and-fun\/audi-r8-feito-sob-medida\/\" target=\"_blank\" rel=\"noopener noreferrer\"><strong>R8<\/strong><\/a>, que vai de 0 a 100 km\/h em apenas 3,2 segundos. Tem motor V10 com 610 cv de pot\u00eancia e ser\u00e1 oferecido no Brasil somente na modalidade de venda direta (neste caso, por encomenda), com pre\u00e7o \u00fanico: 1,234 milh\u00e3o de reais.\u00a0<\/span><\/p>\n<p><span>\u201cEste mercado s\u00f3 tende a crescer\u201d, afirma Roscheck. A montadora vendeu mais de 25 unidades do modelo em apenas 4 dias.\u00a0<\/span><\/p>\n<p><span>Enquanto isso, a f\u00e1brica da marca em S\u00e3o Jos\u00e9 dos Pinhais, no Paran\u00e1, est\u00e1 produzindo apenas o sed\u00e3 A3. L\u00e1, a linha \u00e9 compartilhada com a Volkswagen.<\/span><\/p>\n<p><span>Segundo o executivo, desde o final de 2018, quando foi anunciado o Rota 2030 &#8211; conjunto de pol\u00edticas voltadas para a ind\u00fastria automotiva &#8211; as montadoras com pequenos volumes de produ\u00e7\u00e3o local est\u00e3o \u00e0 espera de defini\u00e7\u00f5es sobre suas metas.<\/span><\/p>\n<p><span>\u201cEnquanto n\u00e3o houver defini\u00e7\u00f5es claras sobre a pol\u00edtica para estas empresas, fica dif\u00edcil fazer qualquer tipo de planejamento\u201d, afirma Roscheck.\u00a0<\/span><\/p>\n<p>#noticias #economia #sustentabilidade #dinheiro #economia<br \/>\n<br \/><br \/>\n<br \/><a href=\"https:\/\/exame.com\/negocios\/o-mercado-so-deve-se-recuperar-em-2023-afirma-presidente-da-audi\/\">Fonte do Artigo <\/a><br \/>\nTags:<\/p>\n<p><a href=\"https:\/\/wiy.com.br\/noticias\/categoria\/curso-de-copy\/\">#noticias<\/a> <a href=\"https:\/\/wiy.com.br\/noticias\/categoria\/curso-de-copy\/\">#economia<\/a> <a href=\"https:\/\/wiy.com.br\/noticias\/categoria\/curso-de-copy\/\">#sustentabilidade<\/a> <a href=\"https:\/\/wiy.com.br\/noticias\/categoria\/curso-de-copy\/\">#dinheiro<\/a> <a href=\"https:\/\/wiy.com.br\/noticias\/categoria\/curso-de-copy\/\">#economia<\/a> <a href=\"https:\/\/wiy.com.br\/noticias\/categoria\/curso-de-copy\/\">#energialimpa<\/a> <a href=\"https:\/\/wiy.com.br\/noticias\/categoria\/curso-de-copy\/\">#brasil<\/a> <a href=\"https:\/\/wiy.com.br\/noticias\/categoria\/curso-de-copy\/\">#cursodecopy<\/a> <a href=\"https:\/\/wiy.com.br\/noticias\/categoria\/curso-de-copy\/\">#meioambiente<\/a> <a href=\"https:\/\/wiy.com.br\/noticias\/categoria\/curso-de-copy\/\">#hotmart<\/a> <a href=\"https:\/\/wiy.com.br\/noticias\/categoria\/curso-de-copy\/\">#empreendedorismo<\/a> <a href=\"https:\/\/wiy.com.br\/noticias\/categoria\/curso-de-copy\/\">#marketingdigital<\/a> <a href=\"https:\/\/wiy.com.br\/noticias\/categoria\/curso-de-copy\/\">#marketing digital<\/a> <a href=\"https:\/\/wiy.com.br\/noticias\/categoria\/curso-de-copy\/\">#politica<\/a> <a href=\"https:\/\/wiy.com.br\/noticias\/categoria\/curso-de-copy\/\">#energiasolarfotovoltaica<\/a> <a href=\"https:\/\/wiy.com.br\/noticias\/categoria\/curso-de-copy\/\">#textos que vendem<\/a> <a href=\"https:\/\/wiy.com.br\/noticias\/categoria\/curso-de-copy\/\">#copy de vendas<\/a> <a href=\"https:\/\/wiy.com.br\/noticias\/categoria\/curso-de-copy\/\">#sucesso<\/a> <a href=\"https:\/\/wiy.com.br\/noticias\/categoria\/curso-de-copy\/\">#financas<\/a> <a href=\"https:\/\/wiy.com.br\/noticias\/categoria\/curso-de-copy\/\">#investimentos<\/a> <a href=\"https:\/\/wiy.com.br\/noticias\/categoria\/curso-de-copy\/\">#criptomoeda<\/a> <a href=\"https:\/\/wiy.com.br\/noticias\/categoria\/curso-de-copy\/\">#ead<\/a> <a href=\"https:\/\/wiy.com.br\/noticias\/categoria\/curso-de-copy\/\">#copy download<\/a> <a href=\"https:\/\/wiy.com.br\/noticias\/categoria\/curso-de-copy\/\">#cursodecopypdf<\/a> <a href=\"https:\/\/wiy.com.br\/noticias\/categoria\/curso-de-copy\/\">#primeiravenda<\/a> <a href=\"https:\/\/wiy.com.br\/noticias\/categoria\/curso-de-copy\/\">#noticias24<\/a> <a href=\"https:\/\/curso-de-copy.wordseo.com.br\/\">#curso de copy<\/a> <a href=\"https:\/\/curso-de-copy.wordseo.com.br\/\">#curso para afiliados<\/a> <a href=\"https:\/\/curso-de-copy.wordseo.com.br\/\">#curso de copy online<\/a><\/p>\n","protected":false},"excerpt":{"rendered":"<p>Nas pistas de F\u00f3rmula 1, Ayrton Senna foi piloto de diversas escuderias, Lotus, Williams, McLaren. Do lado de fora dos aut\u00f3dromos, o \u00eddolo de milh\u00f5es de brasileiros dirigia um Audi. Senna foi o principal respons\u00e1vel por trazer a marca ao Brasil ap\u00f3s a abertura do mercado para produtos importados. De l\u00e1 para c\u00e1, a montadora [&hellip;]<\/p>\n","protected":false},"author":1,"featured_media":51796,"comment_status":"open","ping_status":"open","sticky":false,"template":"","format":"standard","meta":{"footnotes":""},"categories":[1,339],"tags":[],"class_list":["post-51795","post","type-post","status-publish","format-standard","has-post-thumbnail","hentry","category-curso-de-copy","category-negocios"],"_links":{"self":[{"href":"https:\/\/wiy.com.br\/noticias\/wp-json\/wp\/v2\/posts\/51795","targetHints":{"allow":["GET"]}}],"collection":[{"href":"https:\/\/wiy.com.br\/noticias\/wp-json\/wp\/v2\/posts"}],"about":[{"href":"https:\/\/wiy.com.br\/noticias\/wp-json\/wp\/v2\/types\/post"}],"author":[{"embeddable":true,"href":"https:\/\/wiy.com.br\/noticias\/wp-json\/wp\/v2\/users\/1"}],"replies":[{"embeddable":true,"href":"https:\/\/wiy.com.br\/noticias\/wp-json\/wp\/v2\/comments?post=51795"}],"version-history":[{"count":0,"href":"https:\/\/wiy.com.br\/noticias\/wp-json\/wp\/v2\/posts\/51795\/revisions"}],"wp:featuredmedia":[{"embeddable":true,"href":"https:\/\/wiy.com.br\/noticias\/wp-json\/wp\/v2\/media\/51796"}],"wp:attachment":[{"href":"https:\/\/wiy.com.br\/noticias\/wp-json\/wp\/v2\/media?parent=51795"}],"wp:term":[{"taxonomy":"category","embeddable":true,"href":"https:\/\/wiy.com.br\/noticias\/wp-json\/wp\/v2\/categories?post=51795"},{"taxonomy":"post_tag","embeddable":true,"href":"https:\/\/wiy.com.br\/noticias\/wp-json\/wp\/v2\/tags?post=51795"}],"curies":[{"name":"wp","href":"https:\/\/api.w.org\/{rel}","templated":true}]}}