{"id":51769,"date":"2023-02-26T15:31:48","date_gmt":"2023-02-26T18:31:48","guid":{"rendered":"https:\/\/wiy.com.br\/noticias\/pioneira-da-cena-drag-no-brasil-miss-bia-morre-aos-81-anos-de-covid-19\/"},"modified":"2020-06-03T18:56:16","modified_gmt":"2020-06-03T21:56:16","slug":"pioneira-da-cena-drag-no-brasil-miss-bia-morre-aos-81-anos-de-covid-19","status":"publish","type":"post","link":"https:\/\/wiy.com.br\/noticias\/pioneira-da-cena-drag-no-brasil-miss-bia-morre-aos-81-anos-de-covid-19\/","title":{"rendered":"Pioneira da cena drag no Brasil, Miss Bi\u00e1 morre aos 81 anos de Covid-19"},"content":{"rendered":"<p> <br \/>\n<\/p>\n<p>Morreu nesta quarta-feira (3) em S\u00e3o Paulo a pioneira drag queen <strong>Miss Bi\u00e1<\/strong>, persona do maquiador Eduardo Albarella. A tamb\u00e9m atriz, transformista e maquiadora tinha 81 anos e foi v\u00edtima da <strong>Covid-19<\/strong>.<\/p>\n<p>Uma das drag queens pioneiras do pa\u00eds, Miss Bi\u00e1 tinha 60 anos de carreira e fez in\u00fameras performances durante o per\u00edodo de ditadura militar no Brasil, quando a persegui\u00e7\u00e3o aos LGBTQ j\u00e1 era praticada pelo Estado brasileiro. Paulistana nascida no Br\u00e1s, a artista tamb\u00e9m inspirou um document\u00e1rio produzido pelo Museu da Diversidade Sexual &#8212; <a href=\"https:\/\/www.youtube.com\/watch?v=emUAjSklAYU&amp;feature=emb_title\">a produ\u00e7\u00e3o est\u00e1 dispon\u00edvel no YouTube, em quatro partes<\/a>. Miss Bi\u00e1 tamb\u00e9m ficou conhecida ao homenagear Hebe Camargo em suas produ\u00e7\u00f5es.<\/p>\n<p><strong><a href=\"https:\/\/abr.ai\/assine-vejasp\" target=\"_blank\" data-saferedirecturl=\"https:\/\/www.google.com\/url?q=https:\/\/abr.ai\/assine-vejasp&amp;source=gmail&amp;ust=1589623630363000&amp;usg=AFQjCNEoIw_5bfciYp8OrDGJ891XoM4RXw\" rel=\"noopener noreferrer\">+ Assine a Vejinha a partir de 6,90<\/a><\/strong><\/p>\n<p>&#8220;Miss Bi\u00e1 era uma lenda. Era gigante. Perdemos hoje uma pioneira. Algu\u00e9m que, em tempos de ditadura, ousou ser artista, ousou ser drag queen &#8212; ou transformista, como se dizia na \u00e9poca. Algu\u00e9m que homenageava a maior apresentadora da TV brasileira, Hebe Camargo, com seu trabalho e sentou no sof\u00e1 mais famoso do pa\u00eds, em um tempo de grande preconceito&#8221;, lamentou o apresentador Fernando Oliveira em publica\u00e7\u00e3o no Instagram. &#8220;Miss Bi\u00e1 \u00e9 mais uma que perdemos para a Covid. Miss Bi\u00e1 merece todas as homenagens e deixa um legado imenso. Que falta ela far\u00e1&#8221;.<\/p>\n<div class=\"ads post-ads\"><span class=\"title\">Continua ap\u00f3s a publicidade<\/span><\/p>\n<div id=\"abrAD_rectangle2\" class=\"abrAD\" data-ad-><\/div>\n<\/div>\n<blockquote class=\"instagram-media\" data-instgrm-captioned data-instgrm-permalink=\"https:\/\/www.instagram.com\/p\/CA-8XCcnMd6\/?utm_source=ig_embed&amp;utm_campaign=loading\" data-instgrm-version=\"12\">\n<div> <a href=\"https:\/\/www.instagram.com\/p\/CA-8XCcnMd6\/?utm_source=ig_embed&amp;utm_campaign=loading\" target=\"_blank\" rel=\"noopener noreferrer\"> <\/p>\n<div>\n<div><\/div>\n<div>\n<div><\/div>\n<div><\/div>\n<\/div>\n<\/div>\n<div><\/div>\n<div><\/div>\n<div>\n<div> View this post on Instagram<\/div>\n<\/div>\n<div><\/div>\n<div>\n<div>\n<div><\/div>\n<div><\/div>\n<div><\/div>\n<\/div>\n<div>\n<div><\/div>\n<div><\/div>\n<\/div>\n<div>\n<div><\/div>\n<div><\/div>\n<div><\/div>\n<\/div>\n<\/div>\n<p><\/a> <\/p>\n<p> <a href=\"https:\/\/www.instagram.com\/p\/CA-8XCcnMd6\/?utm_source=ig_embed&amp;utm_campaign=loading\" target=\"_blank\" rel=\"noopener noreferrer\">Miss Bia\u0301 era uma LENDA. Era GIGANTE. Perdemos hoje uma pioneira. Algue\u0301m que, em tempos de ditadura, ousou ser artista, ousou ser drag queen &#8211; ou transformista, como se dizia na e\u0301poca. Algue\u0301m que homenageava a maior apresentadora da TV brasileira, Hebe Camargo, com seu trabalho e sentou no sofa\u0301 mais famoso do pai\u0301s, em um tempo de grande preconceito. Algue\u0301m que, no comec\u0327o das anos 90 distribuiu camisinhas vestida de freira para conscientizar a populac\u0327a\u0303o sobre prevenc\u0327a\u0303o ao HIV. Miss Bia\u0301 pavimentou um caminho IMENSO para LGBTs como eu com sua cara e coragem. Sempre que a encontrava prestava revere\u0302ncia. Era sempre leve, agrada\u0301vel. Miss Bia\u0301 era a histo\u0301ria de uma comunidade inteira. Que amava tanto sua arte que desfilava pela sala, sozinha, testando seus figurinos (e eu bem espiei esse momento da varanda de um amigo e depois me diverti contando a ela). Miss Bia\u0301 era vanguarda, era apaixonada pela vida. Miss Bia\u0301 e\u0301 mais uma que perdemos para o covid. Miss Bia\u0301 merece todas as homenagens e deixa um legado imenso. Que falta ela fara\u0301. To arrasado. <img title = \"[Tags]\"decoding=\"async\" src=\"https:\/\/s.w.org\/images\/core\/emoji\/12.0.0-1\/72x72\/1f494.png\"alt = \"1f494 Pioneira da cena drag no Brasil, Miss Bi\u00e1 morre aos 81 anos de Covid-19\" class=\"wp-smiley\" \/><img title = \"[Tags]\"decoding=\"async\" src=\"https:\/\/s.w.org\/images\/core\/emoji\/12.0.0-1\/72x72\/1f308.png\"alt = \"1f494 Pioneira da cena drag no Brasil, Miss Bi\u00e1 morre aos 81 anos de Covid-19\" class=\"wp-smiley\" \/><\/a><\/p>\n<p>A post shared by <a href=\"https:\/\/www.instagram.com\/fefito\/?utm_source=ig_embed&amp;utm_campaign=loading\" target=\"_blank\" rel=\"noopener noreferrer\"> Fernando Oliveira<\/a> (@fefito) on Jun 3, 2020 at 11:45am PDT<\/p>\n<\/div>\n<\/blockquote>\n<div class=\"block related-posts\">\n<ul class=\"block-menu\">\n<li data-tab=\"tab-1\" class=\"active\">Relacionadas<\/li>\n<li data-tab=\"tab-2\">Mais Lidas<\/li>\n<\/ul>\n<div id=\"tab-1\" class=\"block-content active\">\n<div class=\"row\">\n<li class=\"widget-news-item without-thumb with-border\">\n<div class=\"widget-news-info\"><a href=\"http:\/\/vejasp.abril.com.br\/cidades\">Cidades<\/a><span class=\"widget-news-item-title\"><a href=\"https:\/\/vejasp.abril.com.br\/cidades\/renata-vasconcellos-ausencia-jn\/\">Aus\u00eancia de Renata Vasconcellos no JN rende especula\u00e7\u00f5es na web<\/a><\/span><span class=\"widget-news-item-date\">3 Jun 2020 &#8211; 13h06<\/span><\/div>\n<\/li>\n<li class=\"widget-news-item without-thumb with-border\">\n<div class=\"widget-news-info\"><a href=\"http:\/\/vejasp.abril.com.br\/cidades\">Cidades<\/a><span class=\"widget-news-item-title\"><a href=\"https:\/\/vejasp.abril.com.br\/cidades\/atriz-maria-alice-vergueiro-morre-aos-85-anos-em-sao-paulo\/\">Atriz Maria Alice Vergueiro morre aos 85 anos em S\u00e3o Paulo<\/a><\/span><span class=\"widget-news-item-date\">3 Jun 2020 &#8211; 12h06<\/span><\/div>\n<\/li>\n<li class=\"widget-news-item without-thumb with-border\">\n<div class=\"widget-news-info\"><a href=\"http:\/\/vejasp.abril.com.br\/cidades\">Cidades<\/a><span class=\"widget-news-item-title\"><a href=\"https:\/\/vejasp.abril.com.br\/cidades\/jimy-raw-ex-apresentador-do-globo-de-ouro-morre-aos-58-de-coronavirus\/\">Jimmy Raw, ex-apresentador do Globo de Ouro, morre aos 58 de coronav\u00edrus<\/a><\/span><span class=\"widget-news-item-date\">3 Jun 2020 &#8211; 12h06<\/span><\/div>\n<\/li>\n<li class=\"widget-news-item without-thumb with-border\">\n<div class=\"widget-news-info\"><a href=\"http:\/\/vejasp.abril.com.br\/cidades\">Cidades<\/a><span class=\"widget-news-item-title\"><a href=\"https:\/\/vejasp.abril.com.br\/cidades\/namorado-mae-neymar-jr-hospital-litoral-sp\/\">Namorado da m\u00e3e de Neymar Jr. vai parar no hospital no litoral de SP<\/a><\/span><span class=\"widget-news-item-date\">3 Jun 2020 &#8211; 12h06<\/span><\/div>\n<\/li>\n<\/div>\n<\/div>\n<div id=\"tab-2\" class=\"block-content\">\n<div class=\"row\">\n<div class=\"col-s-12 col-l-3\"><a href=\"https:\/\/vejasp.abril.com.br\/cidades\/sao-paulo-pode-ter-feriadao-de-6-dias-a-partir-de-quarta-feira-20\/\" class=\"card\"><span class=\"category hide-s\">Cidades<\/span><img title = \"[Tags]\"data-src=\"https:\/\/vejasp.abril.com.br\/wp-content\/uploads\/2020\/05\/coletiva-imprensa-joao-doria-01.jpg?quality=70&amp;strip=info&amp;w=294&amp;h=200&amp;crop=1\"alt = \"1f494 Pioneira da cena drag no Brasil, Miss Bi\u00e1 morre aos 81 anos de Covid-19\" class=\"lazyload media\" style=\"max-width:100%\"><span class=\"category hide-l\">Cidades<\/span><span class=\"title\"><strong>1<\/strong>S\u00e3o Paulo pode ter feriad\u00e3o de 6 dias a partir de quarta-feira (20)<\/span><\/a><\/div>\n<div class=\"col-s-12 col-l-3\"><a href=\"https:\/\/vejasp.abril.com.br\/cidades\/bruno-covas-anuncia-retomada-do-rodizio-tradicional-em-sao-paulo\/\" class=\"card\"><span class=\"category hide-s\">Cidades<\/span><img title = \"[Tags]\"data-src=\"https:\/\/vejasp.abril.com.br\/wp-content\/uploads\/2020\/05\/bruno-covas-rodizio-sao-paulo-covid-01.jpg?quality=70&amp;strip=info&amp;w=294&amp;h=200&amp;crop=1\"alt = \"1f494 Pioneira da cena drag no Brasil, Miss Bi\u00e1 morre aos 81 anos de Covid-19\" class=\"lazyload media\" style=\"max-width:100%\"><span class=\"category hide-l\">Cidades<\/span><span class=\"title\"><strong>2<\/strong>Bruno Covas anuncia retomada do rod\u00edzio tradicional em S\u00e3o Paulo<\/span><\/a><\/div>\n<div class=\"col-s-12 col-l-3\"><a href=\"https:\/\/vejasp.abril.com.br\/cultura-lazer\/pe-de-fava-pesadelo-na-cozinha-jacquin-a-venda\/\" class=\"card\"><span class=\"category hide-s\">Cultura &amp; Lazer<\/span><img title = \"[Tags]\"data-src=\"https:\/\/vejasp.abril.com.br\/wp-content\/uploads\/2019\/08\/48607751993_11cb679b5c_o.jpg?quality=70&amp;strip=info&amp;w=294&amp;h=200&amp;crop=1\"alt = \"1f494 Pioneira da cena drag no Brasil, Miss Bi\u00e1 morre aos 81 anos de Covid-19\" class=\"lazyload media\" style=\"max-width:100%\"><span class=\"category hide-l\">Cultura &amp; Lazer<\/span><span class=\"title\"><strong>3<\/strong>Sucesso em Pesadelo na Cozinha, de Jacquin, P\u00e9 de Fava est\u00e1 \u00e0 venda<\/span><\/a><\/div>\n<div class=\"col-s-12 col-l-3\"><a href=\"https:\/\/vejasp.abril.com.br\/blog\/arte-ao-redor\/pedro-ivo-vercosa-brasilia\/\" class=\"card\"><span class=\"category hide-s\"><\/span><img title = \"[Tags]\"data-src=\"https:\/\/vejasp.abril.com.br\/wp-content\/uploads\/2020\/05\/327058_281869355186733_422371756_o.jpg?quality=70&amp;strip=info&amp;crop=74px%2C123px%2C524px%2C356px&amp;resize=294%2C200\"alt = \"1f494 Pioneira da cena drag no Brasil, Miss Bi\u00e1 morre aos 81 anos de Covid-19\" class=\"lazyload media\" style=\"max-width:100%\"><span class=\"category hide-l\"><\/span><span class=\"title\"><strong>4<\/strong>Morre o artista brasiliense Pedro Ivo Ver\u00e7osa, de 34 anos<\/span><\/a><\/div>\n<\/div>\n<\/div>\n<\/div>\n<p><script async defer src=\"http:\/\/platform.instagram.com\/en_US\/embeds.js\"><\/script><br \/>\n<br \/><br \/>\n<br \/><a href=\"https:\/\/vejasp.abril.com.br\/cidades\/pioneira-da-cena-drag-no-brasil-miss-bia-morre-aos-81-anos-de-covid-19\/\">Fonte do Artigo <\/a><br \/>\nTags:<br \/>\n#loterias #loteriascaixa #megasena #resultadoapostas#noticias #noticiario  #noticia #brasil #noticiascolombia #mundo #esporte #colombia #noticiadeld #ltimasnoticias  #noticiario #noticiasregionales #noticiasdepartamentales #noticiashoy #esportes #noticiaahora #elinformantenoticias #noticiasdeboyac  #esporteinterativo #esportivo #diariodosesportes  #noticiero  #jogodefutebol #jogos #loto #apostas<\/p>\n","protected":false},"excerpt":{"rendered":"<p>Morreu nesta quarta-feira (3) em S\u00e3o Paulo a pioneira drag queen Miss Bi\u00e1, persona do maquiador Eduardo Albarella. A tamb\u00e9m atriz, transformista e maquiadora tinha 81 anos e foi v\u00edtima da Covid-19. Uma das drag queens pioneiras do pa\u00eds, Miss Bi\u00e1 tinha 60 anos de carreira e fez in\u00fameras performances durante o per\u00edodo de ditadura [&hellip;]<\/p>\n","protected":false},"author":1,"featured_media":51770,"comment_status":"open","ping_status":"open","sticky":false,"template":"","format":"standard","meta":{"footnotes":""},"categories":[1],"tags":[],"class_list":["post-51769","post","type-post","status-publish","format-standard","has-post-thumbnail","hentry","category-curso-de-copy"],"_links":{"self":[{"href":"https:\/\/wiy.com.br\/noticias\/wp-json\/wp\/v2\/posts\/51769","targetHints":{"allow":["GET"]}}],"collection":[{"href":"https:\/\/wiy.com.br\/noticias\/wp-json\/wp\/v2\/posts"}],"about":[{"href":"https:\/\/wiy.com.br\/noticias\/wp-json\/wp\/v2\/types\/post"}],"author":[{"embeddable":true,"href":"https:\/\/wiy.com.br\/noticias\/wp-json\/wp\/v2\/users\/1"}],"replies":[{"embeddable":true,"href":"https:\/\/wiy.com.br\/noticias\/wp-json\/wp\/v2\/comments?post=51769"}],"version-history":[{"count":0,"href":"https:\/\/wiy.com.br\/noticias\/wp-json\/wp\/v2\/posts\/51769\/revisions"}],"wp:featuredmedia":[{"embeddable":true,"href":"https:\/\/wiy.com.br\/noticias\/wp-json\/wp\/v2\/media\/51770"}],"wp:attachment":[{"href":"https:\/\/wiy.com.br\/noticias\/wp-json\/wp\/v2\/media?parent=51769"}],"wp:term":[{"taxonomy":"category","embeddable":true,"href":"https:\/\/wiy.com.br\/noticias\/wp-json\/wp\/v2\/categories?post=51769"},{"taxonomy":"post_tag","embeddable":true,"href":"https:\/\/wiy.com.br\/noticias\/wp-json\/wp\/v2\/tags?post=51769"}],"curies":[{"name":"wp","href":"https:\/\/api.w.org\/{rel}","templated":true}]}}