{"id":51732,"date":"2023-02-26T15:01:30","date_gmt":"2023-02-26T18:01:30","guid":{"rendered":"https:\/\/wiy.com.br\/noticias\/moraes-autoriza-a-investigados-por-fake-news-acesso-total-a-inquerito\/"},"modified":"2020-06-03T11:41:07","modified_gmt":"2020-06-03T14:41:07","slug":"moraes-autoriza-a-investigados-por-fake-news-acesso-total-a-inquerito","status":"publish","type":"post","link":"https:\/\/wiy.com.br\/noticias\/moraes-autoriza-a-investigados-por-fake-news-acesso-total-a-inquerito\/","title":{"rendered":"Moraes autoriza a investigados por fake news acesso total a inqu\u00e9rito"},"content":{"rendered":"<p> <br \/>\n<\/p>\n<p>O ministro Alexandre de Moraes, relator do inqu\u00e9rito das fake news no Supremo Tribunal Federal (STF), assegurou o acesso de advogados de investigados aos autos das apura\u00e7\u00f5es sobre ofensas e amea\u00e7as a integrantes da Corte. Pelo fato do inqu\u00e9rito tramitar sob sigilo, os advogados ter\u00e3o de fazer agendamento junto ao gabinete de Moraes para ter acesso \u00e0 c\u00f3pia digitalizada dos autos.<\/p>\n<p>Em decis\u00f5es dadas na Sexta-feira passada, 29, e na segunda-feira dia 1\u00ba, o relator deferiu pedidos formulados pelo ministro da Educa\u00e7\u00e3o, Abraham Weintraub, e pela deputada federal Carla Zambelli (PSL-SP), al\u00e9m de solicita\u00e7\u00f5es de Reynaldo Bianchi J\u00fanior, Allan Lopes dos Santos, Bernardo Pires Kuster, Edgard Gomes Corona, Luciano Hang, Marcos Domingues Bellizia e Otavio Oscar Fakhoury &#8211; alvos da ofensiva da PF realizada na \u00faltima semana.<\/p>\n<p>A investiga\u00e7\u00e3o fechou o cerco contra o chamado &#8220;gabinete do \u00f3dio&#8221;, grupo de assessores do Pal\u00e1cio do Planalto comandado pelo vereador Carlos Bolsonaro (Republicanos-PR), filho do presidente Jair Bolsonaro. Em uma opera\u00e7\u00e3o determinada por Moraes, a Pol\u00edcia Federal apreendeu documentos, computadores e celulares em endere\u00e7os de 17 pessoas suspeitas de integrar uma rede de ataques a integrantes da Corte e convocou oito deputados bolsonaristas a depor.<\/p>\n<p>Ap\u00f3s habeas corpus impetrado pela OAB e reclama\u00e7\u00f5es das defesas, o ministro j\u00e1 havia divulgado uma nota na noite de segunda indicando que foi autorizado &#8220;efetivo e integral&#8221; conhecimento dos autos a todos os alvos das apura\u00e7\u00f5es sobre &#8220;ofensas e amea\u00e7as a integrantes do Supremo Tribunal Federal, ao Estado de Direito e a Democracia&#8221;, com a &#8220;obriga\u00e7\u00e3o da manuten\u00e7\u00e3o do sigilo&#8221;. Na noite desta ter\u00e7a-feira, 2, foram divulgados os despachos.<\/p>\n<p>Na pr\u00f3xima semana, o Supremo deve analisar dois processos relacionados ao inqu\u00e9rito das fake news. Consta na pauta da pr\u00f3xima quarta-feira, 10, do Plen\u00e1rio da Corte, a an\u00e1lise de pedido do Procurador-Geral da Rep\u00fablica, Augusto Aras, para suspens\u00e3o tempor\u00e1ria das investiga\u00e7\u00f5es, at\u00e9 que o Supremo estabele\u00e7a seus &#8220;contornos&#8221;.<\/p>\n<p>J\u00e1 na sexta-feira, dia 12, tem in\u00edcio sess\u00e3o virtual que inclui a aprecia\u00e7\u00e3o do habeas corpus impetrado pelo ministro da Justi\u00e7a Andr\u00e9 Mendon\u00e7a, em favor do ministro da Educa\u00e7\u00e3o, Abraham Weintraub, e de aliados do presidente que foram alvo da opera\u00e7\u00e3o da PF da \u00faltima semana.<\/p>\n<p><br \/>\n<br \/><a href=\"https:\/\/exame.com\/brasil\/moraes-autoriza-a-investigados-por-fake-news-acesso-total-a-inquerito\/\">Fonte do artigo <\/a><br \/>\nTags:<br \/>\n#politica #political #negocios #business #marketingdigital #empreendedorismo #marketing #emprendedores #empreender #sucesso #empresas #emprendimiento #emprendedor #empreendedor #emprender #dinheiro #dinero #empresario #vendas #liderazgo #motivacion #foco #motivacao #negocio #brasil<\/p>\n","protected":false},"excerpt":{"rendered":"<p>O ministro Alexandre de Moraes, relator do inqu\u00e9rito das fake news no Supremo Tribunal Federal (STF), assegurou o acesso de advogados de investigados aos autos das apura\u00e7\u00f5es sobre ofensas e amea\u00e7as a integrantes da Corte. Pelo fato do inqu\u00e9rito tramitar sob sigilo, os advogados ter\u00e3o de fazer agendamento junto ao gabinete de Moraes para ter [&hellip;]<\/p>\n","protected":false},"author":1,"featured_media":51148,"comment_status":"open","ping_status":"open","sticky":false,"template":"","format":"standard","meta":{"footnotes":""},"categories":[1],"tags":[],"class_list":["post-51732","post","type-post","status-publish","format-standard","has-post-thumbnail","hentry","category-curso-de-copy"],"_links":{"self":[{"href":"https:\/\/wiy.com.br\/noticias\/wp-json\/wp\/v2\/posts\/51732","targetHints":{"allow":["GET"]}}],"collection":[{"href":"https:\/\/wiy.com.br\/noticias\/wp-json\/wp\/v2\/posts"}],"about":[{"href":"https:\/\/wiy.com.br\/noticias\/wp-json\/wp\/v2\/types\/post"}],"author":[{"embeddable":true,"href":"https:\/\/wiy.com.br\/noticias\/wp-json\/wp\/v2\/users\/1"}],"replies":[{"embeddable":true,"href":"https:\/\/wiy.com.br\/noticias\/wp-json\/wp\/v2\/comments?post=51732"}],"version-history":[{"count":0,"href":"https:\/\/wiy.com.br\/noticias\/wp-json\/wp\/v2\/posts\/51732\/revisions"}],"wp:featuredmedia":[{"embeddable":true,"href":"https:\/\/wiy.com.br\/noticias\/wp-json\/wp\/v2\/media\/51148"}],"wp:attachment":[{"href":"https:\/\/wiy.com.br\/noticias\/wp-json\/wp\/v2\/media?parent=51732"}],"wp:term":[{"taxonomy":"category","embeddable":true,"href":"https:\/\/wiy.com.br\/noticias\/wp-json\/wp\/v2\/categories?post=51732"},{"taxonomy":"post_tag","embeddable":true,"href":"https:\/\/wiy.com.br\/noticias\/wp-json\/wp\/v2\/tags?post=51732"}],"curies":[{"name":"wp","href":"https:\/\/api.w.org\/{rel}","templated":true}]}}