{"id":51187,"date":"2023-02-26T15:06:08","date_gmt":"2023-02-26T18:06:08","guid":{"rendered":"https:\/\/wiy.com.br\/noticias\/doria-e-covas-arriscam-seus-governos-com-plano-de-reabertura\/"},"modified":"2020-05-27T18:39:50","modified_gmt":"2020-05-27T21:39:50","slug":"doria-e-covas-arriscam-seus-governos-com-plano-de-reabertura","status":"publish","type":"post","link":"https:\/\/wiy.com.br\/noticias\/doria-e-covas-arriscam-seus-governos-com-plano-de-reabertura\/","title":{"rendered":"Doria e Covas arriscam seus governos com plano de reabertura"},"content":{"rendered":"<p> <br \/>\n<\/p>\n<p>No in\u00edcio da tarde, em entrevista coletiva do governo estadual, o prefeito da capital, <strong><a href=\"https:\/\/exame.com\/noticias-sobre\/bruno-covas\">Bruno Covas<\/a><\/strong> (PSDB), afirmou que o \u00edndice de reprodu\u00e7\u00e3o do v\u00edrus (R) do munic\u00edpio de S\u00e3o Paulo \u00e9 1\u201d. Ou seja: cada pessoa infectada pelo coronavirus est\u00e1 passando a doen\u00e7a para apenas mais uma pessoa. Em linha com esse racioc\u00ednio, o governador <strong><a href=\"https:\/\/exame.com\/noticias-sobre\/joao-doria-junior\">Jo\u00e3o Doria<\/a><\/strong> (PSDB) e secret\u00e1rios estaduais \u2013 com destaque para Patr\u00edcia Ellen da Silva (Desenvolvimento Econ\u00f4mico) \u2013 anunciaram um plano de \u201cretomada consciente\u201d p\u00f3s-<strong><a href=\"https:\/\/exame.com\/noticias-sobre\/coronavirus\">covid<\/a><\/strong> para todo o estado.<\/p>\n<p>N\u00e3o \u00e9 surpresa, considerando a natureza de organiza\u00e7\u00f5es burocr\u00e1ticas, que o plano encontre oposi\u00e7\u00e3o dentro do pr\u00f3prio governo de S\u00e3o Paulo. Funcion\u00e1rios de diversas secretarias acordaram perplexos na segunda-feira, 25, com o an\u00fancio, na coluna de M\u00f4nica Bergamo, de que o \u00edndice de reprodu\u00e7\u00e3o do coronav\u00edrus (Rt) est\u00e1 em 1.1 na capital e 1.7 no estado. (A fonte era Edson Aparecido, secret\u00e1rio municipal de Sa\u00fade.)<\/p>\n<p>Os funcion\u00e1rios sabiam que a informa\u00e7\u00e3o prenunciava o que ocorreu hoje: o an\u00fancio de flexibiliza\u00e7\u00e3o do isolamento social a partir de 15 de junho. Dentro do governo, a decis\u00e3o de hoje \u00e9 vista como uma vit\u00f3ria de duas consultorias \u201ccontratadas\u201d, atrav\u00e9s da doa\u00e7\u00e3o de seus servi\u00e7os, para ajudar Doria no combate ao coronav\u00edrus. S\u00e3o o Boston Consulting Group (BCG) e Oliver Wyman, para o qual a economista Ana Carla Abr\u00e3o trabalha. O BCG tem forte contato com (e respaldo de) Patr\u00edcia Ellen. Tr\u00eas fontes consultadas, de secretarias distintas, a respeito dos trabalhos do BCG afirmam que a consultoria teve acesso a dados detalhad\u00edssimos sobre o estado de S\u00e3o Paulo \u2013 conhecidos como \u201cmicrodados\u201d, aos quais ningu\u00e9m fora do governo tem acesso.<\/p>\n<p>Embora um termo de sigilo tenha sido assinado, o valor da consultoria para seus clientes pode subir bastante considerando esse acesso privilegiado. O fato \u00e9 ainda pior considerando que a ONG Open Knowledge Brasil coloca o estado de S\u00e3o Paulo como o d\u00e9cimo mais transparente na estrat\u00e9gia de combate \u00e0 pandemia.<br \/>\nInspirado no Rio Grande do Sul, o plano, em si, n\u00e3o tem nada de errado. Exceto por um fato espec\u00edfico de S\u00e3o Paulo: indicadores de controle que dependem do conhecimento ou estimativa estat\u00edstica honesta do n\u00famero de casos confirmados e a falta de testagem em massa, sem a qual n\u00e3o h\u00e1 como saber o R de modo minimamente confi\u00e1vel.<\/p>\n<p>O governo riograndense j\u00e1 come\u00e7ou a implementar a testagem amostral. Segundo uma pessoa que acompanha o trabalho de Doria de perto, \u201cn\u00e3o temos um plano de testagem. Dimas Covas, que deveria liderar isso, j\u00e1 falou publicamente que testar policiais militares servir\u00e1 como \u2018amostra\u2019 da popula\u00e7\u00e3o como um todo. \u00c9 ingenuidade\u201d.<\/p>\n<p>Al\u00e9m disso, o funcion\u00e1rio aponta que poder\u00e1 haver uma \u201cexplos\u00e3o de casos\u201d na capital se as diferen\u00e7as socioecon\u00f4micas e entre bairros n\u00e3o forem consideradas \u2013 por isso a necessidade de testes amostrais. \u201cA reprodu\u00e7\u00e3o do v\u00edrus come\u00e7ou com a classe alta e est\u00e1 rapidamente se espalhando entre os mais pobres. Ao n\u00e3o se considerar a transmiss\u00e3o entre classes, usando um R geral para a cidade inteira, h\u00e1 o perigo de termos uma explos\u00e3o de casos\u201d.<\/p>\n<aside>\n<div class=\"widget-news widget-box no-margin no-border\"><span class=\"widget-news-title content-box-title\">Veja tamb\u00e9m<\/span><\/p>\n<ul class=\"widget-news-list\">\n<li class=\"widget-news-item without-thumb with-border\">\n<div class=\"widget-news-info\"><a href=\"http:\/\/exame.com\/brasil\">Brasil<\/a><span class=\"widget-news-item-title\"><a href=\"https:\/\/exame.com\/brasil\/doria-plano-quarentena-inteligente-sao-paulo\/\">Doria anuncia &#8220;retomada consciente&#8221; no estado a partir de 1\u00ba de junho<\/a><\/span><span class=\"widget-news-item-date\">27 May 2020 &#8211; 12h05<\/span><\/div>\n<\/li>\n<li class=\"widget-news-item without-thumb with-border\">\n<div class=\"widget-news-info\"><a href=\"http:\/\/exame.com\/economia\">Economia<\/a><span class=\"widget-news-item-title\"><a href=\"https:\/\/exame.com\/economia\/reabertura-deve-ser-lenta-e-nao-repentina-em-todo-pais-diz-oms\/\">Reabertura deve ser lenta e n\u00e3o repentina em todo pa\u00eds, diz OMS<\/a><\/span><span class=\"widget-news-item-date\">27 May 2020 &#8211; 13h05<\/span><\/div>\n<\/li>\n<li class=\"widget-news-item without-thumb with-border\">\n<div class=\"widget-news-info\"><a href=\"http:\/\/exame.com\/brasil\">Brasil<\/a><span class=\"widget-news-item-title\"><a href=\"https:\/\/exame.com\/brasil\/iniciar-flexibilizacao-em-sp-agora-pode-ser-prematuro-dizem-especialistas\/\">Iniciar flexibiliza\u00e7\u00e3o em SP agora pode ser prematuro, dizem especialistas<\/a><\/span><span class=\"widget-news-item-date\">27 May 2020 &#8211; 07h05<\/span><\/div>\n<\/li>\n<\/ul>\n<\/div>\n<\/aside>\n<p>Mostrei, para esse funcion\u00e1rio, um trecho da coletiva em que a secret\u00e1ria Patr\u00edcia Ellen disse o seguinte: \u201cAdicionamos quase 4 milh\u00f5es de testes. Com isso o estado de S\u00e3o Paulo passa a ter o n\u00famero de testes a cada 100 mil habitantes em linha com refer\u00eancia de pa\u00edses desenvolvidos que est\u00e3o fazendo o combate ao coronav\u00edrus\u201d. A resposta veio por figurinha de whatsapp: \u201cEnquanto vergonha for de gra\u00e7a, cenas como essa ser\u00e3o comuns&#8230;\u201d.<\/p>\n<p>A secret\u00e1ria foi modesta. Caso o estado tenha 4 milh\u00f5es de testes, ser\u00e1 um para cada 10 pessoas. <a href=\"https:\/\/www.statista.com\/statistics\/1104645\/covid19-testing-rate-select-countries-worldwide\">Ou seja, 100 mil para cada milh\u00e3o de pessoas.<\/a> Ganharemos, com folga, dos pa\u00edses recordistas at\u00e9 agora nesse quesito: Espanha com 76, Portugal e B\u00e9lgica com 67 mil testes para cada milh\u00e3o.<\/p>\n<p>Na coletiva de imprensa do governo paulista durante a coletiva, foram apresentadas cinco fases: fase 1 (alerta m\u00e1ximo, R acima de 2); fase 2 (controle, R entre 1 e 2); fase 3 (flexibiliza\u00e7\u00e3o, R entre 1 e 2) 4 (abertura parcial, R abaixo de 1) e fase 5 (normal controlado, R abaixo de 1).<\/p>\n<p>Sob anonimato, um m\u00e9dico observou que \u201cS\u00e3o Paulo \u00e9 o primeiro local, no mundo, a flexibilizar o isolamento enquanto a curva de transmiss\u00e3o do v\u00edrus ainda \u00e9 ascendente. \u201cSe tiv\u00e9ssemos testagem ampla e o R estivesse caindo abaixo de 1, seria um bom plano.\u201d Se a frase de Bruno Covas estiver correta, a situa\u00e7\u00e3o na capital est\u00e1 sob controle, usando o linguajar do governo estadual. Ontem foram 203 mortes no estado, totalizando mais de 6 mil desde o in\u00edcio da pandemia.<\/p>\n<p>Uma anedota para concluir. O vice-governador Rodrigo Garcia (DEM) reclamou, nos bastidores, do nome anterior: \u201cquarentena inteligente\u201d. Achou que jornalistas poderiam afirmar que a estrat\u00e9gia anterior era \u201cburra\u201d. Da\u00ed a mudan\u00e7a para \u201cretomada consciente\u201d.<\/p>\n<p>(Este artigo expressa a opini\u00e3o do autor, n\u00e3o representando necessariamente a opini\u00e3o institucional da FGV.)<\/p>\n<p><br \/>\n<br \/><a href=\"https:\/\/exame.com\/blog\/sergio-praca\/doria-e-covas-arriscam-seus-governos-com-plano-de-reabertura\/\">Fonte do artigo <\/a><br \/>\nTags:<br \/>\n#politica #political #negocios #business #marketingdigital #empreendedorismo #marketing #emprendedores #empreender #sucesso #empresas #emprendimiento #emprendedor #empreendedor #emprender #dinheiro #dinero #empresario #vendas #liderazgo #motivacion #foco #motivacao #negocio #brasil<\/p>\n","protected":false},"excerpt":{"rendered":"<p>No in\u00edcio da tarde, em entrevista coletiva do governo estadual, o prefeito da capital, Bruno Covas (PSDB), afirmou que o \u00edndice de reprodu\u00e7\u00e3o do v\u00edrus (R) do munic\u00edpio de S\u00e3o Paulo \u00e9 1\u201d. Ou seja: cada pessoa infectada pelo coronavirus est\u00e1 passando a doen\u00e7a para apenas mais uma pessoa. Em linha com esse racioc\u00ednio, o [&hellip;]<\/p>\n","protected":false},"author":1,"featured_media":51188,"comment_status":"open","ping_status":"open","sticky":false,"template":"","format":"standard","meta":{"footnotes":""},"categories":[1],"tags":[],"class_list":["post-51187","post","type-post","status-publish","format-standard","has-post-thumbnail","hentry","category-curso-de-copy"],"_links":{"self":[{"href":"https:\/\/wiy.com.br\/noticias\/wp-json\/wp\/v2\/posts\/51187","targetHints":{"allow":["GET"]}}],"collection":[{"href":"https:\/\/wiy.com.br\/noticias\/wp-json\/wp\/v2\/posts"}],"about":[{"href":"https:\/\/wiy.com.br\/noticias\/wp-json\/wp\/v2\/types\/post"}],"author":[{"embeddable":true,"href":"https:\/\/wiy.com.br\/noticias\/wp-json\/wp\/v2\/users\/1"}],"replies":[{"embeddable":true,"href":"https:\/\/wiy.com.br\/noticias\/wp-json\/wp\/v2\/comments?post=51187"}],"version-history":[{"count":0,"href":"https:\/\/wiy.com.br\/noticias\/wp-json\/wp\/v2\/posts\/51187\/revisions"}],"wp:featuredmedia":[{"embeddable":true,"href":"https:\/\/wiy.com.br\/noticias\/wp-json\/wp\/v2\/media\/51188"}],"wp:attachment":[{"href":"https:\/\/wiy.com.br\/noticias\/wp-json\/wp\/v2\/media?parent=51187"}],"wp:term":[{"taxonomy":"category","embeddable":true,"href":"https:\/\/wiy.com.br\/noticias\/wp-json\/wp\/v2\/categories?post=51187"},{"taxonomy":"post_tag","embeddable":true,"href":"https:\/\/wiy.com.br\/noticias\/wp-json\/wp\/v2\/tags?post=51187"}],"curies":[{"name":"wp","href":"https:\/\/api.w.org\/{rel}","templated":true}]}}