{"id":51007,"date":"2023-02-26T15:07:14","date_gmt":"2023-02-26T18:07:14","guid":{"rendered":"https:\/\/wiy.com.br\/noticias\/crivella-mantem-isolamento-mas-coloca-igrejas-como-servico-essencial\/"},"modified":"2020-05-25T16:46:18","modified_gmt":"2020-05-25T19:46:18","slug":"crivella-mantem-isolamento-mas-coloca-igrejas-como-servico-essencial","status":"publish","type":"post","link":"https:\/\/wiy.com.br\/noticias\/crivella-mantem-isolamento-mas-coloca-igrejas-como-servico-essencial\/","title":{"rendered":"Crivella mant\u00e9m isolamento, mas coloca igrejas como servi\u00e7o essencial"},"content":{"rendered":"<p> <br \/>\n<\/p>\n<p>O prefeito do Rio,<strong><a href=\"https:\/\/exame.com\/noticias-sobre\/marcelo-crivella\/\"> Marcelo Crivella<\/a><\/strong> (Republicanos), declarou nesta segunda-feira, 25, que as medidas atuais de isolamento v\u00e3o permanecer esta semana. Crivella, contudo, indicou que o Rio poder\u00e1 afroux\u00e1-las no in\u00edcio de junho. Bispo licenciado da Igreja Universal do Reino de Deus, o prefeito tamb\u00e9m decidiu incluir as igrejas na lista de servi\u00e7os essenciais.<\/p>\n<p>&#8220;N\u00e3o vamos relaxar as medidas de afastamento social. Devemos esperar mais um per\u00edodo para recome\u00e7ar o retorno \u00e0s atividades&#8221;, disse Crivella.<\/p>\n<p>Proje\u00e7\u00e3o do Painel Rio <strong><a href=\"https:\/\/exame.com\/noticias-sobre\/coronavirus\/\">Covid-19<\/a><\/strong> prev\u00ea que a capital fluminense chegue a 40 mil casos da doen\u00e7a na pr\u00f3xima semana.<\/p>\n<p>Ainda assim, as regras se tornaram mais brandas para as igrejas, que agora passaram a ser consideradas como servi\u00e7o essencial para a prefeitura.<\/p>\n<p>&#8220;As igrejas s\u00e3o atividades essenciais, e todas as atividades essenciais devem continuar funcionando. \u00c9 importante para a popula\u00e7\u00e3o&#8221;, disse Crivella.<\/p>\n<aside>\n<div class=\"widget-news widget-box no-margin no-border\"><span class=\"widget-news-title content-box-title\">Veja tamb\u00e9m<\/span><\/p>\n<ul class=\"widget-news-list\">\n<li class=\"widget-news-item without-thumb with-border\">\n<div class=\"widget-news-info\"><a href=\"http:\/\/exame.com\/brasil\">Brasil<\/a><span class=\"widget-news-item-title\"><a href=\"https:\/\/exame.com\/brasil\/taxa-de-ocupacao-chega-a-90-nas-utis-da-rede-publica-do-rio\/\">Taxa de ocupa\u00e7\u00e3o chega a 90% nas UTIs da rede p\u00fablica do Rio<\/a><\/span><span class=\"widget-news-item-date\">25 maio 2020 &#8211; 11h05<\/span><\/div>\n<\/li>\n<li class=\"widget-news-item without-thumb with-border\">\n<div class=\"widget-news-info\"><a href=\"http:\/\/exame.com\/brasil\">Brasil<\/a><span class=\"widget-news-item-title\"><a href=\"https:\/\/exame.com\/brasil\/prefeitura-do-rio-mantem-bloqueio-em-13-bairros-para-conter-coronavirus\/\">Prefeitura do Rio mant\u00e9m bloqueio em 13 bairros para conter coronav\u00edrus<\/a><\/span><span class=\"widget-news-item-date\">25 maio 2020 &#8211; 10h05<\/span><\/div>\n<\/li>\n<\/ul>\n<\/div>\n<\/aside>\n<p>Na pr\u00f3xima semana, existe a possibilidade de a prefeitura autorizar a abertura de lojas de m\u00f3veis e concession\u00e1rias de ve\u00edculos, &#8220;que n\u00e3o geram aglomera\u00e7\u00e3o&#8221;, segundo o prefeito.<\/p>\n<p>As academias de gin\u00e1stica possivelmente tamb\u00e9m ser\u00e3o liberadas, mas com restri\u00e7\u00f5es.<\/p>\n<p>Na mesma coletiva, Marcelo Crivella anunciou que todos os leitos previstos para serem colocados em opera\u00e7\u00e3o pela prefeitura para o combate \u00e0 covid-19 estar\u00e3o aptos esta semana.<\/p>\n<p><br \/>\n<br \/><a href=\"https:\/\/exame.com\/brasil\/crivella-mantem-isolamento-mas-coloca-igrejas-como-servico-essencial\/\">Fonte do artigo <\/a><br \/>\nTags:<br \/>\n#politica #political #negocios #business #marketingdigital #empreendedorismo #marketing #emprendedores #empreender #sucesso #empresas #emprendimiento #emprendedor #empreendedor #emprender #dinheiro #dinero #empresario #vendas #liderazgo #motivacion #foco #motivacao #negocio #brasil<\/p>\n","protected":false},"excerpt":{"rendered":"<p>O prefeito do Rio, Marcelo Crivella (Republicanos), declarou nesta segunda-feira, 25, que as medidas atuais de isolamento v\u00e3o permanecer esta semana. Crivella, contudo, indicou que o Rio poder\u00e1 afroux\u00e1-las no in\u00edcio de junho. Bispo licenciado da Igreja Universal do Reino de Deus, o prefeito tamb\u00e9m decidiu incluir as igrejas na lista de servi\u00e7os essenciais. &#8220;N\u00e3o [&hellip;]<\/p>\n","protected":false},"author":1,"featured_media":51008,"comment_status":"open","ping_status":"open","sticky":false,"template":"","format":"standard","meta":{"footnotes":""},"categories":[1],"tags":[],"class_list":["post-51007","post","type-post","status-publish","format-standard","has-post-thumbnail","hentry","category-curso-de-copy"],"_links":{"self":[{"href":"https:\/\/wiy.com.br\/noticias\/wp-json\/wp\/v2\/posts\/51007","targetHints":{"allow":["GET"]}}],"collection":[{"href":"https:\/\/wiy.com.br\/noticias\/wp-json\/wp\/v2\/posts"}],"about":[{"href":"https:\/\/wiy.com.br\/noticias\/wp-json\/wp\/v2\/types\/post"}],"author":[{"embeddable":true,"href":"https:\/\/wiy.com.br\/noticias\/wp-json\/wp\/v2\/users\/1"}],"replies":[{"embeddable":true,"href":"https:\/\/wiy.com.br\/noticias\/wp-json\/wp\/v2\/comments?post=51007"}],"version-history":[{"count":0,"href":"https:\/\/wiy.com.br\/noticias\/wp-json\/wp\/v2\/posts\/51007\/revisions"}],"wp:featuredmedia":[{"embeddable":true,"href":"https:\/\/wiy.com.br\/noticias\/wp-json\/wp\/v2\/media\/51008"}],"wp:attachment":[{"href":"https:\/\/wiy.com.br\/noticias\/wp-json\/wp\/v2\/media?parent=51007"}],"wp:term":[{"taxonomy":"category","embeddable":true,"href":"https:\/\/wiy.com.br\/noticias\/wp-json\/wp\/v2\/categories?post=51007"},{"taxonomy":"post_tag","embeddable":true,"href":"https:\/\/wiy.com.br\/noticias\/wp-json\/wp\/v2\/tags?post=51007"}],"curies":[{"name":"wp","href":"https:\/\/api.w.org\/{rel}","templated":true}]}}