{"id":50932,"date":"2023-02-26T15:25:46","date_gmt":"2023-02-26T18:25:46","guid":{"rendered":"https:\/\/wiy.com.br\/noticias\/programacao-passa-a-ser-diferencial-em-multiplas-areas-do-mercado-de-trabalho-2\/"},"modified":"2020-05-23T23:11:25","modified_gmt":"2020-05-24T02:11:25","slug":"programacao-passa-a-ser-diferencial-em-multiplas-areas-do-mercado-de-trabalho-2","status":"publish","type":"post","link":"https:\/\/wiy.com.br\/noticias\/programacao-passa-a-ser-diferencial-em-multiplas-areas-do-mercado-de-trabalho-2\/","title":{"rendered":"Programa\u00e7\u00e3o passa a ser diferencial em m\u00faltiplas \u00e1reas do mercado de trabalho"},"content":{"rendered":"<p> <br \/>\n<br \/><img title = \"[Tags]\"alt = \"20200330021459_860_645_-_programacao_hacker Programa\u00e7\u00e3o passa a ser diferencial em m\u00faltiplas \u00e1reas do mercado de trabalho\"decoding=\"async\" align=\"left\" hspace=\"8\" src=\"https:\/\/img.olhardigital.com.br\/uploads\/acervo_imagens\/2020\/03\/r4x3\/20200330021459_860_645_-_programacao_hacker.jpg\"><\/p>\n<p>A necessidade de um segundo idioma &eacute; praticamente indispens&aacute;vel para que o profissional se mantenha competitivo no atual mercado de trabalho. Seja qual for a &aacute;rea de atua&ccedil;&atilde;o. E isso n&atilde;o &eacute; de hoje. Se voc&ecirc; n&atilde;o fala ingl&ecirc;s ou espanhol, pode ter certeza: seu curr&iacute;culo vai ficar ali, separado em um segundo bloco. A novidade &eacute; que est&aacute; chegando a hora de se preparar para aprender mais uma linguagem: programa&ccedil;&atilde;o, &eacute; o idioma da inova&ccedil;&atilde;o. E promete se tornar habilidade b&aacute;sica do profissional do futuro. Ou at&eacute; j&aacute; do presente&hellip;<\/p>\n<p>Claro, isso n&atilde;o quer dizer que todos se tornar&atilde;o programadores no futuro. Nada disso. Mas com maior conhecimento em tecnologia e at&eacute; na habilidade em escrever c&oacute;digos, o profissional evolui e ganha credibilidade na hora de opinar ou at&eacute; tomar decis&otilde;es estrat&eacute;gicas. E j&aacute; tem muito pa&iacute;s ligado nessa tend&ecirc;ncia h&aacute; algum tempo. Em 2014, o Reino Unido alterou o curr&iacute;culo nacional. L&aacute;, aprender a programar &eacute; mat&eacute;ria obrigat&oacute;ria nas escolas estaduais. Os ingleses acreditam que sem habilidades b&aacute;sicas de codifica&ccedil;&atilde;o, a pr&oacute;xima gera&ccedil;&atilde;o vai enfrentar desafios enormes para se tornar l&iacute;deres de neg&oacute;cios no futuro.<\/p>\n<p>No Jap&atilde;o, a Rakuten, uma gigante do com&eacute;rcio eletr&ocirc;nico, decidiu recentemente que todos os novos funcion&aacute;rios da empresa, independente da &aacute;rea de atua&ccedil;&atilde;o, v&atilde;o ter que aprender a programar. E a pr&oacute;pria empresa vai ensinar&hellip;<\/p>\n<p>&#8220;O mundo est&aacute; mudando. e vai ser muito diferente daqui 5, 10 anos. Por isso, &eacute; importante que todos entendam sobre intelig&ecirc;ncia artificial, sobre dados&hellip;e tamb&eacute;m como utilizar tudo isso. a barreira entre neg&oacute;cios e tecnologia est&aacute; desaparecendo. queremos que nossos funcion&aacute;rios tenham fortes habilidades em ambos para que eles possam contribuir para o crescimento da empresa&#8221;, diz&nbsp;Melissa Kuwahara, gerente s&ecirc;nior de RH da Rakuten.<\/p>\n<p>&#8220;Se o profissional tem disponibilidade para aprender uma linguagem nova, esse &eacute; o profissional que vai continuar tendo sucesso&hellip;mais sucesso no futuro&#8221;, completa&nbsp;Ricardo Haag, diretor executivo da Pagegroup Brasil.<\/p>\n<p>&Eacute; uma quest&atilde;o competitiva. Ningu&eacute;m quer ficar para tr&aacute;s ou parar no tempo. Se no passado cada departamento ficava em uma ala diferente da empresa, hoje &eacute; preciso estar totalmente conectado e integrado. Entre si e tamb&eacute;m com a tecnologia. Mas n&atilde;o se preocupem as equipes de TI v&atilde;o continuar l&aacute;, sempre fortes para codificar e criar novas solu&ccedil;&otilde;es. Mas aprender nunca &eacute; demais, n&atilde;o &eacute; mesmo, e adquirir habilidades tecnol&oacute;gicas significa crescer profissionalmente. Vale pra todo mundo!<\/p>\n<p>&#8220;Se conhecer de tecnologia, da ferramenta, parte deste profissional uma sugest&atilde;o de mudan&ccedil;a de processo, de sistema, da pr&oacute;pria ferramenta. E vale para o pessoal do RH, de marketing ou de vendas. A tecnologia &eacute; a pauta de todas as empresas e eu n&atilde;o tenho d&uacute;vidas&#8221;, diz Haag.<\/p>\n<p>A tecnologia &eacute; parte da empresa. Est&aacute; tudo mundo junto, n&atilde;o mais separado. Uns vendem, outros operam, mas hoje todo mundo tem que entender de tudo, aponta&nbsp;Andr&eacute; Pontual, COO da NoBeta M&iacute;dia.<\/p>\n<p>A tecnologia est&aacute; no DNA desta empresa de m&iacute;dia digital localizada em S&atilde;o Paulo. E aqui j&aacute; &eacute; assim: todo mundo precisa entender um m&iacute;nimo de bits e bytes &#8211; do estagi&aacute;rio ao diretor.<\/p>\n<p>E quem &eacute; especialista na &aacute;rea defende, que, aprender a codificar tamb&eacute;m melhora a capacidade de trabalhar de forma colaborativa. Se hoje inovar &eacute; palavra de ordem para uma empresa se manter competitiva, ensinar os funcion&aacute;rios a codificar &eacute; mudar sua mentalidade e, assim, possibilitar uma nova cultura corporativa.<\/p>\n<p>Pode apostar. N&atilde;o importa se voc&ecirc; trabalha com vendas, finan&ccedil;as ou marketing, certamente, mais cedo ou mais tarde, voc&ecirc; vai precisar programar. Ent&atilde;o, bem vindo ao futuro!<\/p>\n<p><br \/>\n<br \/><a href=\"https:\/\/olhardigital.com.br\/video\/programacao-passa-a-ser-diferencial-em-multiplas-areas-do-mercado-de-trabalho\/101176\">Fonte do Artigo <\/a><br \/>\nTags:<\/p>\n<p><a href=\"https:\/\/wiy.com.br\/noticias\/categoria\/tecnologia\/\">#tecnologia<\/a> <a href=\"https:\/\/wiy.com.br\/noticias\/categoria\/tecnologia\/\">#tecnologias<\/a> <a href=\"https:\/\/wiy.com.br\/noticias\/categoria\/tecnologia\/\">#technology<\/a> <a href=\"https:\/\/wiy.com.br\/noticias\/categoria\/tecnologia\/\">#tecnolog<\/a> <a href=\"https:\/\/wiy.com.br\/noticias\/categoria\/tecnologia\/\">#iphone<\/a> <a href=\"https:\/\/wiy.com.br\/noticias\/categoria\/tecnologia\/\">#informatica<\/a> <a href=\"https:\/\/wiy.com.br\/noticias\/categoria\/tecnologia\/\">#tech<\/a> <a href=\"https:\/\/wiy.com.br\/noticias\/categoria\/tecnologia\/\">#design<\/a> <a href=\"https:\/\/wiy.com.br\/noticias\/categoria\/tecnologia\/\">#samsung<\/a> <a href=\"https:\/\/wiy.com.br\/noticias\/categoria\/tecnologia\/\">#internet<\/a> <a href=\"https:\/\/wiy.com.br\/noticias\/categoria\/tecnologia\/\">#apple<\/a> <a href=\"https:\/\/wiy.com.br\/noticias\/categoria\/tecnologia\/\">#smartphone<\/a> <a href=\"https:\/\/wiy.com.br\/noticias\/categoria\/tecnologia\/\">#seguranca<\/a> <a href=\"https:\/\/wiy.com.br\/noticias\/categoria\/tecnologia\/\">#venezuela<\/a> <a href=\"https:\/\/wiy.com.br\/noticias\/categoria\/tecnologia\/\">#celular<\/a> <a href=\"https:\/\/wiy.com.br\/noticias\/categoria\/tecnologia\/\">#celulares<\/a> <a href=\"https:\/\/wiy.com.br\/noticias\/categoria\/tecnologia\/\">#inovar<\/a> <a href=\"https:\/\/wiy.com.br\/noticias\/categoria\/tecnologia\/\">#qualidade<\/a> <a href=\"https:\/\/wiy.com.br\/noticias\/categoria\/tecnologia\/\">#software<\/a> <a href=\"https:\/\/wiy.com.br\/noticias\/categoria\/tecnologia\/\">#empresas<\/a> <a href=\"https:\/\/wiy.com.br\/noticias\/categoria\/tecnologia\/\">#cursos<\/a> <a href=\"https:\/\/wiy.com.br\/noticias\/categoria\/tecnologia\/\">#engenharia<\/a> <a href=\"https:\/\/wiy.com.br\/noticias\/categoria\/tecnologia\/\">#industria<\/a> <a href=\"https:\/\/wiy.com.br\/noticias\/categoria\/tecnologia\/\">#marketing<\/a> <a href=\"https:\/\/wiy.com.br\/noticias\/categoria\/tecnologia\/\">#ti<\/a> <a href=\"https:\/\/wiy.com.br\/noticias\/categoria\/tecnologia\/\">#tecnoblog<\/a> <a href=\"https:\/\/wiy.com.br\/noticias\/categoria\/tecnologia\/\">#veja<\/a> <a href=\"https:\/\/wiy.com.br\/noticias\/categoria\/tecnologia\/\">#olhardigital<\/a> <a href=\"https:\/\/wiy.com.br\/noticias\/categoria\/tecnologia\/\">#mundodigital<\/a> <a href=\"https:\/\/wiy.com.br\/noticias\/categoria\/tecnologia\/\">#inteligenciaartificial<\/a> <a href=\"https:\/\/wiy.com.br\/criacao-de-sites\/\">#criar site<\/a> <a href=\"https:\/\/wiy.com.br\/criacao-de-sites\/\">#criar site curitiba<\/a> <a href=\"https:\/\/wiy.com.br\/criacao-de-sites\/\">#wiysolutions<\/a><\/p>\n","protected":false},"excerpt":{"rendered":"<p>A necessidade de um segundo idioma &eacute; praticamente indispens&aacute;vel para que o profissional se mantenha competitivo no atual mercado de trabalho. Seja qual for a &aacute;rea de atua&ccedil;&atilde;o. E isso n&atilde;o &eacute; de hoje. Se voc&ecirc; n&atilde;o fala ingl&ecirc;s ou espanhol, pode ter certeza: seu curr&iacute;culo vai ficar ali, separado em um segundo bloco. A [&hellip;]<\/p>\n","protected":false},"author":1,"featured_media":47885,"comment_status":"open","ping_status":"open","sticky":false,"template":"","format":"standard","meta":{"footnotes":""},"categories":[5],"tags":[],"class_list":["post-50932","post","type-post","status-publish","format-standard","has-post-thumbnail","hentry","category-tecnologia"],"_links":{"self":[{"href":"https:\/\/wiy.com.br\/noticias\/wp-json\/wp\/v2\/posts\/50932","targetHints":{"allow":["GET"]}}],"collection":[{"href":"https:\/\/wiy.com.br\/noticias\/wp-json\/wp\/v2\/posts"}],"about":[{"href":"https:\/\/wiy.com.br\/noticias\/wp-json\/wp\/v2\/types\/post"}],"author":[{"embeddable":true,"href":"https:\/\/wiy.com.br\/noticias\/wp-json\/wp\/v2\/users\/1"}],"replies":[{"embeddable":true,"href":"https:\/\/wiy.com.br\/noticias\/wp-json\/wp\/v2\/comments?post=50932"}],"version-history":[{"count":0,"href":"https:\/\/wiy.com.br\/noticias\/wp-json\/wp\/v2\/posts\/50932\/revisions"}],"wp:featuredmedia":[{"embeddable":true,"href":"https:\/\/wiy.com.br\/noticias\/wp-json\/wp\/v2\/media\/47885"}],"wp:attachment":[{"href":"https:\/\/wiy.com.br\/noticias\/wp-json\/wp\/v2\/media?parent=50932"}],"wp:term":[{"taxonomy":"category","embeddable":true,"href":"https:\/\/wiy.com.br\/noticias\/wp-json\/wp\/v2\/categories?post=50932"},{"taxonomy":"post_tag","embeddable":true,"href":"https:\/\/wiy.com.br\/noticias\/wp-json\/wp\/v2\/tags?post=50932"}],"curies":[{"name":"wp","href":"https:\/\/api.w.org\/{rel}","templated":true}]}}