{"id":50823,"date":"2023-02-26T15:34:03","date_gmt":"2023-02-26T18:34:03","guid":{"rendered":"https:\/\/wiy.com.br\/noticias\/com-adiamento-enem-pode-ser-realizado-em-um-dia\/"},"modified":"2020-05-22T13:29:32","modified_gmt":"2020-05-22T16:29:32","slug":"com-adiamento-enem-pode-ser-realizado-em-um-dia","status":"publish","type":"post","link":"https:\/\/wiy.com.br\/noticias\/com-adiamento-enem-pode-ser-realizado-em-um-dia\/","title":{"rendered":"Com adiamento, Enem pode ser realizado em um dia"},"content":{"rendered":"<p> <br \/>\n<\/p>\n<p><span>T\u00e9cnicos do Instituto Nacional de Estudos e Pesquisas Educacionais (<strong>Inep<\/strong>) estudam reduzir o conte\u00fado do Exame Nacional do Ensino M\u00e9dio (<strong><a href=\"https:\/\/exame.com\/noticias-sobre\/enem\/\">Enem<\/a><\/strong>) este ano. Segundo apurou o jornal O Estado de S. Paulo, uma ideia seria fazer apenas um dia de prova em vez dos dois que acontecem normalmente. Dessa forma, o Enem teria menos quest\u00f5es. Hoje s\u00e3o 180 testes e uma reda\u00e7\u00e3o.<\/span><\/p>\n<p><span>O Inep anunciou anteontem o adiamento do exame, que \u00e9 o maior vestibular do Pa\u00eds, e estava marcado para 1.\u00ba e 8 de novembro.<\/span><\/p>\n<p><span>Mais de 4 milh\u00f5es de estudantes j\u00e1 se inscreveram &#8211; as inscri\u00e7\u00f5es terminam nesta sexta. O Inep, que faz parte do Minist\u00e9rio da Educa\u00e7\u00e3o (MEC), n\u00e3o definiu ainda uma nova data. Mesmo assim, a p\u00e1gina do Enem na internet ainda informava at\u00e9 a tarde desta quinta-feira que n\u00e3o haveria adiamento.<\/span><\/p>\n<p><span>De acordo com t\u00e9cnicos ouvidos pelo jornal O Estado de S. Paulo, os estudos est\u00e3o tentando calcular quantas perguntas podem ser retiradas para que fique s\u00f3 um dia de prova, mas n\u00e3o t\u00e3o longo. \u00c9 importante tamb\u00e9m manter a precis\u00e3o do modelo estat\u00edstico, a Teoria de Resposta ao Item (TRI). Por ela, as perguntas s\u00e3o calibradas, em testes anteriores, para se saber se s\u00e3o f\u00e1ceis, m\u00e9dias ou dif\u00edceis. A inten\u00e7\u00e3o \u00e9 manter o grau de dificuldade.<\/span><\/p>\n<p><span>Hoje, s\u00e3o 45 quest\u00f5es de cada \u00e1rea (Linguagens, Ci\u00eancias Humanas Ci\u00eancias da Natureza e Matem\u00e1tica). Uma possibilidade seria diminuir para 30 de cada, o que daria um total de 120 quest\u00f5es.<\/span><\/p>\n<p><span>Os t\u00e9cnicos buscam incluir perguntas com enunciados menores para que a prova possa ser feita mais rapidamente. Como o jornal O Estado de S. Paulo mostrou, um Enem &#8220;mais leve&#8221; \u00e9 um pedido de entidades de universidades privadas, que veem o adiamento da prova como um problema para o ano letivo de 2021.<\/span><\/p>\n<p><span>O diretor do Semesp, que representa as institui\u00e7\u00f5es particulares de S\u00e3o Paulo, Rodrigo Capelato, diz que um dia s\u00f3 de prova poderia tornar o processo mais r\u00e1pido. &#8220;Os alunos n\u00e3o fazem nada antes de sair a nota do Enem&#8221;, diz.<\/span><\/p>\n<p><span>Segundo ele, os estudantes s\u00f3 decidem por uma universidade particular depois de saberem que n\u00e3o conseguiram uma vaga nas p\u00fablicas, pelo Sisu, que usa a nota do Enem. Ele acredita que uma prova reduzida &#8211; inclusive sem a reda\u00e7\u00e3o &#8211; faria o Inep corrigir mais r\u00e1pido os milh\u00f5es de exames. O processo para libera\u00e7\u00e3o da nota costuma durar dois meses.<\/span><\/p>\n<p><span>O diretor do Col\u00e9gio Bandeirantes, Mauro Aguiar, sugere o mesmo. &#8220;Quem conhece avalia\u00e7\u00e3o acha desaconselh\u00e1vel reda\u00e7\u00e3o em exames envolvendo massa de candidatos. H\u00e1 dificuldades para minimizar o subjetivismo&#8221;, diz.<\/span><\/p>\n<p><span>Ele cita exames americanos de admiss\u00e3o em universidades, como o Teste de Aptid\u00e3o Escolar (SAT, na sigla em ingl\u00eas). T\u00e9cnicos do Inep, no entanto, n\u00e3o pensam em eliminar a reda\u00e7\u00e3o pelo significado dela na prova. &#8220;Seria uma sinaliza\u00e7\u00e3o ruim para o ensino m\u00e9dio, de que n\u00e3o h\u00e1 necessidade de escrever&#8221;, diz um funcion\u00e1rio que pediu para seu nome n\u00e3o ser divulgado. As informa\u00e7\u00f5es s\u00e3o do jornal O Estado de S. Paulo.<\/span><\/p>\n<p><br \/>\n<br \/><a href=\"https:\/\/exame.com\/brasil\/com-adiamento-enem-pode-ser-realizado-em-um-dia\/\">Fonte do artigo <\/a><br \/>\nTags:<br \/>\n#politica #political #negocios #business #marketingdigital #empreendedorismo #marketing #emprendedores #empreender #sucesso #empresas #emprendimiento #emprendedor #empreendedor #emprender #dinheiro #dinero #empresario #vendas #liderazgo #motivacion #foco #motivacao #negocio #brasil<\/p>\n","protected":false},"excerpt":{"rendered":"<p>T\u00e9cnicos do Instituto Nacional de Estudos e Pesquisas Educacionais (Inep) estudam reduzir o conte\u00fado do Exame Nacional do Ensino M\u00e9dio (Enem) este ano. Segundo apurou o jornal O Estado de S. Paulo, uma ideia seria fazer apenas um dia de prova em vez dos dois que acontecem normalmente. Dessa forma, o Enem teria menos quest\u00f5es. [&hellip;]<\/p>\n","protected":false},"author":1,"featured_media":50588,"comment_status":"open","ping_status":"open","sticky":false,"template":"","format":"standard","meta":{"footnotes":""},"categories":[1],"tags":[],"class_list":["post-50823","post","type-post","status-publish","format-standard","has-post-thumbnail","hentry","category-curso-de-copy"],"_links":{"self":[{"href":"https:\/\/wiy.com.br\/noticias\/wp-json\/wp\/v2\/posts\/50823","targetHints":{"allow":["GET"]}}],"collection":[{"href":"https:\/\/wiy.com.br\/noticias\/wp-json\/wp\/v2\/posts"}],"about":[{"href":"https:\/\/wiy.com.br\/noticias\/wp-json\/wp\/v2\/types\/post"}],"author":[{"embeddable":true,"href":"https:\/\/wiy.com.br\/noticias\/wp-json\/wp\/v2\/users\/1"}],"replies":[{"embeddable":true,"href":"https:\/\/wiy.com.br\/noticias\/wp-json\/wp\/v2\/comments?post=50823"}],"version-history":[{"count":0,"href":"https:\/\/wiy.com.br\/noticias\/wp-json\/wp\/v2\/posts\/50823\/revisions"}],"wp:featuredmedia":[{"embeddable":true,"href":"https:\/\/wiy.com.br\/noticias\/wp-json\/wp\/v2\/media\/50588"}],"wp:attachment":[{"href":"https:\/\/wiy.com.br\/noticias\/wp-json\/wp\/v2\/media?parent=50823"}],"wp:term":[{"taxonomy":"category","embeddable":true,"href":"https:\/\/wiy.com.br\/noticias\/wp-json\/wp\/v2\/categories?post=50823"},{"taxonomy":"post_tag","embeddable":true,"href":"https:\/\/wiy.com.br\/noticias\/wp-json\/wp\/v2\/tags?post=50823"}],"curies":[{"name":"wp","href":"https:\/\/api.w.org\/{rel}","templated":true}]}}