{"id":50747,"date":"2023-02-26T15:26:35","date_gmt":"2023-02-26T18:26:35","guid":{"rendered":"https:\/\/wiy.com.br\/noticias\/maia-elogia-tom-amistoso-entre-bolsonaro-e-doria-em-reuniao\/"},"modified":"2020-05-21T16:08:11","modified_gmt":"2020-05-21T19:08:11","slug":"maia-elogia-tom-amistoso-entre-bolsonaro-e-doria-em-reuniao","status":"publish","type":"post","link":"https:\/\/wiy.com.br\/noticias\/maia-elogia-tom-amistoso-entre-bolsonaro-e-doria-em-reuniao\/","title":{"rendered":"Maia elogia tom amistoso entre Bolsonaro e Doria em reuni\u00e3o"},"content":{"rendered":"<p> <br \/>\n<\/p>\n<p>O presidente da C\u00e2mara dos Deputados, <a href=\"https:\/\/exame.abril.com.br\/noticias-sobre\/rodrigo-maia\/\"><strong>Rodrigo Maia<\/strong><\/a> (DEM-RJ), elogiou a postura respeitosa e o tom amistoso entre o presidente Jair Bolsonaro e o governador de S\u00e3o Paulo, Jo\u00e3o Doria (PSDB), em <a href=\"https:\/\/exame.com\/economia\/bolsonaro-aprova-auxilio-de-r-60-bilhoes-a-estados-e-municipios\/\">videoconfer\u00eancia com governadores sobre projeto de aux\u00edlio a Estados e munic\u00edpios nesta quinta-feira.<\/a><\/p>\n<p>Bolsonaro e Doria vinham protagonizando trocas \u00e1speras de declara\u00e7\u00f5es, principalmente ap\u00f3s tensa reuni\u00e3o no fim de mar\u00e7o do presidente com governadores do Sudeste.<\/p>\n<p>&#8220;O conflito gerava uma inseguran\u00e7a na sociedade. O gesto dos dois hoje foi um gesto importante&#8221;, argumentou Maia nesta quinta, ap\u00f3s a videoconfer\u00eancia da qual tamb\u00e9m participou o presidente do Senado, Davi Alcolumbre (DEM-AP).<\/p>\n<p>&#8220;Acho que tanto o presidente e principalmente o governador Doria fizeram um gesto que acho que a sociedade vai aplaudir e vai tranquilizar nesse momento t\u00e3o dif\u00edcil&#8221;, avaliou o presidente da C\u00e2mara em entrevista \u00e0 r\u00e1dio Bandeirantes.<\/p>\n<p>Maia voltou a defender que haja coordena\u00e7\u00e3o e articula\u00e7\u00e3o das a\u00e7\u00f5es, indicando que esse papel precisa ser cumprido pelo governo federal e pelo presidente da Rep\u00fablica.<\/p>\n<p>&#8220;Tem que ter certamente uma coordena\u00e7\u00e3o, o presidente da Rep\u00fablica cumpre esse papel, deve cumprir esse papel, e a partir de hoje, acho que \u00e9 um bom momento&#8221;, disse Maia.<\/p>\n<p>&#8220;Acho que \u00e9 um bom momento para que a gente possa melhorar a articula\u00e7\u00e3o, o di\u00e1logo, e a partir da\u00ed, que todos possam falar a mesma l\u00edngua.&#8221;<\/p>\n<p>Bolsonaro vem discordando de governadores principalmente sobre as medidas de isolamento social para frear a dissemina\u00e7\u00e3o do coronav\u00edrus. Mesmo o aux\u00edlio aos entes da federa\u00e7\u00e3o &#8211;o projeto prev\u00ea, entre outras medidas, o repasse de 60 bilh\u00f5es de reais em 4 parcelas a Estados e munic\u00edpios&#8211; provocou rusgas.<\/p>\n<aside>\n<div class=\"widget-news widget-box no-margin no-border\"><span class=\"widget-news-title content-box-title\">Veja tamb\u00e9m<\/span><\/p>\n<ul class=\"widget-news-list\">\n<li class=\"widget-news-item without-thumb with-border\">\n<div class=\"widget-news-info\"><a href=\"\/\"><\/a><span class=\"widget-news-item-title\"><a href=\"https:\/\/exame.com\/marketing\/millennials-sao-os-que-mais-respeitam-isolamento-diz-pesquisa\/\">Millennials s\u00e3o os que mais respeitam isolamento, diz pesquisa<\/a><\/span><span class=\"widget-news-item-date\">21 maio 2020 &#8211; 12h05<\/span><\/div>\n<\/li>\n<\/ul>\n<\/div>\n<\/aside>\n<p>Bolsonaro manifestou posi\u00e7\u00e3o contr\u00e1ria ao isolamento em diversas ocasi\u00f5es, assim como alguns governadores o adotam como alvo frequente.<\/p>\n<p>Nesta quinta, durante a reuni\u00e3o, o presidente da Rep\u00fablica anunciou sua inten\u00e7\u00e3o de sancionar o projeto de ajuda a Estados e munic\u00edpios &#8220;o mais breve poss\u00edvel&#8221;, a depender de ajustes t\u00e9cnicos.<\/p>\n<p>As medidas de isolamento social para conter a propaga\u00e7\u00e3o do coronav\u00edrus adotadas por gestores locais, criticadas por Bolsonaro e motivo de atrito frequente entre ele e os governadores, n\u00e3o foram discutidas na reuni\u00e3o desta quinta.<\/p>\n<p>Doria foi tamb\u00e9m contido nos coment\u00e1rios. Ressaltou a necessidade do veto aos reajustes de servidores p\u00fablicos e afirmou que &#8220;a exist\u00eancia de uma guerra coloca todos em derrota&#8221;.<\/p>\n<p>Apesar do tom ameno, pouco antes de chegar para a reuni\u00e3o, Bolsonaro havia criticado novamente os governadores. Em conversa com apoiadores, na sa\u00edda do Pal\u00e1cio da Alvorada pela manh\u00e3, afirmou que era preciso olhar para onde o pa\u00eds estava indo &#8220;com essas pessoas&#8221;, e completou:<\/p>\n<p>&#8220;Imaginem uma pessoa do n\u00edvel dessas autoridades estaduais na Presid\u00eancia da Rep\u00fablica, o que teria acontecido com o Brasil j\u00e1.&#8221;<\/p>\n<p><br \/>\n<br \/><a href=\"https:\/\/exame.com\/brasil\/maia-elogia-tom-amistoso-entre-bolsonaro-e-doria-em-reuniao\/\">Fonte do artigo <\/a><br \/>\nTags:<br \/>\n#politica #political #negocios #business #marketingdigital #empreendedorismo #marketing #emprendedores #empreender #sucesso #empresas #emprendimiento #emprendedor #empreendedor #emprender #dinheiro #dinero #empresario #vendas #liderazgo #motivacion #foco #motivacao #negocio #brasil<\/p>\n","protected":false},"excerpt":{"rendered":"<p>O presidente da C\u00e2mara dos Deputados, Rodrigo Maia (DEM-RJ), elogiou a postura respeitosa e o tom amistoso entre o presidente Jair Bolsonaro e o governador de S\u00e3o Paulo, Jo\u00e3o Doria (PSDB), em videoconfer\u00eancia com governadores sobre projeto de aux\u00edlio a Estados e munic\u00edpios nesta quinta-feira. Bolsonaro e Doria vinham protagonizando trocas \u00e1speras de declara\u00e7\u00f5es, principalmente [&hellip;]<\/p>\n","protected":false},"author":1,"featured_media":50748,"comment_status":"open","ping_status":"open","sticky":false,"template":"","format":"standard","meta":{"footnotes":""},"categories":[1],"tags":[],"class_list":["post-50747","post","type-post","status-publish","format-standard","has-post-thumbnail","hentry","category-curso-de-copy"],"_links":{"self":[{"href":"https:\/\/wiy.com.br\/noticias\/wp-json\/wp\/v2\/posts\/50747","targetHints":{"allow":["GET"]}}],"collection":[{"href":"https:\/\/wiy.com.br\/noticias\/wp-json\/wp\/v2\/posts"}],"about":[{"href":"https:\/\/wiy.com.br\/noticias\/wp-json\/wp\/v2\/types\/post"}],"author":[{"embeddable":true,"href":"https:\/\/wiy.com.br\/noticias\/wp-json\/wp\/v2\/users\/1"}],"replies":[{"embeddable":true,"href":"https:\/\/wiy.com.br\/noticias\/wp-json\/wp\/v2\/comments?post=50747"}],"version-history":[{"count":0,"href":"https:\/\/wiy.com.br\/noticias\/wp-json\/wp\/v2\/posts\/50747\/revisions"}],"wp:featuredmedia":[{"embeddable":true,"href":"https:\/\/wiy.com.br\/noticias\/wp-json\/wp\/v2\/media\/50748"}],"wp:attachment":[{"href":"https:\/\/wiy.com.br\/noticias\/wp-json\/wp\/v2\/media?parent=50747"}],"wp:term":[{"taxonomy":"category","embeddable":true,"href":"https:\/\/wiy.com.br\/noticias\/wp-json\/wp\/v2\/categories?post=50747"},{"taxonomy":"post_tag","embeddable":true,"href":"https:\/\/wiy.com.br\/noticias\/wp-json\/wp\/v2\/tags?post=50747"}],"curies":[{"name":"wp","href":"https:\/\/api.w.org\/{rel}","templated":true}]}}