{"id":50651,"date":"2023-02-26T15:14:47","date_gmt":"2023-02-26T18:14:47","guid":{"rendered":"https:\/\/wiy.com.br\/noticias\/paulistanos-sao-proibidos-de-alugar-imoveis-em-florianopolis-durante-feriado\/"},"modified":"2020-05-20T15:46:43","modified_gmt":"2020-05-20T18:46:43","slug":"paulistanos-sao-proibidos-de-alugar-imoveis-em-florianopolis-durante-feriado","status":"publish","type":"post","link":"https:\/\/wiy.com.br\/noticias\/paulistanos-sao-proibidos-de-alugar-imoveis-em-florianopolis-durante-feriado\/","title":{"rendered":"Paulistanos s\u00e3o proibidos de alugar im\u00f3veis em Florian\u00f3polis durante feriado"},"content":{"rendered":"<p> <br \/>\n<\/p>\n<p>A cidade de <strong>Florian\u00f3polis<\/strong> publicou nesta quarta-feira (20) um <strong>decreto<\/strong> que visa <strong>restringir<\/strong> a <strong>entrada<\/strong> de <strong>paulistanos<\/strong> na capital de Santa Catarina. Uma das determina\u00e7\u00f5es da prefeitura \u00e9 que cidad\u00e3os da cidade de S\u00e3o Paulo est\u00e3o proibidos de alugarem im\u00f3veis residenciais por aplicativos ou plataformas de busca e reservas no per\u00edodo de 20 a 25 de maio.<\/p>\n<p>Entre os motivos da decis\u00e3o, a gest\u00e3o cita o n\u00famero de casos e \u00f3bitos da <strong>Covid<\/strong>&#8211;<strong>19<\/strong> registrados em S\u00e3o Paulo, a antecipa\u00e7\u00e3o dos feriados de Corpus Christi e da Consci\u00eancia Negra. &#8220;O munic\u00edpio de Florian\u00f3polis \u00e9 um dos destinos tur\u00edsticos de escolha dos paulistanos e h\u00e1 uma previs\u00e3o de que haja um deslocamento dessas pessoas&#8221; para a capital catarinense, diz o texto.<\/p>\n<p>Al\u00e9m da determina\u00e7\u00e3o voltada para aplicativos como o AirBnb, o texto pede ainda que hot\u00e9is e pousadas devem refor\u00e7as medidas de seguran\u00e7a sanit\u00e1ria e verificarem a temperatura de &#8220;todos os h\u00f3spedes residentes na cidade de S\u00e3o Paulo&#8221;.<\/p>\n<p>A Vigil\u00e2ncia Sanit\u00e1ria local deve implementar barreiras sanit\u00e1rias no aeroporto da cidade &#8220;a fim de identificar poss\u00edvel pessoas sintom\u00e1ticas de Covid-19, testando passageiros com origem&#8221; paulistana. A Secretaria de Seguran\u00e7a P\u00fablica catarinense ir\u00e1 averiguar ve\u00edculos por meio de blitz, &#8220;especialmente aquele com placas de S\u00e3o Paulo&#8221;, diz o decreto.<\/p>\n<div class=\"block related-posts\">\n<ul class=\"block-menu\">\n<li data-tab=\"tab-1\" class=\"active\">Relacionadas<\/li>\n<li data-tab=\"tab-2\">Mais Lidas<\/li>\n<\/ul>\n<div id=\"tab-1\" class=\"block-content active\">\n<div class=\"row\">\n<li class=\"widget-news-item without-thumb with-border\">\n<div class=\"widget-news-info\"><a href=\"http:\/\/vejasp.abril.com.br\/saude\">Sa\u00fade<\/a><span class=\"widget-news-item-title\"><a href=\"https:\/\/vejasp.abril.com.br\/saude\/se-indices-crescerem-seremos-obrigados-a-adotar-lockdown-diz-doria\/\">&#8220;Se \u00edndices crescerem, seremos obrigados a adotar lockdown&#8221;, diz Doria<\/a><\/span><span class=\"widget-news-item-date\">20 May 2020 &#8211; 14h05<\/span><\/div>\n<\/li>\n<li class=\"widget-news-item without-thumb with-border\">\n<div class=\"widget-news-info\"><a href=\"http:\/\/vejasp.abril.com.br\/cidades\">Cidades<\/a><span class=\"widget-news-item-title\"><a href=\"https:\/\/vejasp.abril.com.br\/cidades\/cidades-do-litoral-tentam-evitar-aglomeracao-de-turistas-em-feriadao\/\">Cidades do litoral tentam evitar aglomera\u00e7\u00e3o de turistas em &#8220;feriad\u00e3o&#8221;<\/a><\/span><span class=\"widget-news-item-date\">20 May 2020 &#8211; 10h05<\/span><\/div>\n<\/li>\n<li class=\"widget-news-item without-thumb with-border\">\n<div class=\"widget-news-info\"><a href=\"http:\/\/vejasp.abril.com.br\/cidades\">Cidades<\/a><span class=\"widget-news-item-title\"><a href=\"https:\/\/vejasp.abril.com.br\/cidades\/prefeitura-sao-paulo-concessao-zona-azul\/\">Prefeitura assina contrato para concess\u00e3o da Zona Azul<\/a><\/span><span class=\"widget-news-item-date\">19 May 2020 &#8211; 20h05<\/span><\/div>\n<\/li>\n<li class=\"widget-news-item without-thumb with-border\">\n<div class=\"widget-news-info\"><a href=\"http:\/\/vejasp.abril.com.br\/cidades\">Cidades<\/a><span class=\"widget-news-item-title\"><a href=\"https:\/\/vejasp.abril.com.br\/cidades\/repensando-o-ape-as-novas-tendencias-na-configuracao-dos-apartamentos\/\">Repensando o ap\u00ea: o que j\u00e1 \u00e9 tend\u00eancia na casa &#8216;quarentener&#8217;<\/a><\/span><span class=\"widget-news-item-date\">15 May 2020 &#8211; 06h05<\/span><\/div>\n<\/li>\n<\/div>\n<\/div>\n<div id=\"tab-2\" class=\"block-content\">\n<div class=\"row\">\n<div class=\"col-s-12 col-l-3\"><a href=\"https:\/\/vejasp.abril.com.br\/cidades\/sao-paulo-pode-ter-feriadao-de-6-dias-a-partir-de-quarta-feira-20\/\" class=\"card\"><span class=\"category hide-s\">Cidades<\/span><img title = \"[Tags]\"data-src=\"https:\/\/vejasp.abril.com.br\/wp-content\/uploads\/2020\/05\/coletiva-imprensa-joao-doria-01.jpg?quality=70&amp;strip=info&amp;w=294&amp;h=200&amp;crop=1\"alt = \"coletiva-imprensa-joao-doria-01 Paulistanos s\u00e3o proibidos de alugar im\u00f3veis em Florian\u00f3polis durante feriado\" class=\"lazyload media\" style=\"max-width:100%\"><span class=\"category hide-l\">Cidades<\/span><span class=\"title\"><strong>1<\/strong>S\u00e3o Paulo pode ter feriad\u00e3o de 6 dias a partir de quarta-feira (20)<\/span><\/a><\/div>\n<div class=\"col-s-12 col-l-3\"><a href=\"https:\/\/vejasp.abril.com.br\/cidades\/bruno-covas-anuncia-retomada-do-rodizio-tradicional-em-sao-paulo\/\" class=\"card\"><span class=\"category hide-s\">Cidades<\/span><img title = \"[Tags]\"data-src=\"https:\/\/vejasp.abril.com.br\/wp-content\/uploads\/2020\/05\/bruno-covas-rodizio-sao-paulo-covid-01.jpg?quality=70&amp;strip=info&amp;w=294&amp;h=200&amp;crop=1\"alt = \"coletiva-imprensa-joao-doria-01 Paulistanos s\u00e3o proibidos de alugar im\u00f3veis em Florian\u00f3polis durante feriado\" class=\"lazyload media\" style=\"max-width:100%\"><span class=\"category hide-l\">Cidades<\/span><span class=\"title\"><strong>2<\/strong>Bruno Covas anuncia retomada do rod\u00edzio tradicional em S\u00e3o Paulo<\/span><\/a><\/div>\n<div class=\"col-s-12 col-l-3\"><a href=\"https:\/\/vejasp.abril.com.br\/saude\/quarentena-em-sp-sera-prorrogada-com-restricoes-mais-rigidas\/\" class=\"card\"><span class=\"category hide-s\">Sa\u00fade<\/span><img title = \"[Tags]\"data-src=\"https:\/\/vejasp.abril.com.br\/wp-content\/uploads\/2020\/04\/hyyh.jpg?quality=70&amp;strip=info&amp;w=294&amp;h=200&amp;crop=1\"alt = \"coletiva-imprensa-joao-doria-01 Paulistanos s\u00e3o proibidos de alugar im\u00f3veis em Florian\u00f3polis durante feriado\" class=\"lazyload media\" style=\"max-width:100%\"><span class=\"category hide-l\">Sa\u00fade<\/span><span class=\"title\"><strong>3<\/strong>Quarentena em SP ser\u00e1 prorrogada com restri\u00e7\u00f5es mais r\u00edgidas<\/span><\/a><\/div>\n<div class=\"col-s-12 col-l-3\"><a href=\"https:\/\/vejasp.abril.com.br\/blog\/arte-ao-redor\/pedro-ivo-vercosa-brasilia\/\" class=\"card\"><span class=\"category hide-s\"><\/span><img title = \"[Tags]\"data-src=\"https:\/\/vejasp.abril.com.br\/wp-content\/uploads\/2020\/05\/327058_281869355186733_422371756_o.jpg?quality=70&amp;strip=info&amp;crop=74px%2C123px%2C524px%2C356px&amp;resize=294%2C200\"alt = \"coletiva-imprensa-joao-doria-01 Paulistanos s\u00e3o proibidos de alugar im\u00f3veis em Florian\u00f3polis durante feriado\" class=\"lazyload media\" style=\"max-width:100%\"><span class=\"category hide-l\"><\/span><span class=\"title\"><strong>4<\/strong>Morre o artista brasiliense Pedro Ivo Ver\u00e7osa, de 34 anos<\/span><\/a><\/div>\n<\/div>\n<\/div>\n<\/div>\n<p><br \/>\n<br \/><a href=\"https:\/\/vejasp.abril.com.br\/cidades\/florianopolis-proibe-aluguel-imoveis-feriadao\/\">Fonte do Artigo <\/a><br \/>\nTags:<br \/>\n#loterias #loteriascaixa #megasena #resultadoapostas#noticias #noticiario  #noticia #brasil #noticiascolombia #mundo #esporte #colombia #noticiadeld #ltimasnoticias  #noticiario #noticiasregionales #noticiasdepartamentales #noticiashoy #esportes #noticiaahora #elinformantenoticias #noticiasdeboyac  #esporteinterativo #esportivo #diariodosesportes  #noticiero  #jogodefutebol #jogos #loto #apostas<\/p>\n","protected":false},"excerpt":{"rendered":"<p>A cidade de Florian\u00f3polis publicou nesta quarta-feira (20) um decreto que visa restringir a entrada de paulistanos na capital de Santa Catarina. Uma das determina\u00e7\u00f5es da prefeitura \u00e9 que cidad\u00e3os da cidade de S\u00e3o Paulo est\u00e3o proibidos de alugarem im\u00f3veis residenciais por aplicativos ou plataformas de busca e reservas no per\u00edodo de 20 a 25 [&hellip;]<\/p>\n","protected":false},"author":1,"featured_media":50652,"comment_status":"open","ping_status":"open","sticky":false,"template":"","format":"standard","meta":{"footnotes":""},"categories":[1],"tags":[],"class_list":["post-50651","post","type-post","status-publish","format-standard","has-post-thumbnail","hentry","category-curso-de-copy"],"_links":{"self":[{"href":"https:\/\/wiy.com.br\/noticias\/wp-json\/wp\/v2\/posts\/50651","targetHints":{"allow":["GET"]}}],"collection":[{"href":"https:\/\/wiy.com.br\/noticias\/wp-json\/wp\/v2\/posts"}],"about":[{"href":"https:\/\/wiy.com.br\/noticias\/wp-json\/wp\/v2\/types\/post"}],"author":[{"embeddable":true,"href":"https:\/\/wiy.com.br\/noticias\/wp-json\/wp\/v2\/users\/1"}],"replies":[{"embeddable":true,"href":"https:\/\/wiy.com.br\/noticias\/wp-json\/wp\/v2\/comments?post=50651"}],"version-history":[{"count":0,"href":"https:\/\/wiy.com.br\/noticias\/wp-json\/wp\/v2\/posts\/50651\/revisions"}],"wp:featuredmedia":[{"embeddable":true,"href":"https:\/\/wiy.com.br\/noticias\/wp-json\/wp\/v2\/media\/50652"}],"wp:attachment":[{"href":"https:\/\/wiy.com.br\/noticias\/wp-json\/wp\/v2\/media?parent=50651"}],"wp:term":[{"taxonomy":"category","embeddable":true,"href":"https:\/\/wiy.com.br\/noticias\/wp-json\/wp\/v2\/categories?post=50651"},{"taxonomy":"post_tag","embeddable":true,"href":"https:\/\/wiy.com.br\/noticias\/wp-json\/wp\/v2\/tags?post=50651"}],"curies":[{"name":"wp","href":"https:\/\/api.w.org\/{rel}","templated":true}]}}