{"id":50650,"date":"2023-02-26T15:29:50","date_gmt":"2023-02-26T18:29:50","guid":{"rendered":"https:\/\/wiy.com.br\/noticias\/ministerio-da-educacao-adia-o-enem-2020\/"},"modified":"2020-05-20T15:38:21","modified_gmt":"2020-05-20T18:38:21","slug":"ministerio-da-educacao-adia-o-enem-2020","status":"publish","type":"post","link":"https:\/\/wiy.com.br\/noticias\/ministerio-da-educacao-adia-o-enem-2020\/","title":{"rendered":"Minist\u00e9rio da Educa\u00e7\u00e3o adia o Enem 2020"},"content":{"rendered":"<p> <br \/>\n<\/p>\n<p>O Minist\u00e9rio da Educa\u00e7\u00e3o (MEC) anunciou em comunicado oficial nesta quarta-feira, 20, que vai adiar o Exame Nacional do Ensino M\u00e9dio, o <strong>Enem 2020<\/strong>, por conta da pandemia do novo <strong><a href=\"https:\/\/exame.com\/noticias-sobre\/coronavirus\/\">coronav\u00edrus<\/a><\/strong>.<\/p>\n<p>Segundo nota publicada pelo Inep, \u00f3rg\u00e3o que aplica as provas, a aplica\u00e7\u00e3o do exame ser\u00e1 adiado de 30 a 60 dias, mas ainda n\u00e3o confirmou uma nova data. As inscri\u00e7\u00f5es n\u00e3o foram prorrogadas e se encerram nesta sexta-feira, 22.<\/p>\n<p>&#8220;Atento \u00e0s demandas da sociedade e \u00e0s manifesta\u00e7\u00f5es do Poder Legislativo em fun\u00e7\u00e3o do impacto da pandemia do coronav\u00edrus no Exame Nacional do Ensino M\u00e9dio (Enem) 2020, o Instituto Nacional de Estudos e Pesquisas Educacionais An\u00edsio Teixeira (Inep) e o Minist\u00e9rio da Educa\u00e7\u00e3o (MEC) decidiram pelo adiamento da aplica\u00e7\u00e3o dos exames nas vers\u00f5es impressa e digital. As datas ser\u00e3o adiadas de 30 a 60 dias em rela\u00e7\u00e3o ao que foi previsto nos editais&#8221;.<\/p>\n<p>*Mais informa\u00e7\u00f5es em instantes<\/p>\n<p><br \/>\n<br \/><a href=\"https:\/\/exame.com\/brasil\/ministerio-da-educacao-adia-o-enem-2020\/\">Fonte do artigo <\/a><br \/>\nTags:<br \/>\n#politica #political #negocios #business #marketingdigital #empreendedorismo #marketing #emprendedores #empreender #sucesso #empresas #emprendimiento #emprendedor #empreendedor #emprender #dinheiro #dinero #empresario #vendas #liderazgo #motivacion #foco #motivacao #negocio #brasil<\/p>\n","protected":false},"excerpt":{"rendered":"<p>O Minist\u00e9rio da Educa\u00e7\u00e3o (MEC) anunciou em comunicado oficial nesta quarta-feira, 20, que vai adiar o Exame Nacional do Ensino M\u00e9dio, o Enem 2020, por conta da pandemia do novo coronav\u00edrus. Segundo nota publicada pelo Inep, \u00f3rg\u00e3o que aplica as provas, a aplica\u00e7\u00e3o do exame ser\u00e1 adiado de 30 a 60 dias, mas ainda n\u00e3o [&hellip;]<\/p>\n","protected":false},"author":1,"featured_media":48378,"comment_status":"open","ping_status":"open","sticky":false,"template":"","format":"standard","meta":{"footnotes":""},"categories":[1],"tags":[],"class_list":["post-50650","post","type-post","status-publish","format-standard","has-post-thumbnail","hentry","category-curso-de-copy"],"_links":{"self":[{"href":"https:\/\/wiy.com.br\/noticias\/wp-json\/wp\/v2\/posts\/50650","targetHints":{"allow":["GET"]}}],"collection":[{"href":"https:\/\/wiy.com.br\/noticias\/wp-json\/wp\/v2\/posts"}],"about":[{"href":"https:\/\/wiy.com.br\/noticias\/wp-json\/wp\/v2\/types\/post"}],"author":[{"embeddable":true,"href":"https:\/\/wiy.com.br\/noticias\/wp-json\/wp\/v2\/users\/1"}],"replies":[{"embeddable":true,"href":"https:\/\/wiy.com.br\/noticias\/wp-json\/wp\/v2\/comments?post=50650"}],"version-history":[{"count":0,"href":"https:\/\/wiy.com.br\/noticias\/wp-json\/wp\/v2\/posts\/50650\/revisions"}],"wp:featuredmedia":[{"embeddable":true,"href":"https:\/\/wiy.com.br\/noticias\/wp-json\/wp\/v2\/media\/48378"}],"wp:attachment":[{"href":"https:\/\/wiy.com.br\/noticias\/wp-json\/wp\/v2\/media?parent=50650"}],"wp:term":[{"taxonomy":"category","embeddable":true,"href":"https:\/\/wiy.com.br\/noticias\/wp-json\/wp\/v2\/categories?post=50650"},{"taxonomy":"post_tag","embeddable":true,"href":"https:\/\/wiy.com.br\/noticias\/wp-json\/wp\/v2\/tags?post=50650"}],"curies":[{"name":"wp","href":"https:\/\/api.w.org\/{rel}","templated":true}]}}