{"id":50587,"date":"2023-02-26T15:07:04","date_gmt":"2023-02-26T18:07:04","guid":{"rendered":"https:\/\/wiy.com.br\/noticias\/senado-aprova-adiar-o-enem-2020-e-projeto-vai-para-votacao-na-camara\/"},"modified":"2020-05-19T22:21:52","modified_gmt":"2020-05-20T01:21:52","slug":"senado-aprova-adiar-o-enem-2020-e-projeto-vai-para-votacao-na-camara","status":"publish","type":"post","link":"https:\/\/wiy.com.br\/noticias\/senado-aprova-adiar-o-enem-2020-e-projeto-vai-para-votacao-na-camara\/","title":{"rendered":"Senado aprova adiar o Enem 2020, e projeto vai para vota\u00e7\u00e3o na C\u00e2mara"},"content":{"rendered":"<p> <br \/>\n<\/p>\n<p>O <a href=\"https:\/\/exame.abril.com.br\/noticias-sobre\/senado\/\"><strong>Senado<\/strong> <\/a>Federal aprovou na noite desta ter\u00e7a-feira, 18, um projeto de lei que adia o Exame Nacional do Ensino M\u00e9dio (Enem), previsto para este ano em novembro.<\/p>\n<div class=\"embed-twitter\">\n<blockquote class=\"twitter-tweet\" data-width=\"500\" data-dnt=\"true\">\n<p lang=\"pt\" dir=\"ltr\">O Senado aprovou o adiamento do Enem deste ano em nome de todos os estudantes brasileiros, principalmente da rede p\u00fablica, que tiveram suas aulas e estudos interrompidos pela pandemia. O Congresso est\u00e1 ao lado dos brasileiros que s\u00e3o mais atingidos por este triste v\u00edrus <a href=\"https:\/\/twitter.com\/hashtag\/AdiaEnem?src=hash&amp;ref_src=twsrc%5Etfw\">#AdiaEnem<\/a><\/p>\n<p>&mdash; Davi Alcolumbre (@davialcolumbre) <a href=\"https:\/\/twitter.com\/davialcolumbre\/status\/1262908697572978690?ref_src=twsrc%5Etfw\">May 20, 2020<\/a><\/p>\n<\/blockquote>\n<\/div>\n<p>A proposta foi apresentada pela senadora Daniella Ribeiro (PP-PB), ap\u00f3s a resist\u00eancia por parte do Minist\u00e9rio da Educa\u00e7\u00e3o em n\u00e3o rever as datas de aplica\u00e7\u00e3o das provas, previstas para novembro, por conta do avan\u00e7o da pandemia do novo coronav\u00edrus.\u00a0<b> <\/b><\/p>\n<p>Agora, a mat\u00e9ria vai para a C\u00e2mara dos Deputados, onde n\u00e3o deve enfrentar resist\u00eancias dos parlamentares. Nesta ter\u00e7a-feira, 19, o presidente da Casa, Rodrigo Maia (DEM-RJ), afirmou que n\u00e3o ir\u00e1 esperar o governo tomar uma decis\u00e3o sobre o tema. Para ele, essa \u00e9 uma demanda que vem de todo o Brasil.<\/p>\n<p>Desde mar\u00e7o, a manuten\u00e7\u00e3o da prova \u00e9 alvo de disputa judicial. No dia 17 do m\u00eas passado, u<span>ma decis\u00e3o Justi\u00e7a Federal de S\u00e3o Paulo chegou a impor adiamento do Enem, mas o Minist\u00e9rio da Educa\u00e7\u00e3o (MEC) recorreu e a decis\u00e3o foi revertida. Ontem, a Defensoria P\u00fablica da Uni\u00e3o entrou com recurso no Tribunal Regional Federal da 3\u00aa Regi\u00e3o para adiar a prova.<\/span><\/p>\n<p><span>Por conta das restri\u00e7\u00f5es de estudo por conta da pandemia, pesquisadores, professores, organiza\u00e7\u00f5es, pol\u00edticos e alunos passaram a defender o adiamento do exame. O l<\/span>\u00edder da minoria no Senado, Randolfe Rodrigues (Rede-AP), por exemplo, entrou com representa\u00e7\u00e3o junto ao Minist\u00e9rio P\u00fablico Federal sobre a prova.<\/p>\n<aside>\n<div class=\"widget-news widget-box no-margin no-border\"><span class=\"widget-news-title content-box-title\">Veja tamb\u00e9m<\/span><\/p>\n<ul class=\"widget-news-list\">\n<li class=\"widget-news-item without-thumb with-border\">\n<div class=\"widget-news-info\"><a href=\"http:\/\/exame.com\/brasil\">Brasil<\/a><span class=\"widget-news-item-title\"><a href=\"https:\/\/exame.com\/brasil\/maia-indica-que-eleicao-municipal-sera-adiada-mas-sem-ampliar-mandatos\/\">Maia indica que elei\u00e7\u00e3o municipal ser\u00e1 adiada, mas sem ampliar mandatos<\/a><\/span><span class=\"widget-news-item-date\">19 maio 2020 &#8211; 17h05<\/span><\/div>\n<\/li>\n<\/ul>\n<\/div>\n<\/aside>\n<h3>O que acontece se o Enem for mesmo adiado?<\/h3>\n<p>Na pr\u00e1tica, cancelar definitivamente o Enem \u00e9 algo praticamente fora de quest\u00e3o para os especialistas ouvidos pela<span>\u00a0<\/span><strong>EXAME<\/strong> na reportagem <a href=\"https:\/\/exame.com\/brasil\/adiar-ou-manter-enem-tem-maior-desafio-da-historia-com-coronavirus\/\">&#8220;Adiar ou manter? Enem tem maior desafio da hist\u00f3ria com coronav\u00edrus&#8221;<\/a>. Para eles, cancelar pode virar de ponta cabe\u00e7a o sistema de ingresso de todo o Ensino Superior do pa\u00eds para o ano letivo de 2021.<\/p>\n<p>\u201cH\u00e1 muitos pontos em defesa de um adiamento do Enem. Mas deve ser feito de uma forma que garanta que a prova continuar\u00e1 sendo uma ferramenta de acesso ao Ensino Superior\u201d, disse <span>Ernesto Martins Faria, diretor-executivo do Iede, organiza\u00e7\u00e3o que estuda pol\u00edticas educacionais.<\/span><\/p>\n<p>Especialistas defendem algum tipo de sinaliza\u00e7\u00e3o mais concreta do MEC sobre o calend\u00e1rio de provas, para que estudantes possam se organizar \u2014 e n\u00e3o sofrer com um adiamento em cima da hora antes de novembro caso a pandemia n\u00e3o tenha arrefecido o suficiente at\u00e9 l\u00e1.<\/p>\n<p>O MEC, em resposta, circulou no Congresso um documento em que justificava por que n\u00e3o poderia adiar a prova. Entre as justificativas, est\u00e1 a log\u00edstica de organiza\u00e7\u00e3o da prova, o prazo para pedido de isen\u00e7\u00e3o dos alunos e o fato de uma altera\u00e7\u00e3o no calend\u00e1rio atrasar o in\u00edcio do ano letivo em 2021.<\/p>\n<p>\u201cOu seja, um adiamento da execu\u00e7\u00e3o do Enem em 3 meses implicar\u00e1 que o in\u00edcio do primeiro semestre de 2021 das faculdades dar-se-\u00e1 apenas em junho ou julho de 2021\u201d, escreveu o minist\u00e9rio.<\/p>\n<p>O maior exemplo de adiamento de exames similares ao Enem \u00e9 a China, que adiou a prova nacional do Ensino M\u00e9dio, o Gaokao \u2014 que avalia 10 milh\u00f5es de alunos, o dobro do Enem.<\/p>\n<p>\u201cN\u00e3o existe desafio log\u00edstico de adiar nenhum exame no mundo maior do que adiar o Gaokao\u201d, disse<span>\u00a0Jo\u00e3o Marcelo Borges, diretor de estrat\u00e9gia pol\u00edtica do Todos Pela Educa\u00e7\u00e3o.<\/span> \u201cContratos com gr\u00e1ficas, por exemplo, podem ser renegociados. \u00c9 uma situa\u00e7\u00e3o de for\u00e7a maior que est\u00e1 prevista em contratos. Todas as empresas est\u00e3o se reorganizando, e o mesmo vale para o poder p\u00fablico.\u201d<\/p>\n<p>A sa\u00edda defendida por apoiadores do adiamento do Enem \u00e9 que o MEC chegue a um acordo com as faculdades e redes de ensino em todo o pa\u00eds para, se necess\u00e1rio, adaptar o come\u00e7o do ano letivo nas faculdades em 2021 para acomodar os alunos do Enem.<\/p>\n<p><script async src=\"http:\/\/platform.twitter.com\/widgets.js\" charset=\"utf-8\"><\/script><br \/>\n<br \/><br \/>\n<br \/><a href=\"https:\/\/exame.com\/brasil\/senado-aprova-adiar-o-enem-2020-e-projeto-vai-para-votacao-na-camara\/\">Fonte do artigo <\/a><br \/>\nTags:<br \/>\n#politica #political #negocios #business #marketingdigital #empreendedorismo #marketing #emprendedores #empreender #sucesso #empresas #emprendimiento #emprendedor #empreendedor #emprender #dinheiro #dinero #empresario #vendas #liderazgo #motivacion #foco #motivacao #negocio #brasil<\/p>\n","protected":false},"excerpt":{"rendered":"<p>O Senado Federal aprovou na noite desta ter\u00e7a-feira, 18, um projeto de lei que adia o Exame Nacional do Ensino M\u00e9dio (Enem), previsto para este ano em novembro. O Senado aprovou o adiamento do Enem deste ano em nome de todos os estudantes brasileiros, principalmente da rede p\u00fablica, que tiveram suas aulas e estudos interrompidos [&hellip;]<\/p>\n","protected":false},"author":1,"featured_media":50588,"comment_status":"open","ping_status":"open","sticky":false,"template":"","format":"standard","meta":{"footnotes":""},"categories":[1],"tags":[],"class_list":["post-50587","post","type-post","status-publish","format-standard","has-post-thumbnail","hentry","category-curso-de-copy"],"_links":{"self":[{"href":"https:\/\/wiy.com.br\/noticias\/wp-json\/wp\/v2\/posts\/50587","targetHints":{"allow":["GET"]}}],"collection":[{"href":"https:\/\/wiy.com.br\/noticias\/wp-json\/wp\/v2\/posts"}],"about":[{"href":"https:\/\/wiy.com.br\/noticias\/wp-json\/wp\/v2\/types\/post"}],"author":[{"embeddable":true,"href":"https:\/\/wiy.com.br\/noticias\/wp-json\/wp\/v2\/users\/1"}],"replies":[{"embeddable":true,"href":"https:\/\/wiy.com.br\/noticias\/wp-json\/wp\/v2\/comments?post=50587"}],"version-history":[{"count":0,"href":"https:\/\/wiy.com.br\/noticias\/wp-json\/wp\/v2\/posts\/50587\/revisions"}],"wp:featuredmedia":[{"embeddable":true,"href":"https:\/\/wiy.com.br\/noticias\/wp-json\/wp\/v2\/media\/50588"}],"wp:attachment":[{"href":"https:\/\/wiy.com.br\/noticias\/wp-json\/wp\/v2\/media?parent=50587"}],"wp:term":[{"taxonomy":"category","embeddable":true,"href":"https:\/\/wiy.com.br\/noticias\/wp-json\/wp\/v2\/categories?post=50587"},{"taxonomy":"post_tag","embeddable":true,"href":"https:\/\/wiy.com.br\/noticias\/wp-json\/wp\/v2\/tags?post=50587"}],"curies":[{"name":"wp","href":"https:\/\/api.w.org\/{rel}","templated":true}]}}