{"id":50530,"date":"2023-02-26T14:55:06","date_gmt":"2023-02-26T17:55:06","guid":{"rendered":"https:\/\/wiy.com.br\/noticias\/bruno-covas-sanciona-decreto-que-antecipa-feriados-municipais-em-sp\/"},"modified":"2020-05-19T11:14:23","modified_gmt":"2020-05-19T14:14:23","slug":"bruno-covas-sanciona-decreto-que-antecipa-feriados-municipais-em-sp","status":"publish","type":"post","link":"https:\/\/wiy.com.br\/noticias\/bruno-covas-sanciona-decreto-que-antecipa-feriados-municipais-em-sp\/","title":{"rendered":"Bruno Covas sanciona decreto que antecipa feriados municipais em SP"},"content":{"rendered":"<p> <br \/>\n<\/p>\n<p>O prefeito\u00a0<strong>Bruno Covas\u00a0<\/strong>(PSDB) sancionou o projeto de lei que permite a antecipa\u00e7\u00e3o de feriados municipais em S\u00e3o Paulo. O decreto foi publicado no Di\u00e1rio Oficial na manh\u00e3 desta ter\u00e7a-feira (19).<\/p>\n<p>O texto foi enviado \u00e0 C\u00e2mara de S\u00e3o Paulo no domingo (17) e aprovado em sess\u00e3o extraordin\u00e1ria pelos vereadores em vota\u00e7\u00e3o virtual nesta segunda-feira (18). O projeto foi aprovado por 37 a favor, 14 contra e uma absten\u00e7\u00e3o. O objetivo da proposta enviada pelo prefeito \u00e9 aumentar o isolamento social por meio de um &#8220;feriad\u00e3o&#8221; a partir de amanh\u00e3, 20 de maio.<\/p>\n<p>Assim, os feriados de Corpus Christi &#8212; 11 de junho &#8212; e da Consci\u00eancia Negra &#8212; 20 de novembro &#8212; ser\u00e3o antecipados para esta quarta (20) e quinta-feira (21). Na sexta-feira (22), ser\u00e1 declarado ponto facultativo na cidade de S\u00e3o Paulo: &#8220;Ter\u00edamos a\u00ed um per\u00edodo de quarta, quinta, sexta, s\u00e1bado e domingo onde a gente poderia atingir os \u00edndices que n\u00f3s atingimos no dia de ontem, domingo, quando n\u00f3s tivemos 56% de isolamento social aqui na cidade&#8221;, disse Covas em coletiva \u00e0 imprensa.<\/p>\n<p><strong><a href=\"https:\/\/abr.ai\/assine-vejasp\" target=\"_blank\" data-saferedirecturl=\"https:\/\/www.google.com\/url?q=https:\/\/abr.ai\/assine-vejasp&amp;source=gmail&amp;ust=1589623630363000&amp;usg=AFQjCNEoIw_5bfciYp8OrDGJ891XoM4RXw\" rel=\"noopener noreferrer\">+ Assine a Vejinha a partir de 6,90<\/a><\/strong><\/p>\n<div class=\"ads post-ads\"><span class=\"title\">Continua ap\u00f3s a publicidade<\/span><\/p>\n<div id=\"abrAD_rectangle2\" class=\"abrAD\" data-ad-><\/div>\n<\/div>\n<p>Para aprovar a proposta com urg\u00eancia, a lideran\u00e7a do governo na C\u00e2mara adotou a estrat\u00e9gia conhecida como &#8220;jabuti&#8221;. Ou seja, um substitutivo foi proposto em projeto de lei sobre outro tema, que j\u00e1 estava em tramita\u00e7\u00e3o na casa. Assim, os vereadores aprovaram o PL 424\/2018, que trata do est\u00edmulo \u00e0 contrata\u00e7\u00e3o de mulheres do programa &#8220;Tem Sa\u00edda&#8221;. O projeto oferece empregos para mulheres v\u00edtimas de viol\u00eancia dom\u00e9stica.<\/p>\n<p>O governador\u00a0<strong>Jo\u00e3o Doria\u00a0<\/strong>(PSDB) tamb\u00e9m encaminhou \u00e0 Assembleia Legislativa de S\u00e3o Paulo (Alesp) um projeto de lei para antecipar o feriado estadual do dia 9 de julho, quando \u00e9 comemorado o Dia da Revolu\u00e7\u00e3o Constitucionalista, para a segunda-feira (25). Assim, S\u00e3o Paulo contar\u00e1 com um\u00a0<strong>megaferiado\u00a0<\/strong>de seis dias &#8212; come\u00e7ando nesta quarta-feira (20) e chegando ao fim na segunda-feira (25), totalizando seis dias. O &#8220;feriad\u00e3o&#8221; \u00e9 uma tentativa de melhorar os \u00edndices de isolamento social em S\u00e3o Paulo.<\/p>\n<div class=\"block related-posts\">\n<ul class=\"block-menu\">\n<li data-tab=\"tab-1\" class=\"active\">Relacionadas<\/li>\n<li data-tab=\"tab-2\">Mais Lidas<\/li>\n<\/ul>\n<div id=\"tab-1\" class=\"block-content active\">\n<div class=\"row\">\n<li class=\"widget-news-item without-thumb with-border\">\n<div class=\"widget-news-info\"><a href=\"http:\/\/vejasp.abril.com.br\/cidades\">Cidades<\/a><span class=\"widget-news-item-title\"><a href=\"https:\/\/vejasp.abril.com.br\/cidades\/camara-de-sao-paulo-aprova-antecipacao-de-feriados-municipais\/\">C\u00e2mara de S\u00e3o Paulo aprova antecipa\u00e7\u00e3o de feriados municipais<\/a><\/span><span class=\"widget-news-item-date\">18 May 2020 &#8211; 18h05<\/span><\/div>\n<\/li>\n<li class=\"widget-news-item without-thumb with-border\">\n<div class=\"widget-news-info\"><a href=\"http:\/\/vejasp.abril.com.br\/cidades\">Cidades<\/a><span class=\"widget-news-item-title\"><a href=\"https:\/\/vejasp.abril.com.br\/cidades\/ex-governador-de-sao-paulo-laudo-natel-morre-aos-99-anos\/\">Ex-governador de S\u00e3o Paulo, Laudo Natel morre aos 99 anos<\/a><\/span><span class=\"widget-news-item-date\">18 May 2020 &#8211; 13h05<\/span><\/div>\n<\/li>\n<li class=\"widget-news-item without-thumb with-border\">\n<div class=\"widget-news-info\"><a href=\"http:\/\/vejasp.abril.com.br\/cidades\">Cidades<\/a><span class=\"widget-news-item-title\"><a href=\"https:\/\/vejasp.abril.com.br\/cidades\/capital-tem-3-km-de-transito-apos-retomada-de-rodizio-tradicional-em-sp\/\">Capital tem 3 km de tr\u00e2nsito ap\u00f3s retomada de rod\u00edzio tradicional em SP<\/a><\/span><span class=\"widget-news-item-date\">18 May 2020 &#8211; 13h05<\/span><\/div>\n<\/li>\n<li class=\"widget-news-item without-thumb with-border\">\n<div class=\"widget-news-info\"><a href=\"http:\/\/vejasp.abril.com.br\/cidades\">Cidades<\/a><span class=\"widget-news-item-title\"><a href=\"https:\/\/vejasp.abril.com.br\/cidades\/prefeitura-instala-maquinas-de-lavar-para-moradores-sem-teto-no-centro\/\">Prefeitura instala m\u00e1quinas de lavar para moradores sem-teto no centro<\/a><\/span><span class=\"widget-news-item-date\">18 May 2020 &#8211; 10h05<\/span><\/div>\n<\/li>\n<\/div>\n<\/div>\n<div id=\"tab-2\" class=\"block-content\">\n<div class=\"row\">\n<div class=\"col-s-12 col-l-3\"><a href=\"https:\/\/vejasp.abril.com.br\/cidades\/sao-paulo-pode-ter-feriadao-de-6-dias-a-partir-de-quarta-feira-20\/\" class=\"card\"><span class=\"category hide-s\">Cidades<\/span><img title = \"[Tags]\"data-src=\"https:\/\/vejasp.abril.com.br\/wp-content\/uploads\/2020\/05\/coletiva-imprensa-joao-doria-01.jpg?quality=70&amp;strip=info&amp;w=294&amp;h=200&amp;crop=1\"alt = \"coletiva-imprensa-joao-doria-01 Bruno Covas sanciona decreto que antecipa feriados municipais em SP\" class=\"lazyload media\" style=\"max-width:100%\"><span class=\"category hide-l\">Cidades<\/span><span class=\"title\"><strong>1<\/strong>S\u00e3o Paulo pode ter feriad\u00e3o de 6 dias a partir de quarta-feira (20)<\/span><\/a><\/div>\n<div class=\"col-s-12 col-l-3\"><a href=\"https:\/\/vejasp.abril.com.br\/cidades\/bruno-covas-anuncia-retomada-do-rodizio-tradicional-em-sao-paulo\/\" class=\"card\"><span class=\"category hide-s\">Cidades<\/span><img title = \"[Tags]\"data-src=\"https:\/\/vejasp.abril.com.br\/wp-content\/uploads\/2020\/05\/bruno-covas-rodizio-sao-paulo-covid-01.jpg?quality=70&amp;strip=info&amp;w=294&amp;h=200&amp;crop=1\"alt = \"coletiva-imprensa-joao-doria-01 Bruno Covas sanciona decreto que antecipa feriados municipais em SP\" class=\"lazyload media\" style=\"max-width:100%\"><span class=\"category hide-l\">Cidades<\/span><span class=\"title\"><strong>2<\/strong>Bruno Covas anuncia retomada do rod\u00edzio tradicional em S\u00e3o Paulo<\/span><\/a><\/div>\n<div class=\"col-s-12 col-l-3\"><a href=\"https:\/\/vejasp.abril.com.br\/saude\/quarentena-em-sp-sera-prorrogada-com-restricoes-mais-rigidas\/\" class=\"card\"><span class=\"category hide-s\">Sa\u00fade<\/span><img title = \"[Tags]\"data-src=\"https:\/\/vejasp.abril.com.br\/wp-content\/uploads\/2020\/04\/hyyh.jpg?quality=70&amp;strip=info&amp;w=294&amp;h=200&amp;crop=1\"alt = \"coletiva-imprensa-joao-doria-01 Bruno Covas sanciona decreto que antecipa feriados municipais em SP\" class=\"lazyload media\" style=\"max-width:100%\"><span class=\"category hide-l\">Sa\u00fade<\/span><span class=\"title\"><strong>3<\/strong>Quarentena em SP ser\u00e1 prorrogada com restri\u00e7\u00f5es mais r\u00edgidas<\/span><\/a><\/div>\n<div class=\"col-s-12 col-l-3\"><a href=\"https:\/\/vejasp.abril.com.br\/blog\/arte-ao-redor\/pedro-ivo-vercosa-brasilia\/\" class=\"card\"><span class=\"category hide-s\"><\/span><img title = \"[Tags]\"data-src=\"https:\/\/vejasp.abril.com.br\/wp-content\/uploads\/2020\/05\/327058_281869355186733_422371756_o.jpg?quality=70&amp;strip=info&amp;crop=74px%2C123px%2C524px%2C356px&amp;resize=294%2C200\"alt = \"coletiva-imprensa-joao-doria-01 Bruno Covas sanciona decreto que antecipa feriados municipais em SP\" class=\"lazyload media\" style=\"max-width:100%\"><span class=\"category hide-l\"><\/span><span class=\"title\"><strong>4<\/strong>Morre o artista brasiliense Pedro Ivo Ver\u00e7osa, de 34 anos<\/span><\/a><\/div>\n<\/div>\n<\/div>\n<\/div>\n<p><br \/>\n<br \/><a href=\"https:\/\/vejasp.abril.com.br\/cidades\/bruno-covas-sanciona-decreto-que-antecipa-feriados-municipais-em-sp\/\">Fonte do Artigo <\/a><br \/>\nTags:<br \/>\n#loterias #loteriascaixa #megasena #resultadoapostas#noticias #noticiario  #noticia #brasil #noticiascolombia #mundo #esporte #colombia #noticiadeld #ltimasnoticias  #noticiario #noticiasregionales #noticiasdepartamentales #noticiashoy #esportes #noticiaahora #elinformantenoticias #noticiasdeboyac  #esporteinterativo #esportivo #diariodosesportes  #noticiero  #jogodefutebol #jogos #loto #apostas<\/p>\n","protected":false},"excerpt":{"rendered":"<p>O prefeito\u00a0Bruno Covas\u00a0(PSDB) sancionou o projeto de lei que permite a antecipa\u00e7\u00e3o de feriados municipais em S\u00e3o Paulo. O decreto foi publicado no Di\u00e1rio Oficial na manh\u00e3 desta ter\u00e7a-feira (19). O texto foi enviado \u00e0 C\u00e2mara de S\u00e3o Paulo no domingo (17) e aprovado em sess\u00e3o extraordin\u00e1ria pelos vereadores em vota\u00e7\u00e3o virtual nesta segunda-feira (18). [&hellip;]<\/p>\n","protected":false},"author":1,"featured_media":49684,"comment_status":"open","ping_status":"open","sticky":false,"template":"","format":"standard","meta":{"footnotes":""},"categories":[1],"tags":[],"class_list":["post-50530","post","type-post","status-publish","format-standard","has-post-thumbnail","hentry","category-curso-de-copy"],"_links":{"self":[{"href":"https:\/\/wiy.com.br\/noticias\/wp-json\/wp\/v2\/posts\/50530","targetHints":{"allow":["GET"]}}],"collection":[{"href":"https:\/\/wiy.com.br\/noticias\/wp-json\/wp\/v2\/posts"}],"about":[{"href":"https:\/\/wiy.com.br\/noticias\/wp-json\/wp\/v2\/types\/post"}],"author":[{"embeddable":true,"href":"https:\/\/wiy.com.br\/noticias\/wp-json\/wp\/v2\/users\/1"}],"replies":[{"embeddable":true,"href":"https:\/\/wiy.com.br\/noticias\/wp-json\/wp\/v2\/comments?post=50530"}],"version-history":[{"count":0,"href":"https:\/\/wiy.com.br\/noticias\/wp-json\/wp\/v2\/posts\/50530\/revisions"}],"wp:featuredmedia":[{"embeddable":true,"href":"https:\/\/wiy.com.br\/noticias\/wp-json\/wp\/v2\/media\/49684"}],"wp:attachment":[{"href":"https:\/\/wiy.com.br\/noticias\/wp-json\/wp\/v2\/media?parent=50530"}],"wp:term":[{"taxonomy":"category","embeddable":true,"href":"https:\/\/wiy.com.br\/noticias\/wp-json\/wp\/v2\/categories?post=50530"},{"taxonomy":"post_tag","embeddable":true,"href":"https:\/\/wiy.com.br\/noticias\/wp-json\/wp\/v2\/tags?post=50530"}],"curies":[{"name":"wp","href":"https:\/\/api.w.org\/{rel}","templated":true}]}}