{"id":50365,"date":"2023-02-26T15:18:36","date_gmt":"2023-02-26T18:18:36","guid":{"rendered":"https:\/\/wiy.com.br\/noticias\/o-plano-das-operadoras-de-telefonia-para-faturar-na-crise\/"},"modified":"2020-05-16T21:11:08","modified_gmt":"2020-05-17T00:11:08","slug":"o-plano-das-operadoras-de-telefonia-para-faturar-na-crise","status":"publish","type":"post","link":"https:\/\/wiy.com.br\/noticias\/o-plano-das-operadoras-de-telefonia-para-faturar-na-crise\/","title":{"rendered":"O plano das operadoras de telefonia para faturar na crise"},"content":{"rendered":"<p> <br \/>\n<\/p>\n<div id=\"post-3483178\">\n<figure class=\"featured-media media-open\"><img title = \"[Tags]\"data-src=\"https:\/\/abrilveja.files.wordpress.com\/2016\/06\/o-smartphone-xperia-z-apresentado-pela-sony-nesta-segunda-feira-em-los-angeles-original2.jpeg\" class=\"abril-image optimized lazyload\" abril-data-id=\"3483178\"  data- data-pin-nopin=\"false\"alt = \"o-smartphone-xperia-z-apresentado-pela-sony-nesta-segunda-feira-em-los-angeles-original2 O plano das operadoras de telefonia para faturar na crise\"\/><figcaption class=\"caption\">Boa parte dos 60 milh\u00f5es de celulares pr\u00e9-pagos que s\u00e3o recarregados todos os meses no pa\u00eds est\u00e1 nas m\u00e3os de trabalhadores informais, foco do aux\u00edlio emergencial.\u00a0Steve Marcus\/Reuters\/VEJA<\/figcaption><\/figure>\n<section class=\"content\">\n<p>Tim, Oi, Claro e Vivo v\u00e3o usar um ferramenta da Cielo para oferecer recarga de celular a 30 milh\u00f5es de benefici\u00e1rios do coronavoucher inscritos na poupan\u00e7a social e que n\u00e3o tinham conta em banco.<\/p>\n<p>Boa parte dos 60 milh\u00f5es de celulares pr\u00e9-pagos que s\u00e3o recarregados todos os meses no pa\u00eds est\u00e1 nas m\u00e3os de trabalhadores informais, foco do aux\u00edlio emergencial.<\/p>\n<\/section><\/div>\n<p><br \/>\n<br \/><a href=\"https:\/\/veja.abril.com.br\/blog\/radar\/o-plano-das-operadoras-de-telefonia-para-faturar-na-crise\/\">Fonte do Artigo<\/a><br \/>\nTags: <\/p>\n<p><a title=\"IBJE\" href=\"https:\/\/ibge.gov.br\/\">#IBJE<\/a> <a title=\"FGV\" href=\"https:\/\/portal.fgv.br\/\">#FGV<\/a> <a title=\"LOTOFACIL\" href=\"http:\/\/loterias.caixa.gov.br\/wps\/portal\/loterias\/landing\/lotofacil\/\">#LOTOFACIL<\/a> <a title=\"TINDER\" href=\"https:\/\/tinder.com\/?lang=pt-BR\">#TINDER<\/a> <a title=\"GMAILGOOGLE\" href=\"https:\/\/mail.google.com\">#GMAILGOOGLE<\/a> <a title=\"TIKTOK\" href=\"https:\/\/www.tiktok.com\/pt_BR\/\">#TIKTOK<\/a><\/p>\n","protected":false},"excerpt":{"rendered":"<p>Boa parte dos 60 milh\u00f5es de celulares pr\u00e9-pagos que s\u00e3o recarregados todos os meses no pa\u00eds est\u00e1 nas m\u00e3os de trabalhadores informais, foco do aux\u00edlio emergencial.\u00a0Steve Marcus\/Reuters\/VEJA Tim, Oi, Claro e Vivo v\u00e3o usar um ferramenta da Cielo para oferecer recarga de celular a 30 milh\u00f5es de benefici\u00e1rios do coronavoucher inscritos na poupan\u00e7a social e [&hellip;]<\/p>\n","protected":false},"author":1,"featured_media":50366,"comment_status":"open","ping_status":"open","sticky":false,"template":"","format":"standard","meta":{"footnotes":""},"categories":[7],"tags":[],"class_list":["post-50365","post","type-post","status-publish","format-standard","has-post-thumbnail","hentry","category-economia"],"_links":{"self":[{"href":"https:\/\/wiy.com.br\/noticias\/wp-json\/wp\/v2\/posts\/50365","targetHints":{"allow":["GET"]}}],"collection":[{"href":"https:\/\/wiy.com.br\/noticias\/wp-json\/wp\/v2\/posts"}],"about":[{"href":"https:\/\/wiy.com.br\/noticias\/wp-json\/wp\/v2\/types\/post"}],"author":[{"embeddable":true,"href":"https:\/\/wiy.com.br\/noticias\/wp-json\/wp\/v2\/users\/1"}],"replies":[{"embeddable":true,"href":"https:\/\/wiy.com.br\/noticias\/wp-json\/wp\/v2\/comments?post=50365"}],"version-history":[{"count":0,"href":"https:\/\/wiy.com.br\/noticias\/wp-json\/wp\/v2\/posts\/50365\/revisions"}],"wp:featuredmedia":[{"embeddable":true,"href":"https:\/\/wiy.com.br\/noticias\/wp-json\/wp\/v2\/media\/50366"}],"wp:attachment":[{"href":"https:\/\/wiy.com.br\/noticias\/wp-json\/wp\/v2\/media?parent=50365"}],"wp:term":[{"taxonomy":"category","embeddable":true,"href":"https:\/\/wiy.com.br\/noticias\/wp-json\/wp\/v2\/categories?post=50365"},{"taxonomy":"post_tag","embeddable":true,"href":"https:\/\/wiy.com.br\/noticias\/wp-json\/wp\/v2\/tags?post=50365"}],"curies":[{"name":"wp","href":"https:\/\/api.w.org\/{rel}","templated":true}]}}