{"id":50267,"date":"2023-02-26T15:37:52","date_gmt":"2023-02-26T18:37:52","guid":{"rendered":"https:\/\/wiy.com.br\/noticias\/bolsonaro-diz-que-protocolo-de-uso-da-cloroquina-sera-alterado-nessa-sexta\/"},"modified":"2020-05-15T12:31:07","modified_gmt":"2020-05-15T15:31:07","slug":"bolsonaro-diz-que-protocolo-de-uso-da-cloroquina-sera-alterado-nessa-sexta","status":"publish","type":"post","link":"https:\/\/wiy.com.br\/noticias\/bolsonaro-diz-que-protocolo-de-uso-da-cloroquina-sera-alterado-nessa-sexta\/","title":{"rendered":"Bolsonaro diz que protocolo de uso da cloroquina ser\u00e1 alterado nessa sexta"},"content":{"rendered":"<p> <br \/>\n<\/p>\n<p><span>O presidente <strong><a href=\"https:\/\/exame.abril.com.br\/noticias-sobre\/jair-bolsonaro\">Jair Bolsonaro<\/a><\/strong> afirmou nesta sexta-feira, 15, que mudar\u00e1 hoje o protocolo de uso da cloroquina adotado no sistema de sa\u00fade. Nos \u00faltimos dias, o presidente j\u00e1 havia comentado sobre a mudan\u00e7a. A declara\u00e7\u00e3o foi dada ap\u00f3s apoiadores questionarem o presidente sobre o assunto no Pal\u00e1cio da Alvorada.<\/span><\/p>\n<p><span>Atualmente, a recomenda\u00e7\u00e3o \u00e9 que medicamento seja usado no tratamento de pacientes em casos graves da covid-19. A indica\u00e7\u00e3o est\u00e1 prevista em protocolo do <strong><a href=\"https:\/\/exame.abril.com.br\/noticias-sobre\/ministerio-da-saude\">Minist\u00e9rio da Sa\u00fade<\/a><\/strong> publicado ainda na gest\u00e3o do ex-ministro <strong><a href=\"https:\/\/exame.abril.com.br\/noticias-sobre\/luiz-henrique-mandetta\/\">Luiz Henrique Mandetta<\/a><\/strong>.<\/span><\/p>\n<aside>\n<div class=\"widget-news widget-box no-margin no-border\"><span class=\"widget-news-title content-box-title\">Veja tamb\u00e9m<\/span><\/p>\n<ul class=\"widget-news-list\">\n<li class=\"widget-news-item without-thumb with-border\">\n<div class=\"widget-news-info\"><a href=\"http:\/\/exame.abril.com.br\/brasil\">Brasil<\/a><span class=\"widget-news-item-title\"><a href=\"https:\/\/exame.abril.com.br\/brasil\/em-sao-paulo-um-em-cada-cinco-internados-em-uti-por-coronavirus-morre\/\">Em S\u00e3o Paulo, um em cada cinco internados em UTI por coronav\u00edrus morre<\/a><\/span><span class=\"widget-news-item-date\">15 maio 2020 &#8211; 09h05<\/span><\/div>\n<\/li>\n<li class=\"widget-news-item without-thumb with-border\">\n<div class=\"widget-news-info\"><a href=\"http:\/\/exame.abril.com.br\/brasil\">Brasil<\/a><span class=\"widget-news-item-title\"><a href=\"https:\/\/exame.abril.com.br\/brasil\/prejuizo-com-fraude-em-hospitais-de-campanha-no-rj-pode-chegar-a-r-700-mi\/\">Preju\u00edzo com fraude em hospitais de campanha no RJ pode chegar a R$ 700 mi<\/a><\/span><span class=\"widget-news-item-date\">15 maio 2020 &#8211; 07h05<\/span><\/div>\n<\/li>\n<li class=\"widget-news-item without-thumb with-border\">\n<div class=\"widget-news-info\"><a href=\"http:\/\/exame.abril.com.br\/brasil\">Brasil<\/a><span class=\"widget-news-item-title\"><a href=\"https:\/\/exame.abril.com.br\/brasil\/bolsonaro-completa-500-dias-o-que-mais-governos-podem-fazer-contra-a-crise\/\">Bolsonaro completa 500 dias: o que mais governos podem fazer contra crise?<\/a><\/span><span class=\"widget-news-item-date\">15 maio 2020 &#8211; 06h05<\/span><\/div>\n<\/li>\n<\/ul>\n<\/div>\n<\/aside>\n<p><span>O chefe do Executivo, contudo, argumenta que &#8220;\u00e9 direito do paciente&#8221; decidir sobre o seu tratamento. A droga ainda n\u00e3o tem efic\u00e1cia comprovada contra o novo coronav\u00edrus. O Conselho Federal de Medicina publicou nota t\u00e9cnica permitindo a prescri\u00e7\u00e3o do medicamento mesmo em casos leves da doen\u00e7a, com as ressalvas dos riscos.<\/span><\/p>\n<p><span>&#8220;O protocolo deve ser mudado hoje porque o Conselho Federal de Medicina diz que pode usar desde o come\u00e7o&#8221;, afirmou. &#8220;O m\u00e9dico na ponta da linha \u00e9 escravo do protocolo. Se ele usa algo diferente do que est\u00e1 ali e o paciente tem alguma complica\u00e7\u00e3o, ele pode ser processado&#8221;, explicou.<\/span><\/p>\n<p><br \/>\n<br \/><a href=\"https:\/\/exame.abril.com.br\/brasil\/bolsonaro-diz-que-protocolo-de-uso-da-cloroquina-sera-alterado-nessa-sexta\/\">Fonte do artigo <\/a><br \/>\nTags:<br \/>\n#politica #political #negocios #business #marketingdigital #empreendedorismo #marketing #emprendedores #empreender #sucesso #empresas #emprendimiento #emprendedor #empreendedor #emprender #dinheiro #dinero #empresario #vendas #liderazgo #motivacion #foco #motivacao #negocio #brasil<\/p>\n","protected":false},"excerpt":{"rendered":"<p>O presidente Jair Bolsonaro afirmou nesta sexta-feira, 15, que mudar\u00e1 hoje o protocolo de uso da cloroquina adotado no sistema de sa\u00fade. Nos \u00faltimos dias, o presidente j\u00e1 havia comentado sobre a mudan\u00e7a. A declara\u00e7\u00e3o foi dada ap\u00f3s apoiadores questionarem o presidente sobre o assunto no Pal\u00e1cio da Alvorada. Atualmente, a recomenda\u00e7\u00e3o \u00e9 que medicamento [&hellip;]<\/p>\n","protected":false},"author":1,"featured_media":50195,"comment_status":"open","ping_status":"open","sticky":false,"template":"","format":"standard","meta":{"footnotes":""},"categories":[1],"tags":[],"class_list":["post-50267","post","type-post","status-publish","format-standard","has-post-thumbnail","hentry","category-curso-de-copy"],"_links":{"self":[{"href":"https:\/\/wiy.com.br\/noticias\/wp-json\/wp\/v2\/posts\/50267","targetHints":{"allow":["GET"]}}],"collection":[{"href":"https:\/\/wiy.com.br\/noticias\/wp-json\/wp\/v2\/posts"}],"about":[{"href":"https:\/\/wiy.com.br\/noticias\/wp-json\/wp\/v2\/types\/post"}],"author":[{"embeddable":true,"href":"https:\/\/wiy.com.br\/noticias\/wp-json\/wp\/v2\/users\/1"}],"replies":[{"embeddable":true,"href":"https:\/\/wiy.com.br\/noticias\/wp-json\/wp\/v2\/comments?post=50267"}],"version-history":[{"count":0,"href":"https:\/\/wiy.com.br\/noticias\/wp-json\/wp\/v2\/posts\/50267\/revisions"}],"wp:featuredmedia":[{"embeddable":true,"href":"https:\/\/wiy.com.br\/noticias\/wp-json\/wp\/v2\/media\/50195"}],"wp:attachment":[{"href":"https:\/\/wiy.com.br\/noticias\/wp-json\/wp\/v2\/media?parent=50267"}],"wp:term":[{"taxonomy":"category","embeddable":true,"href":"https:\/\/wiy.com.br\/noticias\/wp-json\/wp\/v2\/categories?post=50267"},{"taxonomy":"post_tag","embeddable":true,"href":"https:\/\/wiy.com.br\/noticias\/wp-json\/wp\/v2\/tags?post=50267"}],"curies":[{"name":"wp","href":"https:\/\/api.w.org\/{rel}","templated":true}]}}