{"id":50200,"date":"2023-02-26T14:56:29","date_gmt":"2023-02-26T17:56:29","guid":{"rendered":"https:\/\/wiy.com.br\/noticias\/em-reuniao-guedes-tambem-pediu-que-empresarios-ajam-contra-lockdown\/"},"modified":"2020-05-14T19:10:08","modified_gmt":"2020-05-14T22:10:08","slug":"em-reuniao-guedes-tambem-pediu-que-empresarios-ajam-contra-lockdown","status":"publish","type":"post","link":"https:\/\/wiy.com.br\/noticias\/em-reuniao-guedes-tambem-pediu-que-empresarios-ajam-contra-lockdown\/","title":{"rendered":"Em reuni\u00e3o, Guedes tamb\u00e9m pediu que empres\u00e1rios ajam contra lockdown"},"content":{"rendered":"<p> <br \/>\n<\/p>\n<p><span>Na mesma videoconfer\u00eancia em que o presidente da Rep\u00fablica, Jair Bolsonaro, pediu para empres\u00e1rios &#8220;jogarem pesado&#8221; com governador de <strong><a href=\"https:\/\/exame.abril.com.br\/noticias-sobre\/sao-paulo\">S\u00e3o Paulo<\/a><\/strong>, Jo\u00e3o Doria (PSDB-SP), contra medidas de isolamento, o ministro da Economia, <strong><a href=\"https:\/\/exame.abril.com.br\/noticias-sobre\/paulo-guedes\/\">Paulo Guedes<\/a><\/strong>, cobrou do empresariado que conversem com os &#8220;outros Poderes&#8221; e n\u00e3o apenas o Executivo para a retomada da economia.<\/span><\/p>\n<p>O ministro e o presidente participaram nesta quinta-feira, 14, de reuni\u00e3o virtual com o presidente da Federa\u00e7\u00e3o das Ind\u00fastrias do Estado de S\u00e3o Paulo (Fiesp), Paulo Skaf, e demais empres\u00e1rios. Apesar de pedir mais uma vez que o empres\u00e1rios busquem conversar com o Congresso e o Supremo, Guedes negou, contudo, estar fazendo press\u00e3o.<\/p>\n<p><span>&#8220;A gente defende com certo entusiasmo e \u00e0s vezes h\u00e1 uma m\u00e1 leitura disso. &#8216;Ah, eles t\u00e3o querendo pressionar isso, pressionar aquilo&#8217;. N\u00e3o \u00e9 nada disso. Acreditamos no Congresso, acreditamos justamente de que a coisa vai dar certo no final. Agora, temos que lutar&#8221;, disse Guedes.<\/span><\/p>\n<aside>\n<div class=\"widget-news widget-box no-margin no-border\"><span class=\"widget-news-title content-box-title\">Veja tamb\u00e9m<\/span><\/p>\n<ul class=\"widget-news-list\">\n<li class=\"widget-news-item without-thumb with-border\">\n<div class=\"widget-news-info\"><a href=\"http:\/\/exame.abril.com.br\/brasil\">Brasil<\/a><span class=\"widget-news-item-title\"><a href=\"https:\/\/exame.abril.com.br\/brasil\/maia-se-reune-com-bolsonaro-e-defende-retomada-do-dialogo\/\">Maia se re\u00fane com Bolsonaro e defende retomada do di\u00e1logo<\/a><\/span><span class=\"widget-news-item-date\">14 maio 2020 &#8211; 17h05<\/span><\/div>\n<\/li>\n<li class=\"widget-news-item without-thumb with-border\">\n<div class=\"widget-news-info\"><a href=\"http:\/\/exame.abril.com.br\/brasil\">Brasil<\/a><span class=\"widget-news-item-title\"><a href=\"https:\/\/exame.abril.com.br\/brasil\/bolsonaro-convoca-empresarios-a-jogar-pesado-contra-lockdown-em-sp\/\">Bolsonaro convoca empres\u00e1rios a &#8220;jogar pesado&#8221; contra lockdown em SP<\/a><\/span><span class=\"widget-news-item-date\">14 maio 2020 &#8211; 16h05<\/span><\/div>\n<\/li>\n<li class=\"widget-news-item without-thumb with-border\">\n<div class=\"widget-news-info\"><a href=\"http:\/\/exame.abril.com.br\/brasil\">Brasil<\/a><span class=\"widget-news-item-title\"><a href=\"https:\/\/exame.abril.com.br\/brasil\/bolsonaro-publica-mp-que-isenta-agente-publico-de-erro-durante-pandemia\/\">Bolsonaro publica MP que isenta agente p\u00fablico de erro durante pandemia<\/a><\/span><span class=\"widget-news-item-date\">14 maio 2020 &#8211; 09h05<\/span><\/div>\n<\/li>\n<\/ul>\n<\/div>\n<\/aside>\n<p><span>Antes, o ministro falou em um &#8220;sacrif\u00edcio&#8221; por parte dos empres\u00e1rios pedindo que dialoguem com os outros poderes p\u00fablicos. &#8220;A hora \u00e9 de sacrif\u00edcio, os senhores (empres\u00e1rios) t\u00eam que chamar realmente, o conselho do presidente \u00e9 o seguinte: chamem os outros poderes, conversem com os outros poderes.&#8221;<\/span><\/p>\n<p><span>Guedes citou que n\u00e3o depende de Bolsonaro acabar com as medidas de restri\u00e7\u00e3o ao com\u00e9rcio e que essa &#8220;decis\u00e3o desceu para os governadores&#8221;. &#8220;Uma coisa \u00e9 voc\u00ea ficar um certo tempo fechado. A outra coisa \u00e9 voc\u00ea de repente descontinuar a produ\u00e7\u00e3o nacional e mergulhar em uma depress\u00e3o. Ent\u00e3o, esse \u00e9 o alerta do presidente n\u00f3s n\u00e3o queremos pressionar nenhum poder.&#8221;<\/span><\/p>\n<p><span>Para o ministro, o Congresso tem um perfil reformista e pode ajudar o governo a &#8220;surpreender o mundo&#8221;. &#8220;Sabemos que os sinais vitais ainda est\u00e3o preservados, ou seja, temos chance de fazer uma recupera\u00e7\u00e3o em V. Acredito que o Congresso nosso pode nos ajudar a surpreender o mundo sim.&#8221;<\/span><\/p>\n<p><span>Guedes, contudo, pediu a media\u00e7\u00e3o dos empres\u00e1rios no relacionamento com o parlamento. &#8220;N\u00f3s precisamos do apoio dos senhores, que sempre financiaram campanhas eleitorais, que t\u00eam acesso a todos os parlamentares, que t\u00eam intimidade com presidente da C\u00e2mara e presidente do Senado, os senhores t\u00eam acesso. Trabalhem esse acesso para nos apoiar&#8221;, declarou.<\/span><\/p>\n<p><br \/>\n<br \/><a href=\"https:\/\/exame.abril.com.br\/brasil\/em-reuniao-guedes-tambem-pediu-que-empresarios-ajam-contra-lockdown\/\">Fonte do artigo <\/a><br \/>\nTags:<br \/>\n#politica #political #negocios #business #marketingdigital #empreendedorismo #marketing #emprendedores #empreender #sucesso #empresas #emprendimiento #emprendedor #empreendedor #emprender #dinheiro #dinero #empresario #vendas #liderazgo #motivacion #foco #motivacao #negocio #brasil<\/p>\n","protected":false},"excerpt":{"rendered":"<p>Na mesma videoconfer\u00eancia em que o presidente da Rep\u00fablica, Jair Bolsonaro, pediu para empres\u00e1rios &#8220;jogarem pesado&#8221; com governador de S\u00e3o Paulo, Jo\u00e3o Doria (PSDB-SP), contra medidas de isolamento, o ministro da Economia, Paulo Guedes, cobrou do empresariado que conversem com os &#8220;outros Poderes&#8221; e n\u00e3o apenas o Executivo para a retomada da economia. O ministro [&hellip;]<\/p>\n","protected":false},"author":1,"featured_media":50201,"comment_status":"open","ping_status":"open","sticky":false,"template":"","format":"standard","meta":{"footnotes":""},"categories":[1],"tags":[],"class_list":["post-50200","post","type-post","status-publish","format-standard","has-post-thumbnail","hentry","category-curso-de-copy"],"_links":{"self":[{"href":"https:\/\/wiy.com.br\/noticias\/wp-json\/wp\/v2\/posts\/50200","targetHints":{"allow":["GET"]}}],"collection":[{"href":"https:\/\/wiy.com.br\/noticias\/wp-json\/wp\/v2\/posts"}],"about":[{"href":"https:\/\/wiy.com.br\/noticias\/wp-json\/wp\/v2\/types\/post"}],"author":[{"embeddable":true,"href":"https:\/\/wiy.com.br\/noticias\/wp-json\/wp\/v2\/users\/1"}],"replies":[{"embeddable":true,"href":"https:\/\/wiy.com.br\/noticias\/wp-json\/wp\/v2\/comments?post=50200"}],"version-history":[{"count":0,"href":"https:\/\/wiy.com.br\/noticias\/wp-json\/wp\/v2\/posts\/50200\/revisions"}],"wp:featuredmedia":[{"embeddable":true,"href":"https:\/\/wiy.com.br\/noticias\/wp-json\/wp\/v2\/media\/50201"}],"wp:attachment":[{"href":"https:\/\/wiy.com.br\/noticias\/wp-json\/wp\/v2\/media?parent=50200"}],"wp:term":[{"taxonomy":"category","embeddable":true,"href":"https:\/\/wiy.com.br\/noticias\/wp-json\/wp\/v2\/categories?post=50200"},{"taxonomy":"post_tag","embeddable":true,"href":"https:\/\/wiy.com.br\/noticias\/wp-json\/wp\/v2\/tags?post=50200"}],"curies":[{"name":"wp","href":"https:\/\/api.w.org\/{rel}","templated":true}]}}