{"id":50159,"date":"2023-02-26T15:29:02","date_gmt":"2023-02-26T18:29:02","guid":{"rendered":"https:\/\/wiy.com.br\/noticias\/com-restricao-a-onibus-app-de-caronas-ganha-323-mil-novos-usuarios\/"},"modified":"2020-05-14T11:15:10","modified_gmt":"2020-05-14T14:15:10","slug":"com-restricao-a-onibus-app-de-caronas-ganha-323-mil-novos-usuarios","status":"publish","type":"post","link":"https:\/\/wiy.com.br\/noticias\/com-restricao-a-onibus-app-de-caronas-ganha-323-mil-novos-usuarios\/","title":{"rendered":"Com restri\u00e7\u00e3o a \u00f4nibus, app de caronas ganha 323 mil novos usu\u00e1rios"},"content":{"rendered":"<p> <br \/>\n<\/p>\n<div id=\"post-3479648\">\n<figure class=\"featured-media media-open\"><img title = \"[Tags]\"data-src=\"https:\/\/abrilveja.files.wordpress.com\/2020\/05\/blablacar-divulgacao-2.jpg\" class=\"abril-image optimized lazyload\" abril-data-id=\"3479648\"  data- data-pin-nopin=\"false\"alt = \"blablacar-divulgacao-2 Com restri\u00e7\u00e3o a \u00f4nibus, app de caronas ganha 323 mil novos usu\u00e1rios\"\/><figcaption class=\"caption\">Tela do aplicativo de caronas compartilhadas BlaBlaCar.\u00a0Divulga\u00e7\u00e3o\/Divulga\u00e7\u00e3o<\/figcaption><\/figure>\n<section class=\"content\">\n<p>Apesar da conjuntura desfavor\u00e1vel no setor de viagens, a BlaBlaCar, l\u00edder global de caronas compartilhadas, registrou na sua plataforma a oferta de mais de 2,5 milh\u00f5es de caronas entre os dias 11 de mar\u00e7o e 9 de maio. No mesmo per\u00edodo, mais de 323 mil novos usu\u00e1rios se inscreveram para usar o aplicativo.<\/p>\n<p>Um dos principais motivos do sucesso da plataforma \u00e9 o compartilhamento de custos. Um condutor pode economizar at\u00e9 75% com uma viagem, ao passo que os passageiros economizam entre 30% e 50%. A BlaBlaCar possui mais de 5 milh\u00f5es de usu\u00e1rios no pa\u00eds e, desde o lan\u00e7amento da plataforma brasileira, em novembro de 2015, a empresa contabiliza a cria\u00e7\u00e3o de mais de 29 mil rotas para viagens intermunicipais.<\/p>\n<p>\u201cA BlaBlaCar tem visto um excelente n\u00edvel de atividade durante a crise, particularmente se levarmos em considera\u00e7\u00e3o todos os aspectos negativos que afetaram o mercado de transporte e de turismo. Temos muito orgulho de hoje sermos uma das principais solu\u00e7\u00f5es para a realiza\u00e7\u00e3o de viagens intermunicipais, especialmente para casos de extrema necessidade\u201d, explica Ricardo Leite, da BlaBlaCar.<\/p>\n<\/section><\/div>\n<p><br \/>\n<br \/><a href=\"https:\/\/veja.abril.com.br\/blog\/radar\/com-restricao-a-onibus-app-de-caronas-ganha-323-mil-novos-usuarios\/\">Fonte do Artigo<\/a><br \/>\nTags: <\/p>\n<p><a title=\"IBJE\" href=\"https:\/\/ibge.gov.br\/\">#IBJE<\/a> <a title=\"FGV\" href=\"https:\/\/portal.fgv.br\/\">#FGV<\/a> <a title=\"LOTOFACIL\" href=\"http:\/\/loterias.caixa.gov.br\/wps\/portal\/loterias\/landing\/lotofacil\/\">#LOTOFACIL<\/a> <a title=\"TINDER\" href=\"https:\/\/tinder.com\/?lang=pt-BR\">#TINDER<\/a> <a title=\"GMAILGOOGLE\" href=\"https:\/\/mail.google.com\">#GMAILGOOGLE<\/a> <a title=\"TIKTOK\" href=\"https:\/\/www.tiktok.com\/pt_BR\/\">#TIKTOK<\/a><\/p>\n","protected":false},"excerpt":{"rendered":"<p>Tela do aplicativo de caronas compartilhadas BlaBlaCar.\u00a0Divulga\u00e7\u00e3o\/Divulga\u00e7\u00e3o Apesar da conjuntura desfavor\u00e1vel no setor de viagens, a BlaBlaCar, l\u00edder global de caronas compartilhadas, registrou na sua plataforma a oferta de mais de 2,5 milh\u00f5es de caronas entre os dias 11 de mar\u00e7o e 9 de maio. No mesmo per\u00edodo, mais de 323 mil novos usu\u00e1rios se [&hellip;]<\/p>\n","protected":false},"author":1,"featured_media":50160,"comment_status":"open","ping_status":"open","sticky":false,"template":"","format":"standard","meta":{"footnotes":""},"categories":[7],"tags":[],"class_list":["post-50159","post","type-post","status-publish","format-standard","has-post-thumbnail","hentry","category-economia"],"_links":{"self":[{"href":"https:\/\/wiy.com.br\/noticias\/wp-json\/wp\/v2\/posts\/50159","targetHints":{"allow":["GET"]}}],"collection":[{"href":"https:\/\/wiy.com.br\/noticias\/wp-json\/wp\/v2\/posts"}],"about":[{"href":"https:\/\/wiy.com.br\/noticias\/wp-json\/wp\/v2\/types\/post"}],"author":[{"embeddable":true,"href":"https:\/\/wiy.com.br\/noticias\/wp-json\/wp\/v2\/users\/1"}],"replies":[{"embeddable":true,"href":"https:\/\/wiy.com.br\/noticias\/wp-json\/wp\/v2\/comments?post=50159"}],"version-history":[{"count":0,"href":"https:\/\/wiy.com.br\/noticias\/wp-json\/wp\/v2\/posts\/50159\/revisions"}],"wp:featuredmedia":[{"embeddable":true,"href":"https:\/\/wiy.com.br\/noticias\/wp-json\/wp\/v2\/media\/50160"}],"wp:attachment":[{"href":"https:\/\/wiy.com.br\/noticias\/wp-json\/wp\/v2\/media?parent=50159"}],"wp:term":[{"taxonomy":"category","embeddable":true,"href":"https:\/\/wiy.com.br\/noticias\/wp-json\/wp\/v2\/categories?post=50159"},{"taxonomy":"post_tag","embeddable":true,"href":"https:\/\/wiy.com.br\/noticias\/wp-json\/wp\/v2\/tags?post=50159"}],"curies":[{"name":"wp","href":"https:\/\/api.w.org\/{rel}","templated":true}]}}