{"id":50157,"date":"2023-02-26T15:42:07","date_gmt":"2023-02-26T18:42:07","guid":{"rendered":"https:\/\/wiy.com.br\/noticias\/coronavirus-comportamento-do-consumidor-pode-mudar-para-sempre\/"},"modified":"2020-05-14T11:09:18","modified_gmt":"2020-05-14T14:09:18","slug":"coronavirus-comportamento-do-consumidor-pode-mudar-para-sempre","status":"publish","type":"post","link":"https:\/\/wiy.com.br\/noticias\/coronavirus-comportamento-do-consumidor-pode-mudar-para-sempre\/","title":{"rendered":"Coronav\u00edrus: comportamento do consumidor pode mudar para sempre"},"content":{"rendered":"<p> <br \/>\n<\/p>\n<div id=\"\">\n<div class=\"featured-image\">\n<div class=\"image\">\n\t\t\t\t\t\t\t\t<img title = \"[Tags]\"data-src=\"https:\/\/abrilexame.files.wordpress.com\/2020\/05\/ey-kristina-rogers-meta.jpg\" class=\"abril-image optimized lazyload\" abril-data-id=\"3848254\"  data- data-pin-nopin=\"false\"alt = \"ey-kristina-rogers-meta Coronav\u00edrus: comportamento do consumidor pode mudar para sempre\"\/><\/div>\n<p class=\"caption\">Kristina Rogers, l\u00edder global de consumo na consultoria EY\u00a0(\/\/Divulga\u00e7\u00e3o)\t\t\t\t\t\t\t<\/p>\n<\/p><\/div>\n<p>&#13;<\/p>\n<p>A pandemia do novo <a href=\"https:\/\/exame.abril.com.br\/noticias-sobre\/coronavirus\/\"><strong>coronav\u00edrus<\/strong> <\/a>mudou os h\u00e1bitos das pessoas ao redor do mundo e, consequentemente, suas pr\u00e1ticas de consumo.<\/p>\n<p>Mesmo com a reabertura dos neg\u00f3cios e dos pa\u00edses, \u00e9 dif\u00edcil prever uma retomada do <a href=\"https:\/\/exame.abril.com.br\/noticias-sobre\/consumo\/\"><strong>consumo<\/strong> <\/a>do mesmo modo como ocorria pr\u00e9-pandemia. O desemprego, o distanciamento social e o aumento das compras online s\u00e3o alguns dos aspectos que ressaltam o debate, como mostra a \u00faltima reportagem de capa de Exame.<\/p>\n<aside\/>\n<p>Para Kristina Rogers, l\u00edder global de consumo da consultoria EY, a mudan\u00e7a da economia precisa ser acompanhada ao longo dos pr\u00f3ximos meses para definir quais comportamentos do consumidor podem mudar para sempre e ser de fato duradouros. Sobre as tend\u00eancias ela falou com exclusividade \u00e0 Exame.<\/p>\n<p><strong>Quais tend\u00eancias de consumo j\u00e1 s\u00e3o observadas?\u00a0<\/strong><\/p>\n<p>A pandemia acelerou as tend\u00eancias de consumo. As pessoas t\u00eam buscado mais produtos locais e se acostumado a <a href=\"https:\/\/exame.abril.com.br\/noticias-sobre\/comercio-eletronico\/\"><strong>comprar online<\/strong><\/a>. A rela\u00e7\u00e3o ficou mais virtual de modo em geral, at\u00e9 mesmo se pensarmos nas reuni\u00f5es e no home office, por exemplo.<\/p>\n<p>Muitas pessoas est\u00e3o comprando online pela primeira vez, e parte delas n\u00e3o far\u00e1 quest\u00e3o de voltar aos shoppings para comprar alguns itens. Os e-commerces e deliverys t\u00eam crescido e assim devem continuar.<\/p>\n<p><strong>Quais s\u00e3o as principais mudan\u00e7as nas compras do consumidor?\u00a0<\/strong><\/p>\n<p>Temos acompanhado grandes mudan\u00e7as, mas a quest\u00e3o \u00e9 quais dessas v\u00e3o se manter num per\u00edodo de \u201cnovo normal\u201d ou p\u00f3s-pandemia. Do que observamos, os consumidores est\u00e3o gastando menos e n\u00e3o se incomodam de n\u00e3o comprar agora, por exemplo, roupas e cosm\u00e9ticos.<\/p>\n<p>Em breve, precisamos entender tamb\u00e9m como fica a vida fora de casa, com h\u00e1bitos como a utiliza\u00e7\u00e3o de ve\u00edculos e a ida aos restaurantes.<\/p>\n<p><strong>Como a recess\u00e3o econ\u00f4mica influencia na altera\u00e7\u00e3o dos padr\u00f5es de consumo?\u00a0<\/strong><\/p>\n<p>Apenas 9% dos entrevistados na primeira fase da pesquisa de futuro do consumo afirmam que ir\u00e3o gastar mais. Outros pretendem manter o padr\u00e3o ou gastar menos. As pessoas est\u00e3o com medo do \u2014 ou sofrendo com \u2014 desemprego e a crise econ\u00f4mica em seus pa\u00edses.<\/p>\n<p>Em nossa pesquisa, <span>um quarto dos entrevistados diz que presta mais aten\u00e7\u00e3o no que consome e o impacto que isso tem. E, para elas, perceber o quanto foi economizado durante a pandemia ao priorizar apenas a compra de itens essenciais pode refletir drasticamente nas ind\u00fastrias.<\/span><span\/><\/p>\n<p><strong>Muitas empresas continuam anunciando seus produtos, atrelados ao pr\u00f3posito da marca neste per\u00edodo. Qual impacto isto pode gerar?\u00a0<\/strong><\/p>\n<p>Na <strong><a href=\"https:\/\/exame.abril.com.br\/revista-exame\/um-plano-para-o-recomeco\/\">pesquisa<\/a><\/strong>, <span>62% dizem que teriam mais chances de comprar de empresas que acham que est\u00e3o fazendo o bem para a sociedade. Mas, sabemos tamb\u00e9m que o pre\u00e7o ainda \u00e9 um fator determinante na escolha do produto, ainda mais em um per\u00edodo de crise. De todo modo, \u00e9 prov\u00e1vel, que essas marcas tenham vantagens na hora da tomada de decis\u00e3o.\u00a0<\/span><\/p>\n<p>\t\t\t\t\t\t<!-- adiciona categoria materia -->&#13;<br \/>\n\t\t\t\t\t\t\t\t\t\t\t\t<!-- adiciona categoria materia -->&#13;\n\t\t\t\t\t\t\t\t\t\t\t\t\t\t\t\t\t\t\t\t\t\t\t\t\t\t\t\t\t\t\t\t\t\t\t\t\t\t\t\t\t\t\t\t\t\t\t\t\t\t\t\t\t\t\t\t\t\t\t\t\t\t\t\t\t\t\t\t\t\t\t\t\t\t\t\t\t\t\t\t\t\t\t\t\t\t\t\t\t\t\t\t\t\t\t\t\t\t\t\t\t\t\t\t\t\t\t\t\t\t\t\t\t\t\t\t\t\t\t\t\t\t\t\t\t<\/div>\n<p><br \/>\n<br \/><a href=\"https:\/\/exame.abril.com.br\/marketing\/coronavirus-comportamento-do-consumidor-pode-mudar-para-sempre\/\">Fonte do Artigo <\/a><br \/>\nTags:<br \/>\n#ecommerce #ecommercebrasil #ecommercedemoda #ecommercewebsite #ecommercebusiness #ecommerceindonesia #ecommercephotography #ecommercetips #ecommercemoda #ecommerceday #ecommercestore #ecommercemarketing #ecommercelife #ecommerceplatform #ecommercedesign #ecommercedevelopment #ecommerceservices #ecommercesolution #ecommercesite #ecommerceproduct #ecommercewebsitedesign #ecommerceitalia #ecommercefashion #ecommercesoftwaredevelopment #ecommerceappdesignanddevelopment #EcommercEntrepChinay #ecommercedubai #EcommerceThailand #ecommercetraining #ecommerces<\/p>\n","protected":false},"excerpt":{"rendered":"<p>Kristina Rogers, l\u00edder global de consumo na consultoria EY\u00a0(\/\/Divulga\u00e7\u00e3o) &#13; A pandemia do novo coronav\u00edrus mudou os h\u00e1bitos das pessoas ao redor do mundo e, consequentemente, suas pr\u00e1ticas de consumo. Mesmo com a reabertura dos neg\u00f3cios e dos pa\u00edses, \u00e9 dif\u00edcil prever uma retomada do consumo do mesmo modo como ocorria pr\u00e9-pandemia. O desemprego, o [&hellip;]<\/p>\n","protected":false},"author":1,"featured_media":50158,"comment_status":"open","ping_status":"open","sticky":false,"template":"","format":"standard","meta":{"footnotes":""},"categories":[436],"tags":[],"class_list":["post-50157","post","type-post","status-publish","format-standard","has-post-thumbnail","hentry","category-comercio-on-line"],"_links":{"self":[{"href":"https:\/\/wiy.com.br\/noticias\/wp-json\/wp\/v2\/posts\/50157","targetHints":{"allow":["GET"]}}],"collection":[{"href":"https:\/\/wiy.com.br\/noticias\/wp-json\/wp\/v2\/posts"}],"about":[{"href":"https:\/\/wiy.com.br\/noticias\/wp-json\/wp\/v2\/types\/post"}],"author":[{"embeddable":true,"href":"https:\/\/wiy.com.br\/noticias\/wp-json\/wp\/v2\/users\/1"}],"replies":[{"embeddable":true,"href":"https:\/\/wiy.com.br\/noticias\/wp-json\/wp\/v2\/comments?post=50157"}],"version-history":[{"count":0,"href":"https:\/\/wiy.com.br\/noticias\/wp-json\/wp\/v2\/posts\/50157\/revisions"}],"wp:featuredmedia":[{"embeddable":true,"href":"https:\/\/wiy.com.br\/noticias\/wp-json\/wp\/v2\/media\/50158"}],"wp:attachment":[{"href":"https:\/\/wiy.com.br\/noticias\/wp-json\/wp\/v2\/media?parent=50157"}],"wp:term":[{"taxonomy":"category","embeddable":true,"href":"https:\/\/wiy.com.br\/noticias\/wp-json\/wp\/v2\/categories?post=50157"},{"taxonomy":"post_tag","embeddable":true,"href":"https:\/\/wiy.com.br\/noticias\/wp-json\/wp\/v2\/tags?post=50157"}],"curies":[{"name":"wp","href":"https:\/\/api.w.org\/{rel}","templated":true}]}}