{"id":50107,"date":"2023-02-26T15:35:08","date_gmt":"2023-02-26T18:35:08","guid":{"rendered":"https:\/\/wiy.com.br\/noticias\/mascara-sera-obrigatoria-na-uber-e-motoristas-terao-que-enviar-foto\/"},"modified":"2020-05-13T17:40:07","modified_gmt":"2020-05-13T20:40:07","slug":"mascara-sera-obrigatoria-na-uber-e-motoristas-terao-que-enviar-foto","status":"publish","type":"post","link":"https:\/\/wiy.com.br\/noticias\/mascara-sera-obrigatoria-na-uber-e-motoristas-terao-que-enviar-foto\/","title":{"rendered":"Mascar\u00e1 ser\u00e1 obrigat\u00f3ria na Uber \u2014 e motoristas ter\u00e3o que enviar foto"},"content":{"rendered":"<p> <br \/>\n<\/p>\n<p>A empresa de transporte por aplicativo <a href=\"https:\/\/exame.abril.com.br\/negocios\/uber-oferece-ajuda-medica-e-financeira-para-motoristas-parceiros-no-brasil\/\"><strong>Uber<\/strong><\/a> anunciou que passar\u00e1 a fazer um teste eletr\u00f4nico antes das viagens para verificar se motoristas est\u00e3o usando <strong>m\u00e1scaras<\/strong>. A nova funcionalidade passa a valer na pr\u00f3xima segunda-feira, 18.<\/p>\n<p>As m\u00e1scaras tamb\u00e9m passar\u00e3o a ser obrigat\u00f3rias para motoristas e passageiros. A medida foi estabelecida diante da pandemia do novo <a href=\"https:\/\/exame.abril.com.br\/noticias-sobre\/coronavirus\/\"><strong>coronav\u00edrus<\/strong><\/a>, com cidades come\u00e7ando a reabrir em todo o mundo ap\u00f3s per\u00edodos de <strong>quarentena<\/strong> restrita.<\/p>\n<p>O an\u00fancio foi feito em uma coletiva de imprensa internacional na tarde desta quarta-feira, 13. Segundo os executivos da empresa, testes das novas medidas de seguran\u00e7a v\u00eam sendo feitos nos \u00faltimos dois meses.<\/p>\n<p>Os motoristas precisar\u00e3o tirar uma foto com a m\u00e1scara antes de come\u00e7ar o dia de trabalho e aceitar viagens. Caso n\u00e3o estejam usando a prote\u00e7\u00e3o, o sistema os bloqueia automaticamente at\u00e9 que a m\u00e1scara seja reconhecida na imagem. O processo dura segundos, de acordo com demonstra\u00e7\u00e3o feita pela empresa.<\/p>\n<p>Pelo lado dos passageiros, n\u00e3o haver\u00e1 um teste de imagem que comprove o uso das m\u00e1scaras. Uma mensagem lembrando a obrigatoriedade ser\u00e1 exibida antes de cada viagem.<\/p>\n<p>Sanchin Kansal, diretor de produtos da Uber e respons\u00e1vel pelas novas funcionalidades, disse que uma verifica\u00e7\u00e3o autom\u00e1tica como a dos motoristas n\u00e3o estar\u00e1 dispon\u00edvel para os passageiros porque, a princ\u00edpio, a tecnologia j\u00e1 existente no app dos motoristas possibilitou \u00e0 Uber desenvolver mais rapidamente a ferramenta para os condutores.<\/p>\n<p>&#8220;Quer\u00edamos lan\u00e7ar o mais r\u00e1pido poss\u00edvel e essa \u00e9 uma das raz\u00f5es [para ser primeiro para os motoristas]&#8221;, disse o executivo.\u00a0Sobre implementar algo parecido para os usu\u00e1rios, Kansal disse que &#8220;com certeza \u00e9 algo que estamos olhando&#8221;.<\/p>\n<p>Ao concordar com os termos de uso, os motoristas tamb\u00e9m precisam marcar op\u00e7\u00f5es na tela garantindo que limparam o carro de acordo com as recomenda\u00e7\u00f5es, que n\u00e3o est\u00e3o doentes e que est\u00e3o lavando as m\u00e3os com frequ\u00eancia.<\/p>\n<p>No UberX, modalidade mais barata de corrida individual, passam a ser aceitos somente tr\u00eas passageiros por viagem &#8212; a recomenda\u00e7\u00e3o \u00e9 que o banco da frente n\u00e3o seja usado. O Uber Juntos, que permite compartilhamento de viagens, seguir\u00e1 desativado.<\/p>\n<p>&#8220;A partir de segunda-feira, na pr\u00f3xima vez que voc\u00eas abrirem o aplicativo, as coisas v\u00e3o parecer um pouco diferentes&#8221;, disse o presidente Dara Khosrowshahi, presente na coletiva sobre as novas funcionalidades. Khosrowshahi disse que &#8220;muitos conseguem lembrar da primeira viagem de Uber&#8221; que fizeram, e que, com as novas ferramentas, os usu\u00e1rios talvez se sintam em &#8220;uma segunda primeira viagem&#8221;.<\/p>\n<p>A obrigatoriedade no uso de m\u00e1scaras inclui tamb\u00e9m entregadores do Uber Eats, bra\u00e7o de entrega de refei\u00e7\u00f5es. A Uber diz tamb\u00e9m que refor\u00e7ou as recomenda\u00e7\u00f5es de higiene junto aos restaurantes parceiros.<\/p>\n<aside>\n<div class=\"widget-news widget-box no-margin no-border\"><span class=\"widget-news-title content-box-title\">Veja tamb\u00e9m<\/span><\/p>\n<ul class=\"widget-news-list\">\n<li class=\"widget-news-item without-thumb with-border\">\n<div class=\"widget-news-info\"><a href=\"http:\/\/exame.abril.com.br\/negocios\">NEG\u00d3CIOS<\/a><span class=\"widget-news-item-title\"><a href=\"https:\/\/exame.abril.com.br\/negocios\/uber-a-la-rappi-empresa-lanca-servico-para-motoristas-entregarem-itens\/\">Uber &#8220;\u00e0 la Rappi&#8221;: empresa lan\u00e7a servi\u00e7o para motoristas entregarem itens<\/a><\/span><span class=\"widget-news-item-date\">11 maio 2020 &#8211; 13h05<\/span><\/div>\n<\/li>\n<\/ul>\n<\/div>\n<\/aside>\n<p>A empresa vem enfrentando o desafio da redu\u00e7\u00e3o na demanda por viagens em meio ao coronav\u00edrus. A Uber demitiu neste m\u00eas 3.700 funcion\u00e1rios diante da crise.\u00a0Parte dos impactos na opera\u00e7\u00e3o veio j\u00e1 nos n\u00fameros do primeiro trimestre, quando a empresa <a href=\"https:\/\/exame.abril.com.br\/negocios\/uber-registra-prejuizo-de-29-bilhoes-de-dolares-no-primeiro-trimestre\/\">reportou preju\u00edzo de 2,9 bilh\u00f5es de d\u00f3lares<\/a>. A \u00e1rea de transporte por aplicativo teve queda de 18% na receita. O faturamento geral subiu 14% entre janeiro e mar\u00e7o, mas impulsionado sobretudo pelo Uber Eats.<\/p>\n<p>Em meio \u00e0 queda na demanda por viagens, a Uber tamb\u00e9m anunciou nesta semana no Brasil uma <a href=\"https:\/\/exame.abril.com.br\/negocios\/uber-a-la-rappi-empresa-lanca-servico-para-motoristas-entregarem-itens\/\">modalidade de entrega de itens pessoais<\/a>, batizada de <strong>Uber Flash<\/strong>. Motoristas, em vez de transportar somente passageiros, poder\u00e3o aceitar corridas de entregas de objetos. Modelo semelhante j\u00e1 havia sido anunciado pela concorrente espanhola Cabify no Brasil.<\/p>\n<figure><img title = \"[Tags]\"alt = \"uber-mascara Mascar\u00e1 ser\u00e1 obrigat\u00f3ria na Uber \u2014 e motoristas ter\u00e3o que enviar foto\"decoding=\"async\" src=\"https:\/\/abrilexame.files.wordpress.com\/2020\/05\/uber-mascara.jpg\" \/><figcaption>Sede da Uber: &#8220;A partir de segunda-feira, na pr\u00f3xima vez que voc\u00eas abrirem o aplicativo, as coisas v\u00e3o parecer um pouco diferentes&#8221;, disse o presidente Dara Khosrowshahi<span class=\"copyright\">David Paul Morris\/Bloomberg\/Getty Images<\/span><\/figcaption><\/figure>\n<h3>Reclama\u00e7\u00f5es ativadas<\/h3>\n<p>Outras ferramentas foram inclu\u00eddas na plataforma da Uber e tamb\u00e9m estar\u00e3o dispon\u00edveis na semana que vem. Como tanto motoristas quanto usu\u00e1rios s\u00e3o obrigados a usar m\u00e1scaras, as duas partes passam a ter op\u00e7\u00f5es no aplicativo para reclamar caso algu\u00e9m n\u00e3o esteja usando a prote\u00e7\u00e3o.<\/p>\n<p>Os motoristas podem se recusar, por meio de um cancelamento justificado, a levar usu\u00e1rios sem m\u00e1scaras. Usu\u00e1rios ou motoristas que receberem reclama\u00e7\u00f5es por n\u00e3o usarem a prote\u00e7\u00e3o tamb\u00e9m receber\u00e3o mensagem da Uber, segundo a empresa. No limite, usu\u00e1rios que receberem muitas reclama\u00e7\u00f5es por falta de uso de m\u00e1scara ou por tirarem a prote\u00e7\u00e3o durante a viagem podem ser expulsos da plataforma.<\/p>\n<p>Para os motoristas, a Uber afirmou que est\u00e1 fazendo um esfor\u00e7o global para distribuir m\u00e1scaras e \u00e1lcool em gel, para uso pr\u00f3prio e para oferecimento aos passageiros. Foram 50 milh\u00f5es de d\u00f3lares investidos na compra de mais de 20 milh\u00f5es de m\u00e1scaras e outros itens de prote\u00e7\u00e3o que est\u00e3o sendo distribu\u00eddos. A empresa anunciou tamb\u00e9m que far\u00e1 parceria com a gigante global de bens de consumo Unilever e outras empresas para comprar os itens de limpeza e prote\u00e7\u00e3o.<\/p>\n<p>As novas op\u00e7\u00f5es do aplicativo v\u00e3o incluir v\u00eddeos sobre o uso correto de m\u00e1scara e limpeza do carro para os motoristas, que a Uber desenvolveu com base em parceria com a Organiza\u00e7\u00e3o Mundial da Sa\u00fade e o Centro de Controle e Preven\u00e7\u00e3o de Doen\u00e7as dos Estados Unidos.<\/p>\n<h3>Valendo para o Brasil<\/h3>\n<p>Questionada pela <strong>EXAME <\/strong>sobre o caso espec\u00edfico do Brasil, a empresa confirmou que as medidas anunciadas internacionalmente passam a valer tamb\u00e9m para a opera\u00e7\u00e3o no pa\u00eds &#8212; <a href=\"https:\/\/exame.abril.com.br\/negocios\/os-numeros-secretos-da-uber-us-1-bi-no-brasil-us-11-bi-no-mundo\/\">segundo informa\u00e7\u00f5es divulgadas em 2019<\/a>, o Brasil era at\u00e9 ent\u00e3o o segundo maior mercado da empresa no mundo, atr\u00e1s dos Estados Unidos. A Uber tem mais de 600.000 motoristas no Brasil e 22 milh\u00f5es de usu\u00e1rios em mais de 100 cidades.<\/p>\n<p>As novas medidas valem tamb\u00e9m para pa\u00edses como Estados Unidos, Canad\u00e1, parte da Europa e outros mercados.<\/p>\n<aside>\n<div class=\"widget-news widget-box no-margin no-border\"><span class=\"widget-news-title content-box-title\">Veja tamb\u00e9m<\/span><\/p>\n<ul class=\"widget-news-list\">\n<li class=\"widget-news-item without-thumb with-border\">\n<div class=\"widget-news-info\"><a href=\"http:\/\/exame.abril.com.br\/negocios\">NEG\u00d3CIOS<\/a><span class=\"widget-news-item-title\"><a href=\"https:\/\/exame.abril.com.br\/negocios\/apps-nao-ficam-fora-do-rodizio-em-sp-caiu-como-uma-bomba-diz-motorista\/\">Rod\u00edzio em S\u00e3o Paulo &#8220;caiu como uma bomba&#8221; para apps, diz motorista<\/a><\/span><span class=\"widget-news-item-date\">8 maio 2020 &#8211; 15h05<\/span><\/div>\n<\/li>\n<\/ul>\n<\/div>\n<\/aside>\n<p>&#8220;O que voc\u00eas viram hoje foi a gente se preparando para um novo normal&#8221;, disse Kansal. &#8220;\u00c0 medida que as pessoas come\u00e7arem a ir ao trabalho, elas ter\u00e3o expectativas muito mais altas para n\u00f3s e para outros provedores de servi\u00e7os.&#8221;<\/p>\n<p>O executivo afirmou que, com as medidas, a Uber n\u00e3o est\u00e1 encorajando as pessoas a sa\u00edrem e que incluiu mensagens antes das corridas para refor\u00e7ar que os usu\u00e1rios s\u00f3 devem sair de casa se necess\u00e1rio. &#8220;De forma alguma isso [as novas funcionalidades] significa que estamos encorajando as pessoas a sa\u00edrem. E quando elas estiverem prontas para isso, queremos estar prontos para elas&#8221;, disse Kansal.<\/p>\n<p>#noticias #economia #sustentabilidade #dinheiro #economia<br \/>\n<br \/><br \/>\n<br \/><a href=\"https:\/\/exame.abril.com.br\/negocios\/uber-tera-ferramenta-para-verificar-se-motoristas-estao-usando-mascaras\/\">Fonte do Artigo <\/a><br \/>\nTags:<\/p>\n<p><a href=\"https:\/\/wiy.com.br\/noticias\/categoria\/curso-de-copy\/\">#noticias<\/a> <a href=\"https:\/\/wiy.com.br\/noticias\/categoria\/curso-de-copy\/\">#economia<\/a> <a href=\"https:\/\/wiy.com.br\/noticias\/categoria\/curso-de-copy\/\">#sustentabilidade<\/a> <a href=\"https:\/\/wiy.com.br\/noticias\/categoria\/curso-de-copy\/\">#dinheiro<\/a> <a href=\"https:\/\/wiy.com.br\/noticias\/categoria\/curso-de-copy\/\">#economia<\/a> <a href=\"https:\/\/wiy.com.br\/noticias\/categoria\/curso-de-copy\/\">#energialimpa<\/a> <a href=\"https:\/\/wiy.com.br\/noticias\/categoria\/curso-de-copy\/\">#brasil<\/a> <a href=\"https:\/\/wiy.com.br\/noticias\/categoria\/curso-de-copy\/\">#cursodecopy<\/a> <a href=\"https:\/\/wiy.com.br\/noticias\/categoria\/curso-de-copy\/\">#meioambiente<\/a> <a href=\"https:\/\/wiy.com.br\/noticias\/categoria\/curso-de-copy\/\">#hotmart<\/a> <a href=\"https:\/\/wiy.com.br\/noticias\/categoria\/curso-de-copy\/\">#empreendedorismo<\/a> <a href=\"https:\/\/wiy.com.br\/noticias\/categoria\/curso-de-copy\/\">#marketingdigital<\/a> <a href=\"https:\/\/wiy.com.br\/noticias\/categoria\/curso-de-copy\/\">#marketing digital<\/a> <a href=\"https:\/\/wiy.com.br\/noticias\/categoria\/curso-de-copy\/\">#politica<\/a> <a href=\"https:\/\/wiy.com.br\/noticias\/categoria\/curso-de-copy\/\">#energiasolarfotovoltaica<\/a> <a href=\"https:\/\/wiy.com.br\/noticias\/categoria\/curso-de-copy\/\">#textos que vendem<\/a> <a href=\"https:\/\/wiy.com.br\/noticias\/categoria\/curso-de-copy\/\">#copy de vendas<\/a> <a href=\"https:\/\/wiy.com.br\/noticias\/categoria\/curso-de-copy\/\">#sucesso<\/a> <a href=\"https:\/\/wiy.com.br\/noticias\/categoria\/curso-de-copy\/\">#financas<\/a> <a href=\"https:\/\/wiy.com.br\/noticias\/categoria\/curso-de-copy\/\">#investimentos<\/a> <a href=\"https:\/\/wiy.com.br\/noticias\/categoria\/curso-de-copy\/\">#criptomoeda<\/a> <a href=\"https:\/\/wiy.com.br\/noticias\/categoria\/curso-de-copy\/\">#ead<\/a> <a href=\"https:\/\/wiy.com.br\/noticias\/categoria\/curso-de-copy\/\">#copy download<\/a> <a href=\"https:\/\/wiy.com.br\/noticias\/categoria\/curso-de-copy\/\">#cursodecopypdf<\/a> <a href=\"https:\/\/wiy.com.br\/noticias\/categoria\/curso-de-copy\/\">#primeiravenda<\/a> <a href=\"https:\/\/wiy.com.br\/noticias\/categoria\/curso-de-copy\/\">#noticias24<\/a> <a href=\"https:\/\/curso-de-copy.wordseo.com.br\/\">#curso de copy<\/a> <a href=\"https:\/\/curso-de-copy.wordseo.com.br\/\">#curso para afiliados<\/a> <a href=\"https:\/\/curso-de-copy.wordseo.com.br\/\">#curso de copy online<\/a><\/p>\n","protected":false},"excerpt":{"rendered":"<p>A empresa de transporte por aplicativo Uber anunciou que passar\u00e1 a fazer um teste eletr\u00f4nico antes das viagens para verificar se motoristas est\u00e3o usando m\u00e1scaras. A nova funcionalidade passa a valer na pr\u00f3xima segunda-feira, 18. As m\u00e1scaras tamb\u00e9m passar\u00e3o a ser obrigat\u00f3rias para motoristas e passageiros. A medida foi estabelecida diante da pandemia do novo [&hellip;]<\/p>\n","protected":false},"author":1,"featured_media":50108,"comment_status":"open","ping_status":"open","sticky":false,"template":"","format":"standard","meta":{"footnotes":""},"categories":[1,339],"tags":[],"class_list":["post-50107","post","type-post","status-publish","format-standard","has-post-thumbnail","hentry","category-curso-de-copy","category-negocios"],"_links":{"self":[{"href":"https:\/\/wiy.com.br\/noticias\/wp-json\/wp\/v2\/posts\/50107","targetHints":{"allow":["GET"]}}],"collection":[{"href":"https:\/\/wiy.com.br\/noticias\/wp-json\/wp\/v2\/posts"}],"about":[{"href":"https:\/\/wiy.com.br\/noticias\/wp-json\/wp\/v2\/types\/post"}],"author":[{"embeddable":true,"href":"https:\/\/wiy.com.br\/noticias\/wp-json\/wp\/v2\/users\/1"}],"replies":[{"embeddable":true,"href":"https:\/\/wiy.com.br\/noticias\/wp-json\/wp\/v2\/comments?post=50107"}],"version-history":[{"count":0,"href":"https:\/\/wiy.com.br\/noticias\/wp-json\/wp\/v2\/posts\/50107\/revisions"}],"wp:featuredmedia":[{"embeddable":true,"href":"https:\/\/wiy.com.br\/noticias\/wp-json\/wp\/v2\/media\/50108"}],"wp:attachment":[{"href":"https:\/\/wiy.com.br\/noticias\/wp-json\/wp\/v2\/media?parent=50107"}],"wp:term":[{"taxonomy":"category","embeddable":true,"href":"https:\/\/wiy.com.br\/noticias\/wp-json\/wp\/v2\/categories?post=50107"},{"taxonomy":"post_tag","embeddable":true,"href":"https:\/\/wiy.com.br\/noticias\/wp-json\/wp\/v2\/tags?post=50107"}],"curies":[{"name":"wp","href":"https:\/\/api.w.org\/{rel}","templated":true}]}}