{"id":49626,"date":"2023-02-26T15:42:51","date_gmt":"2023-02-26T18:42:51","guid":{"rendered":"https:\/\/wiy.com.br\/noticias\/nao-ha-solucao-para-a-crise-fora-da-democracia-diz-toffoli\/"},"modified":"2020-05-06T21:34:41","modified_gmt":"2020-05-07T00:34:41","slug":"nao-ha-solucao-para-a-crise-fora-da-democracia-diz-toffoli","status":"publish","type":"post","link":"https:\/\/wiy.com.br\/noticias\/nao-ha-solucao-para-a-crise-fora-da-democracia-diz-toffoli\/","title":{"rendered":"\u201cN\u00e3o h\u00e1 solu\u00e7\u00e3o para a crise fora da democracia\u201d, diz Toffoli"},"content":{"rendered":"<p> <br \/>\n<\/p>\n<p>O presidente do <strong><a href=\"https:\/\/exame.abril.com.br\/noticias-sobre\/stf\">Supremo Tribunal Federal<\/a><\/strong> (STF), ministro <strong><a href=\"https:\/\/exame.abril.com.br\/noticias-sobre\/jose-antonio-dias-toffoli\/\">Dias Toffoli<\/a><\/strong>, fez discurso no in\u00edcio da sess\u00e3o plen\u00e1ria desta quarta-feira em rep\u00fadio aos <a href=\"https:\/\/exame.abril.com.br\/brasil\/milhares-participam-de-carreata-pro-bolsonaro-na-esplanada-dos-ministerios\/\">ataques \u00e0 Corte<\/a> e \u00e0s <a href=\"https:\/\/exame.abril.com.br\/brasil\/jornalistas-sao-agredidos-com-chutes-e-murros-por-apoiadores-de-bolsonaro\/\">agress\u00f5es a profissionais de imprensa<\/a> ocorridos no \u00faltimo domingo, em um protesto na frente do Pal\u00e1cio do Planalto. Os manifestantes clamaram pelo fechamento do Supremo e agrediram rep\u00f3rteres e fot\u00f3grafos que trabalhavam no local. A manifesta\u00e7\u00e3o teve o <a href=\"https:\/\/exame.abril.com.br\/brasil\/bolsonaro-diz-que-tem-apoio-das-forcas-armadas-e-que-chegou-no-limite\/\">apoio do presidente Jair Bolsonaro<\/a>.<\/p>\n<p>No discurso, Toffoli pregou que todas as institui\u00e7\u00f5es atuem nos \u201climites da Constitui\u00e7\u00e3o e em respeito \u00e0 democracia.<\/p>\n<p>&#8211; N\u00e3o h\u00e1 solu\u00e7\u00e3o para as crises fora da legalidade constitucional e da democracia, ambas salvaguardadas pelo Supremo Tribunal Federal. Todos os Poderes da Rep\u00fablica e todas as institui\u00e7\u00f5es do Estado brasileiro devem atuar dentro dos limites da Constitui\u00e7\u00e3o de 1988 e das leis do pa\u00eds e com total respeito aos valores democr\u00e1ticos &#8211;\u00a0 declarou.<\/p>\n<p>Bolsonaro criticou a decis\u00e3o de Alexandre de Moraes, que <a href=\"https:\/\/exame.abril.com.br\/brasil\/alexandre-de-moraes-suspende-nomeacao-de-ramagem-na-pf\/\">suspendeu a posse de Alexandre Ramagem<\/a> no comando da Pol\u00edcia Federal. Para o ministro, h\u00e1 ind\u00edcio de \u201cdesvio de finalidade\u201d na escolha de Bolsonaro. No domingo, manifestantes fizeram um protesto na porta da casa de Moraes, em S\u00e3o Paulo.<\/p>\n<p>&#8211;\u00a0 Recordo que as irresigna\u00e7\u00f5es contra decis\u00f5es deste Supremo Tribunal Federal se d\u00e3o por meio dos recursos cab\u00edveis, jamais por meio de agress\u00f5es ou de amea\u00e7as a esta institui\u00e7\u00e3o centen\u00e1ria ou a qualquer de seus ministros. O Supremo Tribunal Federal \u00e9 o guardi\u00e3o m\u00e1ximo da Constitui\u00e7\u00e3o Federal e das leis. \u00c9 a \u00faltima trincheira da defesa dos direitos fundamentais e dos direitos humanos em nosso pa\u00eds &#8211;\u00a0 afirmou Toffoli.<\/p>\n<div class=\"widget-news widget-box no-margin no-border\"><span class=\"widget-news-title content-box-title\">Veja tamb\u00e9m<\/span><\/p>\n<ul class=\"widget-news-list\">\n<li class=\"widget-news-item without-thumb with-border\">\n<div class=\"widget-news-info\"><a href=\"http:\/\/exame.abril.com.br\/brasil\">Brasil<\/a><span class=\"widget-news-item-title\"><a href=\"https:\/\/exame.abril.com.br\/brasil\/pgr-pede-investigacao-sobre-agressoes-a-jornalistas-em-ato-no-planalto\/\">PGR pede investiga\u00e7\u00e3o sobre agress\u00f5es a jornalistas em ato no Planalto<\/a><\/span><span class=\"widget-news-item-date\">4 maio 2020 &#8211; 16h05<\/span><\/div>\n<\/li>\n<li class=\"widget-news-item without-thumb with-border\">\n<div class=\"widget-news-info\"><a href=\"http:\/\/exame.abril.com.br\/brasil\">Brasil<\/a><span class=\"widget-news-item-title\"><a href=\"https:\/\/exame.abril.com.br\/brasil\/bolsonaro-diz-nao-ter-visto-agressao-em-protesto-e-culpa-infiltrados\/\">Bolsonaro diz n\u00e3o ter visto agress\u00e3o em protesto e culpa &#8220;infiltrados&#8221;<\/a><\/span><span class=\"widget-news-item-date\">4 maio 2020 &#8211; 09h05<\/span><\/div>\n<\/li>\n<\/ul>\n<\/div>\n<p>O presidente do Supremo lembrou que a pandemia traz \u201creflexos dram\u00e1ticos na vida de in\u00fameros brasileiros\u201d. Segundo ele, o trabalho da imprensa \u00e9 de \u201cexcel\u00eancia\u201d na propaga\u00e7\u00e3o de \u201cinforma\u00e7\u00f5es necess\u00e1rias \u00e0 preven\u00e7\u00e3o da sociedade\u201d. Toffoli tamb\u00e9m defendeu que os Poderes atuem em harmonia. E que eventuais diverg\u00eancias s\u00e3o parte do \u201cjogo democr\u00e1tico\u201d.<\/p>\n<p>&#8211;\u00a0 Mais do que nunca, \u00e9 momento de uni\u00e3o. Devemos prestigiar a conc\u00f3rdia, a toler\u00e2ncia e o di\u00e1logo, bem como exercitar a solidariedade e o esp\u00edrito coletivo. \u00c9 momento de harmonia, de equil\u00edbrio e de a\u00e7\u00e3o coordenada entre as institui\u00e7\u00f5es e os Poderes da Rep\u00fablica. As diverg\u00eancias existem, pois elas s\u00e3o naturais na democracia. Na democracia, as diverg\u00eancias s\u00e3o equacionadas pelas vias institucionais adequadas, preestabelecidas na Constitui\u00e7\u00e3o, a qual dita as regras do jogo democr\u00e1tico &#8211;\u00a0 disse.<\/p>\n<p>Toffoli tamb\u00e9m fez contundente defesa da liberdade de imprensa:<\/p>\n<p>&#8211;\u00a0 No \u00faltimo dia 3 de maio, em Bras\u00edlia, profissionais de imprensa foram agredidos quando faziam a cobertura jornal\u00edstica de uma manifesta\u00e7\u00e3o pol\u00edtica. Foram agredidos os profissionais e foi agredida a democracia. Lembro que, no dia 3 de maio, celebra-se o Dia da Liberdade de Imprensa. Trata-se, portanto, de data de elevada import\u00e2ncia em um Estado Democr\u00e1tico de Direito, o que torna as agress\u00f5es ainda mais lament\u00e1veis e intoler\u00e1veis.<\/p>\n<p>Segundo o presidente do STF, as agress\u00f5es aos profissionais de imprensa devem ser apuradas.<\/p>\n<p>&#8211; Em nome da Corte, gostaria de deixar registrado o nosso rep\u00fadio a todo e qualquer tipo de agress\u00e3o aos profissionais da imprensa, devendo a conduta dos agressores ser devidamente apurada pelas autoridades competentes. Sem imprensa livre, n\u00e3o h\u00e1 liberdade de express\u00e3o e de informa\u00e7\u00e3o. Sem imprensa livre, n\u00e3o h\u00e1 democracia &#8211; afirmou.<\/p>\n<p><br \/>\n<br \/><a href=\"https:\/\/exame.abril.com.br\/brasil\/nao-ha-solucao-para-a-crise-fora-da-democracia-diz-toffoli\/\">Fonte do artigo <\/a><br \/>\nTags:<br \/>\n#politica #political #negocios #business #marketingdigital #empreendedorismo #marketing #emprendedores #empreender #sucesso #empresas #emprendimiento #emprendedor #empreendedor #emprender #dinheiro #dinero #empresario #vendas #liderazgo #motivacion #foco #motivacao #negocio #brasil<\/p>\n","protected":false},"excerpt":{"rendered":"<p>O presidente do Supremo Tribunal Federal (STF), ministro Dias Toffoli, fez discurso no in\u00edcio da sess\u00e3o plen\u00e1ria desta quarta-feira em rep\u00fadio aos ataques \u00e0 Corte e \u00e0s agress\u00f5es a profissionais de imprensa ocorridos no \u00faltimo domingo, em um protesto na frente do Pal\u00e1cio do Planalto. Os manifestantes clamaram pelo fechamento do Supremo e agrediram rep\u00f3rteres [&hellip;]<\/p>\n","protected":false},"author":1,"featured_media":49627,"comment_status":"open","ping_status":"open","sticky":false,"template":"","format":"standard","meta":{"footnotes":""},"categories":[1],"tags":[],"class_list":["post-49626","post","type-post","status-publish","format-standard","has-post-thumbnail","hentry","category-curso-de-copy"],"_links":{"self":[{"href":"https:\/\/wiy.com.br\/noticias\/wp-json\/wp\/v2\/posts\/49626","targetHints":{"allow":["GET"]}}],"collection":[{"href":"https:\/\/wiy.com.br\/noticias\/wp-json\/wp\/v2\/posts"}],"about":[{"href":"https:\/\/wiy.com.br\/noticias\/wp-json\/wp\/v2\/types\/post"}],"author":[{"embeddable":true,"href":"https:\/\/wiy.com.br\/noticias\/wp-json\/wp\/v2\/users\/1"}],"replies":[{"embeddable":true,"href":"https:\/\/wiy.com.br\/noticias\/wp-json\/wp\/v2\/comments?post=49626"}],"version-history":[{"count":0,"href":"https:\/\/wiy.com.br\/noticias\/wp-json\/wp\/v2\/posts\/49626\/revisions"}],"wp:featuredmedia":[{"embeddable":true,"href":"https:\/\/wiy.com.br\/noticias\/wp-json\/wp\/v2\/media\/49627"}],"wp:attachment":[{"href":"https:\/\/wiy.com.br\/noticias\/wp-json\/wp\/v2\/media?parent=49626"}],"wp:term":[{"taxonomy":"category","embeddable":true,"href":"https:\/\/wiy.com.br\/noticias\/wp-json\/wp\/v2\/categories?post=49626"},{"taxonomy":"post_tag","embeddable":true,"href":"https:\/\/wiy.com.br\/noticias\/wp-json\/wp\/v2\/tags?post=49626"}],"curies":[{"name":"wp","href":"https:\/\/api.w.org\/{rel}","templated":true}]}}