{"id":49521,"date":"2023-02-26T15:30:35","date_gmt":"2023-02-26T18:30:35","guid":{"rendered":"https:\/\/wiy.com.br\/noticias\/inquerito-vai-apurar-consequencias-de-bloqueios-de-ruas-e-avenidas-em-sp\/"},"modified":"2020-05-05T18:47:45","modified_gmt":"2020-05-05T21:47:45","slug":"inquerito-vai-apurar-consequencias-de-bloqueios-de-ruas-e-avenidas-em-sp","status":"publish","type":"post","link":"https:\/\/wiy.com.br\/noticias\/inquerito-vai-apurar-consequencias-de-bloqueios-de-ruas-e-avenidas-em-sp\/","title":{"rendered":"Inqu\u00e9rito vai apurar consequ\u00eancias de bloqueios de ruas e avenidas em SP"},"content":{"rendered":"<p> <br \/>\n<\/p>\n<p>A\u00a0<strong>prefeitura de S\u00e3o Paulo\u00a0<\/strong>adotou uma nova medida para estimular o isolamento social nesta pandemia por Covid-19: na segunda-feira (4), vias da cidade foram\u00a0<strong>bloqueadas<\/strong> no hor\u00e1rio de pico. A decis\u00e3o visa restringir a circula\u00e7\u00e3o de ve\u00edculos e ampliar a taxa de distanciamento na capital paulista. Agora, a\u00a0<strong>Promotoria de Justi\u00e7a de Habita\u00e7\u00e3o e Urbanismo da Capital\u00a0<\/strong>instaurou um inqu\u00e9rito para apurar as consequ\u00eancias das restri\u00e7\u00f5es de ruas e avenidas.<\/p>\n<p>O inqu\u00e9rito civil foi instaurado nesta ter\u00e7a-feira (5) para\u00a0<strong>apurar os reflexos da implementa\u00e7\u00e3o de bloqueio de avenidas e ruas de S\u00e3o Paulo<\/strong>. Foram pedidos esclarecimentos \u00e0 Companhia de Engenharia de Tr\u00e1fego (CET) quanto aos estudos t\u00e9cnicos da \u00e1rea de tr\u00e1fego e de sa\u00fade que embasaram a ado\u00e7\u00e3o da medida de bloqueio das avenidas Moreira Guimar\u00e3es, Santos Dumont, Radial Leste e Francisco Morato. A promotoria questiona ainda &#8220;se h\u00e1 estudos visando amplia\u00e7\u00e3o do bloqueio para outras vias ou a realiza\u00e7\u00e3o de adequa\u00e7\u00f5es no procedimento, se os estudos e planejamento da medida em quest\u00e3o levaram em conta os reflexos e interfer\u00eancias eventuais com o regime de rod\u00edzio de ve\u00edculos&#8221;, informa o comunicado.<\/p>\n<p>A promotoria questiona ainda as consequ\u00eancias previstas na &#8220;circula\u00e7\u00e3o de pedestres, profissionais de sa\u00fade, ve\u00edculos de transporte coletivo e ve\u00edculo que atendem a situa\u00e7\u00f5es emergenciais de sa\u00fade e seguran\u00e7a p\u00fablica&#8221;, al\u00e9m de outros servi\u00e7os essenciais. O inqu\u00e9rito tamb\u00e9m argumenta que os bloqueios em S\u00e3o Paulo acabaram por &#8220;causar congestionamentos e indesej\u00e1veis dificuldades para a circula\u00e7\u00e3o em geral, inclusive de ambul\u00e2ncias, resultado que, a princ\u00edpio, pode gerar reflexos negativos para o combate \u00e0 pandemia em quest\u00e3o, al\u00e9m de consequ\u00eancias para a ordem urban\u00edstica&#8221;.<\/p>\n<div class=\"widget-news widget-box no-margin no-border\"><span class=\"widget-news-title content-box-title\">Veja tamb\u00e9m<\/span><\/p>\n<ul class=\"widget-news-list\">\n<li class=\"widget-news-item without-thumb with-border\">\n<div class=\"widget-news-info\"><a href=\"http:\/\/vejasp.abril.com.br\/saude\">Sa\u00fade<\/a><span class=\"widget-news-item-title\"><a href=\"https:\/\/vejasp.abril.com.br\/saude\/butantan-busca-desenvolver-vacina-alternativa-contra-covid-19\/\">Butantan busca desenvolver vacina alternativa contra Covid-19<\/a><\/span><span class=\"widget-news-item-date\">5 maio 2020 &#8211; 11h05<\/span><\/div>\n<\/li>\n<\/ul>\n<\/div>\n<p><br \/>\n<br \/><a href=\"https:\/\/vejasp.abril.com.br\/cidades\/inquerito-vai-apurar-consequencias-de-bloqueios-de-ruas-e-avenidas-em-sp\/\">Fonte do Artigo <\/a><br \/>\nTags:<br \/>\n#loterias #loteriascaixa #megasena #resultadoapostas#noticias #noticiario  #noticia #brasil #noticiascolombia #mundo #esporte #colombia #noticiadeld #ltimasnoticias  #noticiario #noticiasregionales #noticiasdepartamentales #noticiashoy #esportes #noticiaahora #elinformantenoticias #noticiasdeboyac  #esporteinterativo #esportivo #diariodosesportes  #noticiero  #jogodefutebol #jogos #loto #apostas<\/p>\n","protected":false},"excerpt":{"rendered":"<p>A\u00a0prefeitura de S\u00e3o Paulo\u00a0adotou uma nova medida para estimular o isolamento social nesta pandemia por Covid-19: na segunda-feira (4), vias da cidade foram\u00a0bloqueadas no hor\u00e1rio de pico. A decis\u00e3o visa restringir a circula\u00e7\u00e3o de ve\u00edculos e ampliar a taxa de distanciamento na capital paulista. Agora, a\u00a0Promotoria de Justi\u00e7a de Habita\u00e7\u00e3o e Urbanismo da Capital\u00a0instaurou um [&hellip;]<\/p>\n","protected":false},"author":1,"featured_media":42222,"comment_status":"open","ping_status":"open","sticky":false,"template":"","format":"standard","meta":{"footnotes":""},"categories":[1],"tags":[],"class_list":["post-49521","post","type-post","status-publish","format-standard","has-post-thumbnail","hentry","category-curso-de-copy"],"_links":{"self":[{"href":"https:\/\/wiy.com.br\/noticias\/wp-json\/wp\/v2\/posts\/49521","targetHints":{"allow":["GET"]}}],"collection":[{"href":"https:\/\/wiy.com.br\/noticias\/wp-json\/wp\/v2\/posts"}],"about":[{"href":"https:\/\/wiy.com.br\/noticias\/wp-json\/wp\/v2\/types\/post"}],"author":[{"embeddable":true,"href":"https:\/\/wiy.com.br\/noticias\/wp-json\/wp\/v2\/users\/1"}],"replies":[{"embeddable":true,"href":"https:\/\/wiy.com.br\/noticias\/wp-json\/wp\/v2\/comments?post=49521"}],"version-history":[{"count":0,"href":"https:\/\/wiy.com.br\/noticias\/wp-json\/wp\/v2\/posts\/49521\/revisions"}],"wp:featuredmedia":[{"embeddable":true,"href":"https:\/\/wiy.com.br\/noticias\/wp-json\/wp\/v2\/media\/42222"}],"wp:attachment":[{"href":"https:\/\/wiy.com.br\/noticias\/wp-json\/wp\/v2\/media?parent=49521"}],"wp:term":[{"taxonomy":"category","embeddable":true,"href":"https:\/\/wiy.com.br\/noticias\/wp-json\/wp\/v2\/categories?post=49521"},{"taxonomy":"post_tag","embeddable":true,"href":"https:\/\/wiy.com.br\/noticias\/wp-json\/wp\/v2\/tags?post=49521"}],"curies":[{"name":"wp","href":"https:\/\/api.w.org\/{rel}","templated":true}]}}