{"id":49393,"date":"2023-02-26T15:02:31","date_gmt":"2023-02-26T18:02:31","guid":{"rendered":"https:\/\/wiy.com.br\/noticias\/a-crise-financeira-se-alastra-e-aumenta-risco-de-implosao-da-zona-do-euro\/"},"modified":"2020-05-04T12:50:09","modified_gmt":"2020-05-04T15:50:09","slug":"a-crise-financeira-se-alastra-e-aumenta-risco-de-implosao-da-zona-do-euro","status":"publish","type":"post","link":"https:\/\/wiy.com.br\/noticias\/a-crise-financeira-se-alastra-e-aumenta-risco-de-implosao-da-zona-do-euro\/","title":{"rendered":"A crise financeira se alastra e aumenta risco de implos\u00e3o da Zona do Euro"},"content":{"rendered":"<p> <br \/>\n<\/p>\n<div id=\"\">\n<p>Com um rastro de mais de 100\u2009000 mortos e uma devasta\u00e7\u00e3o econ\u00f4mica sem precedentes, a pandemia do novo coronav\u00edrus tem provocado uma desagrad\u00e1vel sensa\u00e7\u00e3o de <em>d\u00e9j\u00e0-vu<\/em> no continente europeu. Encastelados em Bruxelas, cidade-sede do maior bloco econ\u00f4mico do planeta, os dirigentes da uni\u00e3o pol\u00edtica e econ\u00f4mica tentam controlar uma estrutura marcada por rachaduras e pela disc\u00f3rdia entre seus membros \u2014 exatamente como aconteceu h\u00e1 doze anos, logo depois do furac\u00e3o marcado pela crise global de 2008. Enquanto as na\u00e7\u00f5es mais atingidas pela virose originada na China cobram medidas mais amplas para fazer frente \u00e0 cat\u00e1strofe que se instalou em seus territ\u00f3rios, os pa\u00edses do Norte rico seguem reticentes a fazer concess\u00f5es e desviar-se das bases econ\u00f4micas que caracterizam o bloco. A ciz\u00e2nia traz ainda outro componente indigesto: o inevit\u00e1vel balan\u00e7o sobre quem ganha e quem perde com a abdica\u00e7\u00e3o da soberania na gest\u00e3o da pol\u00edtica monet\u00e1ria em nome da moeda \u00fanica entre os dezenove pa\u00edses da Zona do Euro. Profundamente afetada pela Covid-19, a It\u00e1lia surge como a maior perdedora nesse embate e a mais s\u00e9ria candidata a abandonar o projeto de integra\u00e7\u00e3o monet\u00e1ria \u2014 e at\u00e9 o pr\u00f3prio bloco \u2014, uma vez que ainda se ressente dos impactos da crise anterior. Caso isso aconte\u00e7a, o efeito tende a ser grande e apresentar consequ\u00eancias t\u00e3o traum\u00e1ticas quanto a sa\u00edda do Reino Unido do grupo, o chamado Brexit.<\/p>\n<p>A situa\u00e7\u00e3o da It\u00e1lia come\u00e7ou a provocar mal-estar entre seus pares no in\u00edcio de abril, quando a presidente da Comiss\u00e3o Europeia, Ursula von der Leyen, oficializou um pedido de desculpas a Roma. Na ocasi\u00e3o, ela disse que o bloco n\u00e3o teve agilidade e coes\u00e3o suficientes para socorrer o pa\u00eds na fase mais cr\u00edtica da pandemia. \u201cIsso foi prejudicial e poderia ter sido evitado\u201d, declarou. Passado praticamente um m\u00eas, ainda n\u00e3o h\u00e1 consenso sobre como se dar\u00e1 o socorro financeiro. Os italianos acreditam que o pronunciamento se tratou apenas de ret\u00f3rica. Para eles, a conduta das na\u00e7\u00f5es tem se pautado no cada um por si e o sinal mais claro disso \u00e9 a resist\u00eancia ferrenha da Alemanha e da Holanda \u00e0 emiss\u00e3o dos chamados \u201ccoronab\u00f4nus\u201d, t\u00edtulos nacionais que financiariam os gastos em escalada de governos j\u00e1 altamente endividados, mas que teriam seu risco compartilhado pelos demais parceiros europeus. \u201cN\u00f3s estamos vivendo o maior choque desde a II Guerra Mundial, e a Europa tem de apresentar uma resposta\u201d, implorou o primeiro-ministro italiano Giuseppe Conte, durante uma reuni\u00e3o dos l\u00edderes do bloco que terminou sem consenso h\u00e1 duas semanas.<\/p>\n<p>Em situa\u00e7\u00e3o fiscal mais confort\u00e1vel, a Fran\u00e7a j\u00e1 sinalizou total apoio aos coronab\u00f4nus. E veio justamente do presidente Emmanuel Macron o alerta mais contundente sobre os riscos de esfacelamento do bloco e da Zona do Euro no p\u00f3s-pandemia. Ao levantar a potencial expans\u00e3o do populismo nos pa\u00edses mais atingidos e criticar a vis\u00e3o de que uma Europa unida \u00e9 uma ideia puramente comercial (comum na Alemanha e na Holanda), Macron afirmou ser esta a \u201chora da verdade\u201d. Para ele, h\u00e1 o perigo de a Zona do Euro n\u00e3o sobreviver \u00e0 turbul\u00eancia, o que se estende a todo o bloco em si. \u201cN\u00e3o sei como ser\u00e1 isso, mas o risco \u00e9 evidente.\u201d<\/p>\n<p>O lan\u00e7amento dos coronab\u00f4nus, em car\u00e1ter tempor\u00e1rio, \u00e9 encarado como a t\u00e1bua de salva\u00e7\u00e3o para os pa\u00edses de economia combalida atenuarem as press\u00f5es dos partidos de extrema direita em nome do nacionalismo e da cis\u00e3o com o bloco. O Fundo Monet\u00e1rio Internacional (FMI) projeta que apenas a It\u00e1lia sofrer\u00e1 uma queda de 9,1% no produto interno bruto (PIB) neste ano \u2014 \u00edndice maior do que a estimativa de queda de 7,5% para toda a Zona do Euro. O desemprego deve se aproximar de 12% e a d\u00edvida bruta nacional alcan\u00e7ar\u00e1 155% do PIB, em um contexto de inevit\u00e1vel explos\u00e3o do d\u00e9ficit p\u00fablico justamente em um momento em que parecia relativamente controlado.<\/p>\n<div class=\"ads post-ads\"><span class=\"title\" style=\"display:block\">Continua ap\u00f3s a publicidade<\/span><\/div>\n<p>Se a cria\u00e7\u00e3o da Uni\u00e3o Europeia foi um movimento pol\u00edtico para solidificar a paz no continente, o euro surgiu com a miss\u00e3o de fortalecer a economia do bloco e enfrentar o d\u00f3lar, como uma alternativa de reserva e padr\u00e3o de transa\u00e7\u00f5es internacionais. Os objetivos financeiros, contudo, nunca foram alcan\u00e7ados plenamente. \u201cA emiss\u00e3o dos coronab\u00f4nus ajudaria a It\u00e1lia a rolar sua d\u00edvida, por exemplo, sem cair na tenta\u00e7\u00e3o de ressuscitar a velha lira. Menos valorizada que o euro, a moeda tornaria o pa\u00eds mais competitivo\u201d, afirma Otaviano Canuto, ex-vice-\u00adpresidente do Banco Mundial e o atual diretor do Centro para Macroeconomia e Desenvolvimento, de Washington. \u201cEssa situa\u00e7\u00e3o abre espa\u00e7o para a separa\u00e7\u00e3o, e a resist\u00eancia da Alemanha enfraquece a unidade.\u201d<\/p>\n<p>No esquema de aux\u00edlio desenhado por Bruxelas e sacramentado pelo Norte rico, 240 bilh\u00f5es de euros foram liberados para os estados-membros mais afetados pela pandemia, mas para uso exclusivo na preven\u00e7\u00e3o e conten\u00e7\u00e3o da doen\u00e7a. Os recursos, por\u00e9m, s\u00f3 devem ser disponibilizados a partir de junho. O Banco Central Europeu (BCE) anunciou um programa de compra de 750 bilh\u00f5es de euros em t\u00edtulos da d\u00edvida soberana e de empresas dos membros da Zona do Euro ao longo de 2020. Tamb\u00e9m baixou para -0,5% a taxa b\u00e1sica de juros no bloco e adotou medidas para elevar a capacidade de os bancos concederem empr\u00e9stimos em condi\u00e7\u00f5es acess\u00edveis aos empres\u00e1rios \u2014 uma tentativa de evitar uma quebradeira generalizada dos neg\u00f3cios. A preocupa\u00e7\u00e3o \u00e9 que o est\u00edmulo monet\u00e1rio para aumentar a liquidez de bancos e de empresas, o chamado quantitative easing, exponha a regi\u00e3o ao limite do teto de infla\u00e7\u00e3o, de 2% ao ano. O FMI projeta uma alta dos pre\u00e7os de 0,2% para a Zona do Euro neste ano, o que traz outra amea\u00e7a, a defla\u00e7\u00e3o.<\/p>\n<p>Na lista dos pa\u00edses postos de joelhos pela Covid-19, a Espanha calcula que a ajuda europeia \u00e9 insuficiente para o tamanho da crise no continente e pede uma inje\u00e7\u00e3o de 1,5 trilh\u00e3o de euros. Ursula von der Leyen est\u00e1 de acordo, mas segue de m\u00e3os atadas pela posi\u00e7\u00e3o de governos mais refrat\u00e1rios a concess\u00f5es, como o de Angela Merkel. Paralelamente, os Estados Unidos, beneficiados por um pacote de 3 trilh\u00f5es de d\u00f3lares proposto pelo governo de Donald Trump, come\u00e7am a atrair investidores at\u00e9 ent\u00e3o com ativos aplicados na Europa e que procuram a seguran\u00e7a dos t\u00edtulos do Tesouro americano. Christine Lagarde, presidente do BCE, j\u00e1 afirmou que \u201cmomentos extraordin\u00e1rios exigem a\u00e7\u00f5es extraordin\u00e1rias\u201d, ao buscar meios de prote\u00e7\u00e3o ao euro. Analistas, entretanto, consideram sua margem de manobra ex\u00edgua em compara\u00e7\u00e3o a 2008. \u201cA sensa\u00e7\u00e3o \u00e9 que vemos o come\u00e7o do fim da Uni\u00e3o Europeia. Esta crise voltou a destacar a divis\u00e3o entre os Estados do Sul e os do Norte, e o peso da hegemonia alem\u00e3\u201d, diz Josepha Laroche, cientista pol\u00edtica da Universidade Panth\u00e9on-Sorbonne. Ao que tudo indica, a solu\u00e7\u00e3o para a crise passa pela converg\u00eancia entre Alemanha e Fran\u00e7a, algo que at\u00e9 agora parece remoto.<\/p>\n<p><!--td {border: 1px solid #ccc;}br {mso-data-placement:same-cell;}--><b>Publicado em VEJA de 6 de maio de 2020, <a href=\"https:\/\/veja.abril.com.br\/edicoes-veja\/2685\/\">edi\u00e7\u00e3o n\u00ba 2685<\/a><\/b><\/p>\n<\/p><\/div>\n<p><br \/>\n<br \/><a href=\"https:\/\/veja.abril.com.br\/economia\/a-crise-financeira-se-alastra-e-aumenta-risco-de-implosao-da-zona-do-euro\/\">Fonte do Artigo<\/a><br \/>\nTags: <\/p>\n<p><a title=\"IBJE\" href=\"https:\/\/ibge.gov.br\/\">#IBJE<\/a> <a title=\"FGV\" href=\"https:\/\/portal.fgv.br\/\">#FGV<\/a> <a title=\"LOTOFACIL\" href=\"http:\/\/loterias.caixa.gov.br\/wps\/portal\/loterias\/landing\/lotofacil\/\">#LOTOFACIL<\/a> <a title=\"TINDER\" href=\"https:\/\/tinder.com\/?lang=pt-BR\">#TINDER<\/a> <a title=\"GMAILGOOGLE\" href=\"https:\/\/mail.google.com\">#GMAILGOOGLE<\/a> <a title=\"TIKTOK\" href=\"https:\/\/www.tiktok.com\/pt_BR\/\">#TIKTOK<\/a><\/p>\n","protected":false},"excerpt":{"rendered":"<p>Com um rastro de mais de 100\u2009000 mortos e uma devasta\u00e7\u00e3o econ\u00f4mica sem precedentes, a pandemia do novo coronav\u00edrus tem provocado uma desagrad\u00e1vel sensa\u00e7\u00e3o de d\u00e9j\u00e0-vu no continente europeu. Encastelados em Bruxelas, cidade-sede do maior bloco econ\u00f4mico do planeta, os dirigentes da uni\u00e3o pol\u00edtica e econ\u00f4mica tentam controlar uma estrutura marcada por rachaduras e pela [&hellip;]<\/p>\n","protected":false},"author":1,"featured_media":49394,"comment_status":"open","ping_status":"open","sticky":false,"template":"","format":"standard","meta":{"footnotes":""},"categories":[7],"tags":[],"class_list":["post-49393","post","type-post","status-publish","format-standard","has-post-thumbnail","hentry","category-economia"],"_links":{"self":[{"href":"https:\/\/wiy.com.br\/noticias\/wp-json\/wp\/v2\/posts\/49393","targetHints":{"allow":["GET"]}}],"collection":[{"href":"https:\/\/wiy.com.br\/noticias\/wp-json\/wp\/v2\/posts"}],"about":[{"href":"https:\/\/wiy.com.br\/noticias\/wp-json\/wp\/v2\/types\/post"}],"author":[{"embeddable":true,"href":"https:\/\/wiy.com.br\/noticias\/wp-json\/wp\/v2\/users\/1"}],"replies":[{"embeddable":true,"href":"https:\/\/wiy.com.br\/noticias\/wp-json\/wp\/v2\/comments?post=49393"}],"version-history":[{"count":0,"href":"https:\/\/wiy.com.br\/noticias\/wp-json\/wp\/v2\/posts\/49393\/revisions"}],"wp:featuredmedia":[{"embeddable":true,"href":"https:\/\/wiy.com.br\/noticias\/wp-json\/wp\/v2\/media\/49394"}],"wp:attachment":[{"href":"https:\/\/wiy.com.br\/noticias\/wp-json\/wp\/v2\/media?parent=49393"}],"wp:term":[{"taxonomy":"category","embeddable":true,"href":"https:\/\/wiy.com.br\/noticias\/wp-json\/wp\/v2\/categories?post=49393"},{"taxonomy":"post_tag","embeddable":true,"href":"https:\/\/wiy.com.br\/noticias\/wp-json\/wp\/v2\/tags?post=49393"}],"curies":[{"name":"wp","href":"https:\/\/api.w.org\/{rel}","templated":true}]}}