{"id":49354,"date":"2023-02-26T14:53:10","date_gmt":"2023-02-26T17:53:10","guid":{"rendered":"https:\/\/wiy.com.br\/noticias\/em-brasilandia-area-de-sp-mais-afetada-pela-covid-19-isolamento-e-luxo\/"},"modified":"2020-05-03T10:34:10","modified_gmt":"2020-05-03T13:34:10","slug":"em-brasilandia-area-de-sp-mais-afetada-pela-covid-19-isolamento-e-luxo","status":"publish","type":"post","link":"https:\/\/wiy.com.br\/noticias\/em-brasilandia-area-de-sp-mais-afetada-pela-covid-19-isolamento-e-luxo\/","title":{"rendered":"Em Brasil\u00e2ndia, \u00e1rea de SP mais afetada pela covid-19, isolamento \u00e9 luxo"},"content":{"rendered":"<p> <br \/>\n<\/p>\n<p>S\u00c3O PAULO \u2014 Por volta das 14h da \u00faltima quarta-feira, um jovem de cerca de 20 anos, com a m\u00e1scara pendurada no pesco\u00e7o, chegou ao posto de sa\u00fade Vila Galv\u00e3o, no distrito de Brasil\u00e2ndia, em S\u00e3o Paulo, com falta de ar. Um clima de apreens\u00e3o se instalou entre funcion\u00e1rios e demais pacientes que aguardavam atendimento. Conduzido para fora do pr\u00e9dio, ele passou pela triagem de um enfermeiro com jaleco, m\u00e1scara e protetor facial. A ordem na parte interna era evitar aglomera\u00e7\u00e3o e aproxima\u00e7\u00e3o de casos suspeitos. Nos \u00faltimos tempos, o posto do bairro da periferia tem realizado at\u00e9 200 atendimentos por dia \u2014 praticamente todos de <strong><a href=\"https:\/\/exame.abril.com.br\/noticias-sobre\/coronavirus\">covid-19<\/a><\/strong>.<\/p>\n<p>O curioso \u00e9 que as <a href=\"https:\/\/exame.abril.com.br\/brasil\/ocupacao-de-uti-supera-70-em-estados\/\">filas na porta<\/a>, t\u00e3o comuns no per\u00edodo pr\u00e9-pandemia, desapareceram. Motivo: pacientes de outras doen\u00e7as evitam pisar ali por medo de cont\u00e1gio. O temor dos funcion\u00e1rios \u00e9 de o sistema entrar em colapso com o avan\u00e7o do novo coronav\u00edrus nas redondezas.<\/p>\n<p>Localizada no extremo norte da cidade de S\u00e3o Paulo, Brasil\u00e2ndia \u00e9 o s\u00e9timo distrito mais populoso entre os 96 da capital. Seus 264.918 habitantes, no entanto, s\u00e3o submetidos a rankings bem mais amargos. Segundo o Mapa de Desigualdade da Rede Nossa S\u00e3o Paulo, \u00e9 a regi\u00e3o paulistana com a segunda maior propor\u00e7\u00e3o de resid\u00eancias em favelas (29,6%) e o quinto pior \u00edndice de emprego formal: 4,7% dos moradores economicamente ativos. Recentemente, Brasil\u00e2ndia tamb\u00e9m passou a liderar uma tabela ainda menos honrosa: \u00e9 o distrito da cidade com mais mortes por coronav\u00edrus \u2014 81 entre confirmadas e suspeitas.<\/p>\n<p>Ao contr\u00e1rio de bairros mais ricos da regi\u00e3o central, <a href=\"https:\/\/exame.abril.com.br\/brasil\/isolamento-cai-em-22-dos-27-estados-antes-de-relaxamento-da-quarentena\/\">n\u00e3o h\u00e1 sinal de isolamento social<\/a>. Boa parte do com\u00e9rcio de rua segue aberto e com filas na parte externa. Na \u00faltima quarta-feira, uma feira livre reunia mais de 50 barracas na Rua Spencer Vampr\u00e9, no miolo do distrito. Entre clientes e feirantes, muitos usavam m\u00e1scaras, mas penduravam o equipamento no pesco\u00e7o na compra de frutas e verduras.<\/p>\n<h3>Romaria sem diagn\u00f3stico<\/h3>\n<p>Familiares de v\u00edtimas da pandemia na Brasil\u00e2ndia reclamam da resposta do poder p\u00fablico \u2014 no tratamento m\u00e9dico e tamb\u00e9m na falta de ajuda financeira. Sem emprego h\u00e1 dois meses com o fechamento da lanchonete onde era balconista, Irla Santos, de 37 anos, lida com dramas em sucess\u00e3o. A come\u00e7ar pelo cont\u00e1gio do irm\u00e3o Fernando, internado na UTI do Hospital das Cl\u00ednicas ap\u00f3s uma semana de idas e vindas a postos de <strong><a href=\"https:\/\/exame.abril.com.br\/noticias-sobre\/saude\">sa\u00fade<\/a> <\/strong>com sintomas de covid-19 \u2014 com falta de ar, partes de seu rosto, p\u00e9s e m\u00e3os ficaram arroxeados. Ap\u00f3s 22 dias entubado, n\u00e3o h\u00e1 previs\u00e3o de alta.<\/p>\n<p>Dias ap\u00f3s a interna\u00e7\u00e3o de Fernando, foi a vez de Irla enfrentar a romaria pelos postos de sa\u00fade com febre e dores no corpo. Sem falta de ar, ela n\u00e3o teve acesso a testes nem a interna\u00e7\u00e3o. O tratamento foi o de uma gripe forte: inje\u00e7\u00f5es do antibi\u00f3tico benzetacil e analg\u00e9sicos como dipirona. Em meio \u00e0 suspeita de contamina\u00e7\u00e3o na fam\u00edlia, dois de seus filhos pequenos mudaram-se para a casa dos tios numa cidade vizinha. Ao lado dela ficou o mais velho, de 19 anos, cozinheiro numa lanchonete que est\u00e1 aberta por trabalhar apenas com entrega. A renda familiar, pouco mais de R$ 2 mil antes da pandemia, caiu pela metade.<\/p>\n<p>\u2014 O povo sabe que est\u00e1 errado ficar na rua e o com\u00e9rcio funcionar, mas precisa de dinheiro para sobreviver \u2014 diz Irla, que n\u00e3o conseguiu os R$ 600 do governo federal por ter trabalhado por um tempo com a carteira assinada.<a href=\"http:\/\/oglobo.globo.com\/sociedade\/coronavirus\/1004838-considerando-estagio-da-covid-19-nos-paises-mortalidade-no-brasil-esta-distante-das-de-espanha-italia-diz-estudo-24406411\" target=\"_blank\" rel=\"noopener noreferrer\"><\/a><\/p>\n<p>A incerteza acompanha quem perdeu familiares para a pandemia. O t\u00e9cnico em inform\u00e1tica Isaac Honorato, de 19 anos, viu a prima e vizinha Michele, de 23, morrer em 29 de mar\u00e7o com sintomas de Covid-19. O resultado do teste veio um m\u00eas depois e deu inconclusivo. A fam\u00edlia suspeita de erro na coleta do material.<\/p>\n<p>\u2014 A falta de informa\u00e7\u00f5es \u00e9 revoltante. N\u00e3o d\u00e1 para saber se podemos trabalhar \u2014 diz Honorato, que deve voltar em breve a uma loja de TI na Santa Ifig\u00eania, Centro de S\u00e3o Paulo.<\/p>\n<p>A promessa da prefeitura \u00e9 reduzir os problemas neste m\u00eas, com a abertura de um novo hospital na regi\u00e3o. Ser\u00e3o 150 leitos de UTI e 30 de enfermaria, exclusivos para pacientes com Covid-19. No momento, a taxa de ocupa\u00e7\u00e3o em UTIs de hospitais municipais da capital gira em torno de 72%. Enquanto isso, uma estimativa da Federa\u00e7\u00e3o Brasileira de Hospitais aponta que a ociosidade m\u00e9dia de leitos na rede privada do pa\u00eds \u00e9 de cerca de 80%, sendo de 60% no caso de leitos de UTI.<\/p>\n<p>\u2014 As pessoas falam que est\u00e1 tudo lotado, mas \u00e9 s\u00f3 na rede p\u00fablica. Enviamos carta ao minist\u00e9rio para propor uma parceria com os os hospitais particulares \u2014 diz o m\u00e9dico Adelv\u00e2nio Francisco Morato, presidente da entidade.<\/p>\n<h3>Aglomera\u00e7\u00e3o em casa<\/h3>\n<p>A Secretaria Municipal da Sa\u00fade diz que n\u00e3o existem UPAs espec\u00edficas para pacientes de Covid-19. Todos os estabelecimentos de aten\u00e7\u00e3o b\u00e1sica s\u00e3o porta de entrada para pessoas com primeiros sintomas da doen\u00e7a. A prefeitura afirma que desenvolve a\u00e7\u00f5es anticoronav\u00edrus na periferia, que v\u00e3o \u201cde visitas domiciliares \u00e0 instala\u00e7\u00e3o de pias em comunidades vulner\u00e1veis\u201d.<\/p>\n<p>Em coletiva de imprensa, o secret\u00e1rio de estado da Sa\u00fade de S\u00e3o Paulo, Jos\u00e9 Henrique Germann, atribuiu o aumento de casos na periferia da capital paulista \u00e0 aglomera\u00e7\u00e3o dentro das pr\u00f3prias moradias:<\/p>\n<p>\u2014 S\u00e3o muitas pessoas que vivem no mesmo domic\u00edlio. \u00c9 preciso usar m\u00e1scaras para prevenir a transmiss\u00e3o do v\u00edrus de uma pessoa \u00e0 outra.<\/p>\n<p>Para o infectologista Eder Gatti Fernandes, presidente do Simesp, sindicato de 100 mil m\u00e9dicos do estado de S\u00e3o Paulo, o sistema p\u00fablico s\u00f3 n\u00e3o colapsou gra\u00e7as aos hospitais de campanha e \u00e0 reconfigura\u00e7\u00e3o dos leitos em hospitais dedicados quase 100% aos pacientes de Covid-19.<\/p>\n<p>O desafio \u00e9 garantir aos profissionais da rede p\u00fablica as mesmas condi\u00e7\u00f5es de trabalho da rede particular. Desde 17 de mar\u00e7o, o Simesp recebeu 172 den\u00fancias de m\u00e9dicos sobre problemas na infraestrutura dos hospitais no combate \u00e0 pandemia. Desse total, 80% vieram de profissionais de hospitais p\u00fablicos.<\/p>\n<p>\u2014 As queixas mais comuns s\u00e3o de falta de equipamento de seguran\u00e7a e material de higiene \u2014 afirma.<\/p>\n<p><br \/>\n<br \/><a href=\"https:\/\/exame.abril.com.br\/brasil\/em-brasilandia-area-de-sp-mais-afetada-pela-covid-19-isolamento-e-luxo\/\">Fonte do artigo <\/a><br \/>\nTags:<br \/>\n#politica #political #negocios #business #marketingdigital #empreendedorismo #marketing #emprendedores #empreender #sucesso #empresas #emprendimiento #emprendedor #empreendedor #emprender #dinheiro #dinero #empresario #vendas #liderazgo #motivacion #foco #motivacao #negocio #brasil<\/p>\n","protected":false},"excerpt":{"rendered":"<p>S\u00c3O PAULO \u2014 Por volta das 14h da \u00faltima quarta-feira, um jovem de cerca de 20 anos, com a m\u00e1scara pendurada no pesco\u00e7o, chegou ao posto de sa\u00fade Vila Galv\u00e3o, no distrito de Brasil\u00e2ndia, em S\u00e3o Paulo, com falta de ar. Um clima de apreens\u00e3o se instalou entre funcion\u00e1rios e demais pacientes que aguardavam atendimento. [&hellip;]<\/p>\n","protected":false},"author":1,"featured_media":49355,"comment_status":"open","ping_status":"open","sticky":false,"template":"","format":"standard","meta":{"footnotes":""},"categories":[1],"tags":[],"class_list":["post-49354","post","type-post","status-publish","format-standard","has-post-thumbnail","hentry","category-curso-de-copy"],"_links":{"self":[{"href":"https:\/\/wiy.com.br\/noticias\/wp-json\/wp\/v2\/posts\/49354","targetHints":{"allow":["GET"]}}],"collection":[{"href":"https:\/\/wiy.com.br\/noticias\/wp-json\/wp\/v2\/posts"}],"about":[{"href":"https:\/\/wiy.com.br\/noticias\/wp-json\/wp\/v2\/types\/post"}],"author":[{"embeddable":true,"href":"https:\/\/wiy.com.br\/noticias\/wp-json\/wp\/v2\/users\/1"}],"replies":[{"embeddable":true,"href":"https:\/\/wiy.com.br\/noticias\/wp-json\/wp\/v2\/comments?post=49354"}],"version-history":[{"count":0,"href":"https:\/\/wiy.com.br\/noticias\/wp-json\/wp\/v2\/posts\/49354\/revisions"}],"wp:featuredmedia":[{"embeddable":true,"href":"https:\/\/wiy.com.br\/noticias\/wp-json\/wp\/v2\/media\/49355"}],"wp:attachment":[{"href":"https:\/\/wiy.com.br\/noticias\/wp-json\/wp\/v2\/media?parent=49354"}],"wp:term":[{"taxonomy":"category","embeddable":true,"href":"https:\/\/wiy.com.br\/noticias\/wp-json\/wp\/v2\/categories?post=49354"},{"taxonomy":"post_tag","embeddable":true,"href":"https:\/\/wiy.com.br\/noticias\/wp-json\/wp\/v2\/tags?post=49354"}],"curies":[{"name":"wp","href":"https:\/\/api.w.org\/{rel}","templated":true}]}}